{"id":77288,"date":"2021-09-10T11:57:17","date_gmt":"2021-09-10T11:57:17","guid":{"rendered":"http:\/\/folhadosudeste.com\/site\/?p=77288"},"modified":"2021-09-10T11:57:17","modified_gmt":"2021-09-10T11:57:17","slug":"30-novos-casos-de-covid-foram-confirmados-em-muriae-fazendo-o-numero-de-pacientes-ativos-subir-para-70-no-momento","status":"publish","type":"post","link":"https:\/\/folhadosudeste.com\/site\/?p=77288","title":{"rendered":"30 novos casos de covid foram confirmados em Muria\u00e9, fazendo o n\u00famero de pacientes ativos subir para 70 no momento."},"content":{"rendered":"<div id=\":33u\" class=\"ii gt\">\n<div id=\":33t\" class=\"a3s aiL \">\n<div>\n<div>\n<div>\n<div><a href=\"http:\/\/folhadosudeste.com\/site\/wp-content\/uploads\/2021\/09\/09092021.png\"><img loading=\"lazy\" decoding=\"async\" class=\"alignnone size-full wp-image-77289\" src=\"http:\/\/folhadosudeste.com\/site\/wp-content\/uploads\/2021\/09\/09092021.png\" alt=\"\" width=\"1080\" height=\"1080\" srcset=\"https:\/\/folhadosudeste.com\/site\/wp-content\/uploads\/2021\/09\/09092021.png 1080w, https:\/\/folhadosudeste.com\/site\/wp-content\/uploads\/2021\/09\/09092021-150x150.png 150w, https:\/\/folhadosudeste.com\/site\/wp-content\/uploads\/2021\/09\/09092021-300x300.png 300w, https:\/\/folhadosudeste.com\/site\/wp-content\/uploads\/2021\/09\/09092021-768x768.png 768w, https:\/\/folhadosudeste.com\/site\/wp-content\/uploads\/2021\/09\/09092021-1024x1024.png 1024w\" sizes=\"auto, (max-width: 1080px) 100vw, 1080px\" \/><\/a><\/div>\n<div>&nbsp;<\/div>\n<div style=\"text-align: justify;\">Deste total, 27 pessoas est\u00e3o internadas nos hospitais da cidade em raz\u00e3o da doen\u00e7a. Este \u00edndice se divide da seguinte forma:<\/div>\n<div style=\"text-align: justify;\">&nbsp;<\/div>\n<div style=\"text-align: justify;\">ENFERMARIA: 5 pacientes (SUS: 2 |Particular: 3)<\/div>\n<div style=\"text-align: justify;\">UTI &#8211; N\u00c3O INTUBADOS: 13 pacientes (SUS: 7 | Particular: 6)<\/div>\n<div style=\"text-align: justify;\">UTI &#8211; INTUBADOS: 9 pacientes (SUS: 5 | Particular: 4)<\/div>\n<div style=\"text-align: justify;\">&nbsp;<\/div>\n<div style=\"text-align: justify;\">J\u00e1 a m\u00e9dia m\u00f3vel, apenas com dados das \u00faltimas duas semanas, fechou em 11,71 casos di\u00e1rios. O \u00edndice \u00e9 10% superior ao de 14 dias atr\u00e1s, o que ainda indica situa\u00e7\u00e3o de estabilidade na evolu\u00e7\u00e3o da doen\u00e7a &#8211; ainda que com altos e baixos na curva, conforme se v\u00ea no gr\u00e1fico.<\/div>\n<\/div>\n<\/div>\n<\/div>\n<\/div>\n<\/div>\n<p style=\"text-align: justify;\"><!--more--><\/p>\n<div style=\"text-align: justify;\">Vacina\u00e7\u00e3o &#8211; Na sexta-feira, haver\u00e1 aplica\u00e7\u00e3o de segunda dose da Astrazeneca, Coronavac e Pfizer, conforme data agendada no cart\u00e3o de vacinas.<\/div>\n<div style=\"text-align: justify;\">&nbsp;<\/div>\n<div style=\"text-align: justify;\">O atendimento para vacina\u00e7\u00e3o \u00e9 das 8h \u00e0s 11h, nas unidades b\u00e1sicas de sa\u00fade dos bairros Dornelas, Padre Tiago, Planalto, Primavera e S\u00e3o Francisco.<\/div>\n<div style=\"text-align: justify;\">&nbsp;<\/div>\n<div style=\"text-align: justify;\">\u00c9 necess\u00e1rio apresentar o documento de identidade ou CPF, al\u00e9m do cart\u00e3o de vacinas com a comprova\u00e7\u00e3o da primeira dose.<\/div>\n<div style=\"text-align: justify;\">&nbsp;<\/div>\n<div style=\"text-align: justify;\">N\u00fameros completos de hoje (09\/09\/2021):<\/div>\n<div style=\"text-align: justify;\">&nbsp;<\/div>\n<div style=\"text-align: justify;\">VACINA\u00c7\u00c3O<\/div>\n<div style=\"text-align: justify;\">Parcialmente vacinados: 76.259 pessoas (69,71% da popula\u00e7\u00e3o)<\/div>\n<div style=\"text-align: justify;\">Totalmente vacinados: 40.407 pessoas (36,94% da popula\u00e7\u00e3o)<\/div>\n<div style=\"text-align: justify;\">&nbsp;<\/div>\n<div style=\"text-align: justify;\">CASOS<\/div>\n<div style=\"text-align: justify;\">Total de casos confirmados: 11.622 (+30)<\/div>\n<div style=\"text-align: justify;\">Pacientes ativos: 70<\/div>\n<div style=\"text-align: justify;\">Pacientes curados: 11.246<\/div>\n<div style=\"text-align: justify;\">\u00d3bitos: 306<\/div>\n<div style=\"text-align: justify;\">Investigados \/ Monitorados: 49<\/div>\n<div style=\"text-align: justify;\">Negativos: 13.709<\/div>\n<div>&nbsp;<\/div>\n<div><a href=\"http:\/\/folhadosudeste.com\/site\/wp-content\/uploads\/2021\/09\/M\u00c9DIA-M\u00d3VEL-DE-CASOS-E-\u00d3BITOS-\u00daLTIMOS-14-DIAS-10.png\"><img loading=\"lazy\" decoding=\"async\" class=\"alignnone size-full wp-image-77290\" src=\"http:\/\/folhadosudeste.com\/site\/wp-content\/uploads\/2021\/09\/M\u00c9DIA-M\u00d3VEL-DE-CASOS-E-\u00d3BITOS-\u00daLTIMOS-14-DIAS-10.png\" alt=\"\" width=\"1377\" height=\"756\" srcset=\"https:\/\/folhadosudeste.com\/site\/wp-content\/uploads\/2021\/09\/M\u00c9DIA-M\u00d3VEL-DE-CASOS-E-\u00d3BITOS-\u00daLTIMOS-14-DIAS-10.png 1377w, https:\/\/folhadosudeste.com\/site\/wp-content\/uploads\/2021\/09\/M\u00c9DIA-M\u00d3VEL-DE-CASOS-E-\u00d3BITOS-\u00daLTIMOS-14-DIAS-10-300x165.png 300w, https:\/\/folhadosudeste.com\/site\/wp-content\/uploads\/2021\/09\/M\u00c9DIA-M\u00d3VEL-DE-CASOS-E-\u00d3BITOS-\u00daLTIMOS-14-DIAS-10-768x422.png 768w, https:\/\/folhadosudeste.com\/site\/wp-content\/uploads\/2021\/09\/M\u00c9DIA-M\u00d3VEL-DE-CASOS-E-\u00d3BITOS-\u00daLTIMOS-14-DIAS-10-1024x562.png 1024w\" sizes=\"auto, (max-width: 1377px) 100vw, 1377px\" \/><\/a><\/div>\n","protected":false},"excerpt":{"rendered":"<p>&nbsp; Deste total, 27 pessoas est\u00e3o internadas nos hospitais da cidade em raz\u00e3o da doen\u00e7a. Este \u00edndice se divide da seguinte forma: &nbsp; ENFERMARIA: 5 pacientes (SUS: 2 |Particular: 3) UTI &#8211; N\u00c3O INTUBADOS: 13 pacientes (SUS: 7 | Particular: 6) UTI &#8211; INTUBADOS: 9 pacientes (SUS: 5 | Particular: 4) &nbsp; J\u00e1 a m\u00e9dia [&hellip;]<\/p>\n","protected":false},"author":6,"featured_media":0,"comment_status":"open","ping_status":"closed","sticky":false,"template":"","format":"standard","meta":{"_joinchat":[],"footnotes":""},"categories":[1],"tags":[],"class_list":["post-77288","post","type-post","status-publish","format-standard","hentry","category-sem-categoria"],"_links":{"self":[{"href":"https:\/\/folhadosudeste.com\/site\/index.php?rest_route=\/wp\/v2\/posts\/77288","targetHints":{"allow":["GET"]}}],"collection":[{"href":"https:\/\/folhadosudeste.com\/site\/index.php?rest_route=\/wp\/v2\/posts"}],"about":[{"href":"https:\/\/folhadosudeste.com\/site\/index.php?rest_route=\/wp\/v2\/types\/post"}],"author":[{"embeddable":true,"href":"https:\/\/folhadosudeste.com\/site\/index.php?rest_route=\/wp\/v2\/users\/6"}],"replies":[{"embeddable":true,"href":"https:\/\/folhadosudeste.com\/site\/index.php?rest_route=%2Fwp%2Fv2%2Fcomments&post=77288"}],"version-history":[{"count":1,"href":"https:\/\/folhadosudeste.com\/site\/index.php?rest_route=\/wp\/v2\/posts\/77288\/revisions"}],"predecessor-version":[{"id":77291,"href":"https:\/\/folhadosudeste.com\/site\/index.php?rest_route=\/wp\/v2\/posts\/77288\/revisions\/77291"}],"wp:attachment":[{"href":"https:\/\/folhadosudeste.com\/site\/index.php?rest_route=%2Fwp%2Fv2%2Fmedia&parent=77288"}],"wp:term":[{"taxonomy":"category","embeddable":true,"href":"https:\/\/folhadosudeste.com\/site\/index.php?rest_route=%2Fwp%2Fv2%2Fcategories&post=77288"},{"taxonomy":"post_tag","embeddable":true,"href":"https:\/\/folhadosudeste.com\/site\/index.php?rest_route=%2Fwp%2Fv2%2Ftags&post=77288"}],"curies":[{"name":"wp","href":"https:\/\/api.w.org\/{rel}","templated":true}]}}