{"id":77292,"date":"2021-09-10T15:00:58","date_gmt":"2021-09-10T15:00:58","guid":{"rendered":"http:\/\/folhadosudeste.com\/site\/?p=77292"},"modified":"2021-09-10T15:00:58","modified_gmt":"2021-09-10T15:00:58","slug":"prefeitura-reconstroi-ponte-da-ieda","status":"publish","type":"post","link":"https:\/\/folhadosudeste.com\/site\/?p=77292","title":{"rendered":"Prefeitura reconstr\u00f3i Ponte da Ieda"},"content":{"rendered":"<p style=\"text-align: justify;\" align=\"justify\"><a href=\"http:\/\/folhadosudeste.com\/site\/wp-content\/uploads\/2021\/09\/a-ponte-da-Ieda-pronta.2.jpg\"><img loading=\"lazy\" decoding=\"async\" class=\"alignnone size-full wp-image-77293\" src=\"http:\/\/folhadosudeste.com\/site\/wp-content\/uploads\/2021\/09\/a-ponte-da-Ieda-pronta.2.jpg\" alt=\"\" width=\"798\" height=\"540\" srcset=\"https:\/\/folhadosudeste.com\/site\/wp-content\/uploads\/2021\/09\/a-ponte-da-Ieda-pronta.2.jpg 798w, https:\/\/folhadosudeste.com\/site\/wp-content\/uploads\/2021\/09\/a-ponte-da-Ieda-pronta.2-300x203.jpg 300w, https:\/\/folhadosudeste.com\/site\/wp-content\/uploads\/2021\/09\/a-ponte-da-Ieda-pronta.2-768x520.jpg 768w, https:\/\/folhadosudeste.com\/site\/wp-content\/uploads\/2021\/09\/a-ponte-da-Ieda-pronta.2-120x80.jpg 120w, https:\/\/folhadosudeste.com\/site\/wp-content\/uploads\/2021\/09\/a-ponte-da-Ieda-pronta.2-220x150.jpg 220w\" sizes=\"auto, (max-width: 798px) 100vw, 798px\" \/><\/a><\/p>\n<p style=\"text-align: justify;\" align=\"justify\">A hist\u00f3rica \u2018Ponte da Ieda\u2019 que liga a comunidade do Rio Preto ao distrito de Vermelho foi totalmente revitalizada esta semana. A antiga travessia que estava danificada foi desfeita e uma nova estrutura constru\u00edda, pois o local estava impedido de receber ve\u00edculos leves e pesados devido \u00e0s condi\u00e7\u00f5es de precariedade.<\/p>\n<p style=\"text-align: justify;\" align=\"justify\">A Prefeitura de Muria\u00e9 trocou vigas, pranch\u00f5es e refez a parte superior. A ponte que tem 11 metros de extens\u00e3o, possui um intenso tr\u00e1fego de ve\u00edculos diariamente. O percurso \u00e9 utilizado para escoamento da produ\u00e7\u00e3o leiteira, transporte de gado de corte e tr\u00e2nsito di\u00e1rio de \u00f4nibus escolares e de propriet\u00e1rios rurais.<\/p>\n<p style=\"text-align: justify;\" align=\"justify\"><!--more--><\/p>\n<p style=\"text-align: justify;\" align=\"justify\">Toda a estrutura precisava ser renovada.&nbsp;\u201cMuitos moradores do Vermelho seguem por este trecho para chegar as suas resid\u00eancias ou para sair delas e vender&nbsp;as suas&nbsp;mercadorias&nbsp;na cidade.&nbsp;Existe ainda a quest\u00e3o de que, durante os finais de semana, o local possui&nbsp;muita&nbsp;movimenta\u00e7\u00e3o de turistas.&nbsp;Era um servi\u00e7o de urg\u00eancia. Jogamos a ponte&nbsp;no ch\u00e3o e&nbsp;constru\u00edmos outra para oferecer seguran\u00e7a para pedestres e motoristas\u201d, disse o secret\u00e1rio&nbsp;adjunto&nbsp;de&nbsp;Agricultura&nbsp;e Meio Ambiente,&nbsp;Fernando Levati.<\/p>\n<p style=\"text-align: justify;\" align=\"justify\">O projeto da Prefeitura \u00e9 substituir a ponte de madeira por uma de concreto armado, resolvendo, de uma vez por todas, a quest\u00e3o da seguran\u00e7a dos moradores e o tr\u00e2nsito na regi\u00e3o. A travessia est\u00e1 no cronograma de servi\u00e7os da Secretaria de Agricultura e aguarda licita\u00e7\u00e3o para a libera\u00e7\u00e3o da obra.<\/p>\n<p align=\"justify\"><a href=\"http:\/\/folhadosudeste.com\/site\/wp-content\/uploads\/2021\/09\/ponte-da-Ieda-em-curso.jpg\"><img loading=\"lazy\" decoding=\"async\" class=\"alignnone size-full wp-image-77294\" src=\"http:\/\/folhadosudeste.com\/site\/wp-content\/uploads\/2021\/09\/ponte-da-Ieda-em-curso.jpg\" alt=\"\" width=\"1040\" height=\"780\" srcset=\"https:\/\/folhadosudeste.com\/site\/wp-content\/uploads\/2021\/09\/ponte-da-Ieda-em-curso.jpg 1040w, https:\/\/folhadosudeste.com\/site\/wp-content\/uploads\/2021\/09\/ponte-da-Ieda-em-curso-300x225.jpg 300w, https:\/\/folhadosudeste.com\/site\/wp-content\/uploads\/2021\/09\/ponte-da-Ieda-em-curso-768x576.jpg 768w, https:\/\/folhadosudeste.com\/site\/wp-content\/uploads\/2021\/09\/ponte-da-Ieda-em-curso-1024x768.jpg 1024w\" sizes=\"auto, (max-width: 1040px) 100vw, 1040px\" \/><\/a> <a href=\"http:\/\/folhadosudeste.com\/site\/wp-content\/uploads\/2021\/09\/ponte-da-Ieda-restaurada.2.jpg\"><img loading=\"lazy\" decoding=\"async\" class=\"alignnone size-full wp-image-77295\" src=\"http:\/\/folhadosudeste.com\/site\/wp-content\/uploads\/2021\/09\/ponte-da-Ieda-restaurada.2.jpg\" alt=\"\" width=\"1040\" height=\"780\" srcset=\"https:\/\/folhadosudeste.com\/site\/wp-content\/uploads\/2021\/09\/ponte-da-Ieda-restaurada.2.jpg 1040w, https:\/\/folhadosudeste.com\/site\/wp-content\/uploads\/2021\/09\/ponte-da-Ieda-restaurada.2-300x225.jpg 300w, https:\/\/folhadosudeste.com\/site\/wp-content\/uploads\/2021\/09\/ponte-da-Ieda-restaurada.2-768x576.jpg 768w, https:\/\/folhadosudeste.com\/site\/wp-content\/uploads\/2021\/09\/ponte-da-Ieda-restaurada.2-1024x768.jpg 1024w\" sizes=\"auto, (max-width: 1040px) 100vw, 1040px\" \/><\/a><\/p>\n","protected":false},"excerpt":{"rendered":"<p>A hist\u00f3rica \u2018Ponte da Ieda\u2019 que liga a comunidade do Rio Preto ao distrito de Vermelho foi totalmente revitalizada esta semana. A antiga travessia que estava danificada foi desfeita e uma nova estrutura constru\u00edda, pois o local estava impedido de receber ve\u00edculos leves e pesados devido \u00e0s condi\u00e7\u00f5es de precariedade. A Prefeitura de Muria\u00e9 trocou [&hellip;]<\/p>\n","protected":false},"author":6,"featured_media":0,"comment_status":"open","ping_status":"closed","sticky":false,"template":"","format":"standard","meta":{"_joinchat":[],"footnotes":""},"categories":[1],"tags":[],"class_list":["post-77292","post","type-post","status-publish","format-standard","hentry","category-sem-categoria"],"_links":{"self":[{"href":"https:\/\/folhadosudeste.com\/site\/index.php?rest_route=\/wp\/v2\/posts\/77292","targetHints":{"allow":["GET"]}}],"collection":[{"href":"https:\/\/folhadosudeste.com\/site\/index.php?rest_route=\/wp\/v2\/posts"}],"about":[{"href":"https:\/\/folhadosudeste.com\/site\/index.php?rest_route=\/wp\/v2\/types\/post"}],"author":[{"embeddable":true,"href":"https:\/\/folhadosudeste.com\/site\/index.php?rest_route=\/wp\/v2\/users\/6"}],"replies":[{"embeddable":true,"href":"https:\/\/folhadosudeste.com\/site\/index.php?rest_route=%2Fwp%2Fv2%2Fcomments&post=77292"}],"version-history":[{"count":1,"href":"https:\/\/folhadosudeste.com\/site\/index.php?rest_route=\/wp\/v2\/posts\/77292\/revisions"}],"predecessor-version":[{"id":77296,"href":"https:\/\/folhadosudeste.com\/site\/index.php?rest_route=\/wp\/v2\/posts\/77292\/revisions\/77296"}],"wp:attachment":[{"href":"https:\/\/folhadosudeste.com\/site\/index.php?rest_route=%2Fwp%2Fv2%2Fmedia&parent=77292"}],"wp:term":[{"taxonomy":"category","embeddable":true,"href":"https:\/\/folhadosudeste.com\/site\/index.php?rest_route=%2Fwp%2Fv2%2Fcategories&post=77292"},{"taxonomy":"post_tag","embeddable":true,"href":"https:\/\/folhadosudeste.com\/site\/index.php?rest_route=%2Fwp%2Fv2%2Ftags&post=77292"}],"curies":[{"name":"wp","href":"https:\/\/api.w.org\/{rel}","templated":true}]}}