{"id":77306,"date":"2021-09-13T10:55:22","date_gmt":"2021-09-13T10:55:22","guid":{"rendered":"http:\/\/folhadosudeste.com\/site\/?p=77306"},"modified":"2021-09-13T10:55:22","modified_gmt":"2021-09-13T10:55:22","slug":"rua-do-centro-ficara-interditada-para-obras-veja-como-fica-o-transito","status":"publish","type":"post","link":"https:\/\/folhadosudeste.com\/site\/?p=77306","title":{"rendered":"Rua do Centro ficar\u00e1 interditada para obras; veja como fica o tr\u00e2nsito"},"content":{"rendered":"<div id=\":2i\" class=\"ii gt\">\n<div id=\":2h\" class=\"a3s aiL \">\n<div>\n<div>\n<div>\n<div><a href=\"http:\/\/folhadosudeste.com\/site\/wp-content\/uploads\/2021\/09\/desembargador-canedo.png\"><img loading=\"lazy\" decoding=\"async\" class=\"alignnone size-full wp-image-77307\" src=\"http:\/\/folhadosudeste.com\/site\/wp-content\/uploads\/2021\/09\/desembargador-canedo.png\" alt=\"\" width=\"888\" height=\"666\" srcset=\"https:\/\/folhadosudeste.com\/site\/wp-content\/uploads\/2021\/09\/desembargador-canedo.png 888w, https:\/\/folhadosudeste.com\/site\/wp-content\/uploads\/2021\/09\/desembargador-canedo-300x225.png 300w, https:\/\/folhadosudeste.com\/site\/wp-content\/uploads\/2021\/09\/desembargador-canedo-768x576.png 768w\" sizes=\"auto, (max-width: 888px) 100vw, 888px\" \/><\/a><\/div>\n<div>&nbsp;<\/div>\n<div style=\"text-align: justify;\">A rua Desembargador Can\u00eado, no Centro (que d\u00e1 acesso \u00e0 regi\u00e3o da pra\u00e7a S\u00e3o Paulo), ficar\u00e1 temporariamente bloqueada para tr\u00e2nsito a partir da pr\u00f3xima segunda-feira, dia 13 de setembro.<\/div>\n<div style=\"text-align: justify;\">&nbsp;<\/div>\n<div style=\"text-align: justify;\">O motivo \u00e9 a realiza\u00e7\u00e3o de obras de manuten\u00e7\u00e3o nas tubula\u00e7\u00f5es da rede de esgoto. A previs\u00e3o \u00e9 que o trabalho seja conclu\u00eddo em at\u00e9 30 dias.<\/div>\n<div style=\"text-align: justify;\">&nbsp;<\/div>\n<div style=\"text-align: justify;\">Durante todo o tempo em que a rua Desembargador Can\u00eado estiver interditada, o acesso \u00e0 pra\u00e7a, ao Hospital S\u00e3o Paulo e ao bairro S\u00e3o Francisco ser\u00e1 pela rua S\u00e3o Pedro, que ficar\u00e1 com tr\u00e2nsito em m\u00e3o dupla.<\/div>\n<\/div>\n<\/div>\n<\/div>\n<\/div>\n<div class=\"yj6qo\" style=\"text-align: justify;\">&nbsp;<\/div>\n<\/div>\n<div id=\":3c\" class=\"hq gt a10\" style=\"text-align: justify;\">&nbsp;<\/div>\n","protected":false},"excerpt":{"rendered":"<p>&nbsp; A rua Desembargador Can\u00eado, no Centro (que d\u00e1 acesso \u00e0 regi\u00e3o da pra\u00e7a S\u00e3o Paulo), ficar\u00e1 temporariamente bloqueada para tr\u00e2nsito a partir da pr\u00f3xima segunda-feira, dia 13 de setembro. &nbsp; O motivo \u00e9 a realiza\u00e7\u00e3o de obras de manuten\u00e7\u00e3o nas tubula\u00e7\u00f5es da rede de esgoto. A previs\u00e3o \u00e9 que o trabalho seja conclu\u00eddo em [&hellip;]<\/p>\n","protected":false},"author":6,"featured_media":0,"comment_status":"open","ping_status":"closed","sticky":false,"template":"","format":"standard","meta":{"_joinchat":[],"footnotes":""},"categories":[1],"tags":[],"class_list":["post-77306","post","type-post","status-publish","format-standard","hentry","category-sem-categoria"],"_links":{"self":[{"href":"https:\/\/folhadosudeste.com\/site\/index.php?rest_route=\/wp\/v2\/posts\/77306","targetHints":{"allow":["GET"]}}],"collection":[{"href":"https:\/\/folhadosudeste.com\/site\/index.php?rest_route=\/wp\/v2\/posts"}],"about":[{"href":"https:\/\/folhadosudeste.com\/site\/index.php?rest_route=\/wp\/v2\/types\/post"}],"author":[{"embeddable":true,"href":"https:\/\/folhadosudeste.com\/site\/index.php?rest_route=\/wp\/v2\/users\/6"}],"replies":[{"embeddable":true,"href":"https:\/\/folhadosudeste.com\/site\/index.php?rest_route=%2Fwp%2Fv2%2Fcomments&post=77306"}],"version-history":[{"count":1,"href":"https:\/\/folhadosudeste.com\/site\/index.php?rest_route=\/wp\/v2\/posts\/77306\/revisions"}],"predecessor-version":[{"id":77308,"href":"https:\/\/folhadosudeste.com\/site\/index.php?rest_route=\/wp\/v2\/posts\/77306\/revisions\/77308"}],"wp:attachment":[{"href":"https:\/\/folhadosudeste.com\/site\/index.php?rest_route=%2Fwp%2Fv2%2Fmedia&parent=77306"}],"wp:term":[{"taxonomy":"category","embeddable":true,"href":"https:\/\/folhadosudeste.com\/site\/index.php?rest_route=%2Fwp%2Fv2%2Fcategories&post=77306"},{"taxonomy":"post_tag","embeddable":true,"href":"https:\/\/folhadosudeste.com\/site\/index.php?rest_route=%2Fwp%2Fv2%2Ftags&post=77306"}],"curies":[{"name":"wp","href":"https:\/\/api.w.org\/{rel}","templated":true}]}}