{"id":77309,"date":"2021-09-13T10:59:54","date_gmt":"2021-09-13T10:59:54","guid":{"rendered":"http:\/\/folhadosudeste.com\/site\/?p=77309"},"modified":"2021-09-13T10:59:54","modified_gmt":"2021-09-13T10:59:54","slug":"praca-joao-pinheiro-passa-por-revitalizacao","status":"publish","type":"post","link":"https:\/\/folhadosudeste.com\/site\/?p=77309","title":{"rendered":"Pra\u00e7a Jo\u00e3o Pinheiro passa por revitaliza\u00e7\u00e3o"},"content":{"rendered":"<p align=\"justify\"><a href=\"http:\/\/folhadosudeste.com\/site\/wp-content\/uploads\/2021\/09\/pintura-dos-canteiros-da-pra\u00e7a-JP.jpg\"><img loading=\"lazy\" decoding=\"async\" class=\"alignnone size-full wp-image-77310\" src=\"http:\/\/folhadosudeste.com\/site\/wp-content\/uploads\/2021\/09\/pintura-dos-canteiros-da-pra\u00e7a-JP.jpg\" alt=\"\" width=\"1600\" height=\"900\" srcset=\"https:\/\/folhadosudeste.com\/site\/wp-content\/uploads\/2021\/09\/pintura-dos-canteiros-da-pra\u00e7a-JP.jpg 1600w, https:\/\/folhadosudeste.com\/site\/wp-content\/uploads\/2021\/09\/pintura-dos-canteiros-da-pra\u00e7a-JP-300x169.jpg 300w, https:\/\/folhadosudeste.com\/site\/wp-content\/uploads\/2021\/09\/pintura-dos-canteiros-da-pra\u00e7a-JP-768x432.jpg 768w, https:\/\/folhadosudeste.com\/site\/wp-content\/uploads\/2021\/09\/pintura-dos-canteiros-da-pra\u00e7a-JP-1024x576.jpg 1024w\" sizes=\"auto, (max-width: 1600px) 100vw, 1600px\" \/><\/a><\/p>\n<p align=\"justify\">A pra\u00e7a central da cidade, a Jo\u00e3o Pinheiro, est\u00e1 recebendo nova roupagem esta semana (8 a 10). A Secretaria de Obras em parceria com a Agricultura e Meio Ambiente est\u00e1 realizando a pintura dos canteiros e monumentos que comp\u00f5em o espa\u00e7o arquitet\u00f4nico para tornar o local mais agrad\u00e1vel para os muriaeenses.<\/p>\n<p align=\"justify\">As partes em concreto est\u00e3o recebendo o tom cinza chumbo fosco para harmonizar a \u00e1rea de lazer p\u00fablico, deixando mais adequada para o tr\u00e2nsito de pessoas e real\u00e7ando os jardins que oferecem muitas cores em variadas esp\u00e9cies de plantas.<\/p>\n<p align=\"justify\">A revitaliza\u00e7\u00e3o da Pra\u00e7a Jo\u00e3o Pinheiro faz parte da sequ\u00eancia de atividades da coordena\u00e7\u00e3o de paisagismo do munic\u00edpio. De acordo com o respons\u00e1vel pelo setor, Wendel Cruz, tamb\u00e9m ser\u00e1 realizada a poda das palmeiras&nbsp;e a&nbsp;limpeza de folhas velhas&nbsp;para deixar&nbsp;o espa\u00e7o&nbsp;de lazer e confraterniza\u00e7\u00e3o mais apto&nbsp;a receber os moradores e turistas que&nbsp;visitam&nbsp;constantemente&nbsp;o entorno para fazer&nbsp;compras.<\/p>\n<p align=\"justify\"><!--more--><\/p>\n<p align=\"justify\">Outras \u00e1reas tamb\u00e9m veem sendo revigoradas como as&nbsp;regi\u00f5es da Avenida Constantino Pinto&nbsp;(Arma\u00e7\u00e3o) e as proximidades dos&nbsp;Correios,&nbsp;al\u00e9m das atividades estarem&nbsp;fluindo&nbsp;nas&nbsp;margens da BR-116.&nbsp;O cronograma prosseguir\u00e1 com atendimentos&nbsp;\u00e0s&nbsp;pra\u00e7as Hastenreiter e Santana,&nbsp;logo chegando&nbsp;\u00e0s&nbsp;escolas dos bairros&nbsp;Joan\u00f3polis e Dornelas II.<\/p>\n<p align=\"justify\"><a href=\"http:\/\/folhadosudeste.com\/site\/wp-content\/uploads\/2021\/09\/IMG_5904.jpg\"><img loading=\"lazy\" decoding=\"async\" class=\"alignnone size-full wp-image-77311\" src=\"http:\/\/folhadosudeste.com\/site\/wp-content\/uploads\/2021\/09\/IMG_5904.jpg\" alt=\"\" width=\"2048\" height=\"1536\" srcset=\"https:\/\/folhadosudeste.com\/site\/wp-content\/uploads\/2021\/09\/IMG_5904.jpg 2048w, https:\/\/folhadosudeste.com\/site\/wp-content\/uploads\/2021\/09\/IMG_5904-300x225.jpg 300w, https:\/\/folhadosudeste.com\/site\/wp-content\/uploads\/2021\/09\/IMG_5904-768x576.jpg 768w, https:\/\/folhadosudeste.com\/site\/wp-content\/uploads\/2021\/09\/IMG_5904-1024x768.jpg 1024w\" sizes=\"auto, (max-width: 2048px) 100vw, 2048px\" \/><\/a> <a href=\"http:\/\/folhadosudeste.com\/site\/wp-content\/uploads\/2021\/09\/pintura-pra\u00e7a-JP2.jpg\"><img loading=\"lazy\" decoding=\"async\" class=\"alignnone size-full wp-image-77312\" src=\"http:\/\/folhadosudeste.com\/site\/wp-content\/uploads\/2021\/09\/pintura-pra\u00e7a-JP2.jpg\" alt=\"\" width=\"1600\" height=\"900\" srcset=\"https:\/\/folhadosudeste.com\/site\/wp-content\/uploads\/2021\/09\/pintura-pra\u00e7a-JP2.jpg 1600w, https:\/\/folhadosudeste.com\/site\/wp-content\/uploads\/2021\/09\/pintura-pra\u00e7a-JP2-300x169.jpg 300w, https:\/\/folhadosudeste.com\/site\/wp-content\/uploads\/2021\/09\/pintura-pra\u00e7a-JP2-768x432.jpg 768w, https:\/\/folhadosudeste.com\/site\/wp-content\/uploads\/2021\/09\/pintura-pra\u00e7a-JP2-1024x576.jpg 1024w\" sizes=\"auto, (max-width: 1600px) 100vw, 1600px\" \/><\/a><\/p>\n","protected":false},"excerpt":{"rendered":"<p>A pra\u00e7a central da cidade, a Jo\u00e3o Pinheiro, est\u00e1 recebendo nova roupagem esta semana (8 a 10). A Secretaria de Obras em parceria com a Agricultura e Meio Ambiente est\u00e1 realizando a pintura dos canteiros e monumentos que comp\u00f5em o espa\u00e7o arquitet\u00f4nico para tornar o local mais agrad\u00e1vel para os muriaeenses. As partes em concreto [&hellip;]<\/p>\n","protected":false},"author":6,"featured_media":0,"comment_status":"open","ping_status":"closed","sticky":false,"template":"","format":"standard","meta":{"_joinchat":[],"footnotes":""},"categories":[1],"tags":[],"class_list":["post-77309","post","type-post","status-publish","format-standard","hentry","category-sem-categoria"],"_links":{"self":[{"href":"https:\/\/folhadosudeste.com\/site\/index.php?rest_route=\/wp\/v2\/posts\/77309","targetHints":{"allow":["GET"]}}],"collection":[{"href":"https:\/\/folhadosudeste.com\/site\/index.php?rest_route=\/wp\/v2\/posts"}],"about":[{"href":"https:\/\/folhadosudeste.com\/site\/index.php?rest_route=\/wp\/v2\/types\/post"}],"author":[{"embeddable":true,"href":"https:\/\/folhadosudeste.com\/site\/index.php?rest_route=\/wp\/v2\/users\/6"}],"replies":[{"embeddable":true,"href":"https:\/\/folhadosudeste.com\/site\/index.php?rest_route=%2Fwp%2Fv2%2Fcomments&post=77309"}],"version-history":[{"count":1,"href":"https:\/\/folhadosudeste.com\/site\/index.php?rest_route=\/wp\/v2\/posts\/77309\/revisions"}],"predecessor-version":[{"id":77313,"href":"https:\/\/folhadosudeste.com\/site\/index.php?rest_route=\/wp\/v2\/posts\/77309\/revisions\/77313"}],"wp:attachment":[{"href":"https:\/\/folhadosudeste.com\/site\/index.php?rest_route=%2Fwp%2Fv2%2Fmedia&parent=77309"}],"wp:term":[{"taxonomy":"category","embeddable":true,"href":"https:\/\/folhadosudeste.com\/site\/index.php?rest_route=%2Fwp%2Fv2%2Fcategories&post=77309"},{"taxonomy":"post_tag","embeddable":true,"href":"https:\/\/folhadosudeste.com\/site\/index.php?rest_route=%2Fwp%2Fv2%2Ftags&post=77309"}],"curies":[{"name":"wp","href":"https:\/\/api.w.org\/{rel}","templated":true}]}}