{"id":77315,"date":"2021-09-13T13:53:17","date_gmt":"2021-09-13T13:53:17","guid":{"rendered":"http:\/\/folhadosudeste.com\/site\/?p=77315"},"modified":"2021-09-13T13:53:17","modified_gmt":"2021-09-13T13:53:17","slug":"um-convite-a-vida-fundacao-cristiano-varella-realiza-grande-flash-mob-com-orquestra-no-centro-da-cidade","status":"publish","type":"post","link":"https:\/\/folhadosudeste.com\/site\/?p=77315","title":{"rendered":"Um convite \u00e0 vida: Funda\u00e7\u00e3o Cristiano Varella realiza grande flash mob com orquestra no Centro da cidade"},"content":{"rendered":"<p><a href=\"http:\/\/folhadosudeste.com\/site\/wp-content\/uploads\/2021\/09\/WhatsApp-Image-2021-09-13-at-09.16.43.jpeg\"><img loading=\"lazy\" decoding=\"async\" class=\"alignnone size-full wp-image-77316\" src=\"http:\/\/folhadosudeste.com\/site\/wp-content\/uploads\/2021\/09\/WhatsApp-Image-2021-09-13-at-09.16.43.jpeg\" alt=\"\" width=\"1600\" height=\"1200\" srcset=\"https:\/\/folhadosudeste.com\/site\/wp-content\/uploads\/2021\/09\/WhatsApp-Image-2021-09-13-at-09.16.43.jpeg 1600w, https:\/\/folhadosudeste.com\/site\/wp-content\/uploads\/2021\/09\/WhatsApp-Image-2021-09-13-at-09.16.43-300x225.jpeg 300w, https:\/\/folhadosudeste.com\/site\/wp-content\/uploads\/2021\/09\/WhatsApp-Image-2021-09-13-at-09.16.43-768x576.jpeg 768w, https:\/\/folhadosudeste.com\/site\/wp-content\/uploads\/2021\/09\/WhatsApp-Image-2021-09-13-at-09.16.43-1024x768.jpeg 1024w\" sizes=\"auto, (max-width: 1600px) 100vw, 1600px\" \/><\/a><\/p>\n<p style=\"text-align: justify;\">Para celebrar a vida, nada melhor que envolver toda a comunidade em uma das manifesta\u00e7\u00f5es art\u00edsticas que mais encantam: a m\u00fasica. Por isso, na manh\u00e3 deste s\u00e1bado (11\/9), a Funda\u00e7\u00e3o Cristiano Varella (FCV) realizou um flash mob bem no cora\u00e7\u00e3o da cidade de Muria\u00e9, na Pra\u00e7a Jo\u00e3o Pinheiro, com a presen\u00e7a da Orquestra Espressione, de Juiz de Fora. A a\u00e7\u00e3o foi transmitida ao vivo, em tr\u00eas tel\u00f5es (na Lagoa da G\u00e1vea, na Barra e na Arma\u00e7\u00e3o), al\u00e9m das redes sociais da organiza\u00e7\u00e3o.<\/p>\n<p style=\"text-align: justify;\">A Funda\u00e7\u00e3o Cristiano Varella completa, agora em setembro, 26 anos, e durante todo o m\u00eas uma s\u00e9rie de a\u00e7\u00f5es foram planejadas para marcar este trabalho vision\u00e1rio, que nasceu com o prop\u00f3sito de combater o c\u00e2ncer e valorizar a vida. E neste s\u00e1bado, ao som de Bach, Beethoven e Mozart, a orquestra juiz-forana atraiu a aten\u00e7\u00e3o de grande parte das pessoas que passavam pelos locais, exaltando tantas hist\u00f3rias de supera\u00e7\u00e3o, for\u00e7a e f\u00e9 reunidas pela FCV ao longo de todos estes anos. A Orquestra percorreu, ainda, os corredores do Hospital do C\u00e2ncer de Muria\u00e9, levando conforto e positividade aos pacientes e familiares.<\/p>\n<p style=\"text-align: justify;\"><!--more--><\/p>\n<p style=\"text-align: justify;\">O idealizador da FCV, Lael Varella, esteve presente na a\u00e7\u00e3o e enfatizou a import\u00e2ncia deste trabalho, que vem proporcionando esperan\u00e7a para tantas pessoas: &#8220;Queremos deixar um legado atrav\u00e9s desta obra que constru\u00edmos, de um tratamento humanizado, com respeito \u00e0 dignidade humana&#8221;.<\/p>\n<p style=\"text-align: justify;\">Sobre a Funda\u00e7\u00e3o Cristiano Varella \u2013 Hoje, o trabalho desenvolvido pela FCV atende mais de 158 munic\u00edpios, sendo capaz de alcan\u00e7ar cerca de 2,3 milh\u00f5es de pessoas. Na linha de frente de um atendimento humanizado, \u00e1gil e assertivo, est\u00e3o 1.130 trabalhadores que se dedicam integralmente \u00e0 sa\u00fade e bem-estar dos pacientes, incluindo um corpo cl\u00ednico altamente especializado, inovador e multidisciplinar.<\/p>\n<p style=\"text-align: justify;\">Todos os anos, centenas de milhares de pessoas t\u00eam acesso a um tratamento de excel\u00eancia, amparado por uma das melhores e maiores infraestruturas oncol\u00f3gicas de Minas Gerais e do Brasil. S\u00e3o 170 leitos ativos, 68 leitos de quimioterapia ambulatorial, 8 salas de cirurgia, 4 salas de radioterapia, 20 leitos de UTI, 7 leitos de TMO e muitos outros recursos que permitem transitar por \u00e1reas extremamente complexas e garantir um atendimento em diferentes frentes de tratamento do c\u00e2ncer.<\/p>\n<p style=\"text-align: justify;\">\u201cUm complexo transformador, que atrav\u00e9s do amor e do acolhimento consegue transformar momentos dif\u00edceis em esperan\u00e7a, e sempre de portas abertas a quem precisa. Afinal, para a Funda\u00e7\u00e3o Cristiano Varella, toda vida importa\u201d, finalizou Juliana Ribeiro, gestora de Comunica\u00e7\u00e3o e Marketing da FCV.<\/p>\n<p><a href=\"http:\/\/folhadosudeste.com\/site\/wp-content\/uploads\/2021\/09\/WhatsApp-Image-2021-09-13-at-09.16.43-1.jpeg\"><img loading=\"lazy\" decoding=\"async\" class=\"alignnone size-full wp-image-77317\" src=\"http:\/\/folhadosudeste.com\/site\/wp-content\/uploads\/2021\/09\/WhatsApp-Image-2021-09-13-at-09.16.43-1.jpeg\" alt=\"\" width=\"1600\" height=\"1067\" srcset=\"https:\/\/folhadosudeste.com\/site\/wp-content\/uploads\/2021\/09\/WhatsApp-Image-2021-09-13-at-09.16.43-1.jpeg 1600w, https:\/\/folhadosudeste.com\/site\/wp-content\/uploads\/2021\/09\/WhatsApp-Image-2021-09-13-at-09.16.43-1-300x200.jpeg 300w, https:\/\/folhadosudeste.com\/site\/wp-content\/uploads\/2021\/09\/WhatsApp-Image-2021-09-13-at-09.16.43-1-768x512.jpeg 768w, https:\/\/folhadosudeste.com\/site\/wp-content\/uploads\/2021\/09\/WhatsApp-Image-2021-09-13-at-09.16.43-1-1024x683.jpeg 1024w, https:\/\/folhadosudeste.com\/site\/wp-content\/uploads\/2021\/09\/WhatsApp-Image-2021-09-13-at-09.16.43-1-120x80.jpeg 120w, https:\/\/folhadosudeste.com\/site\/wp-content\/uploads\/2021\/09\/WhatsApp-Image-2021-09-13-at-09.16.43-1-345x230.jpeg 345w\" sizes=\"auto, (max-width: 1600px) 100vw, 1600px\" \/><\/a> <a href=\"http:\/\/folhadosudeste.com\/site\/wp-content\/uploads\/2021\/09\/WhatsApp-Image-2021-09-13-at-09.16.43-2.jpeg\"><img loading=\"lazy\" decoding=\"async\" class=\"alignnone size-full wp-image-77318\" src=\"http:\/\/folhadosudeste.com\/site\/wp-content\/uploads\/2021\/09\/WhatsApp-Image-2021-09-13-at-09.16.43-2.jpeg\" alt=\"\" width=\"1600\" height=\"1067\" srcset=\"https:\/\/folhadosudeste.com\/site\/wp-content\/uploads\/2021\/09\/WhatsApp-Image-2021-09-13-at-09.16.43-2.jpeg 1600w, https:\/\/folhadosudeste.com\/site\/wp-content\/uploads\/2021\/09\/WhatsApp-Image-2021-09-13-at-09.16.43-2-300x200.jpeg 300w, https:\/\/folhadosudeste.com\/site\/wp-content\/uploads\/2021\/09\/WhatsApp-Image-2021-09-13-at-09.16.43-2-768x512.jpeg 768w, https:\/\/folhadosudeste.com\/site\/wp-content\/uploads\/2021\/09\/WhatsApp-Image-2021-09-13-at-09.16.43-2-1024x683.jpeg 1024w, https:\/\/folhadosudeste.com\/site\/wp-content\/uploads\/2021\/09\/WhatsApp-Image-2021-09-13-at-09.16.43-2-120x80.jpeg 120w, https:\/\/folhadosudeste.com\/site\/wp-content\/uploads\/2021\/09\/WhatsApp-Image-2021-09-13-at-09.16.43-2-345x230.jpeg 345w\" sizes=\"auto, (max-width: 1600px) 100vw, 1600px\" \/><\/a> <a href=\"http:\/\/folhadosudeste.com\/site\/wp-content\/uploads\/2021\/09\/WhatsApp-Image-2021-09-13-at-09.16.42-1.jpeg\"><img loading=\"lazy\" decoding=\"async\" class=\"alignnone size-full wp-image-77319\" src=\"http:\/\/folhadosudeste.com\/site\/wp-content\/uploads\/2021\/09\/WhatsApp-Image-2021-09-13-at-09.16.42-1.jpeg\" alt=\"\" width=\"1600\" height=\"1200\" srcset=\"https:\/\/folhadosudeste.com\/site\/wp-content\/uploads\/2021\/09\/WhatsApp-Image-2021-09-13-at-09.16.42-1.jpeg 1600w, https:\/\/folhadosudeste.com\/site\/wp-content\/uploads\/2021\/09\/WhatsApp-Image-2021-09-13-at-09.16.42-1-300x225.jpeg 300w, https:\/\/folhadosudeste.com\/site\/wp-content\/uploads\/2021\/09\/WhatsApp-Image-2021-09-13-at-09.16.42-1-768x576.jpeg 768w, https:\/\/folhadosudeste.com\/site\/wp-content\/uploads\/2021\/09\/WhatsApp-Image-2021-09-13-at-09.16.42-1-1024x768.jpeg 1024w\" sizes=\"auto, (max-width: 1600px) 100vw, 1600px\" \/><\/a> <a href=\"http:\/\/folhadosudeste.com\/site\/wp-content\/uploads\/2021\/09\/WhatsApp-Image-2021-09-13-at-09.16.42.jpeg\"><img loading=\"lazy\" decoding=\"async\" class=\"alignnone size-full wp-image-77320\" src=\"http:\/\/folhadosudeste.com\/site\/wp-content\/uploads\/2021\/09\/WhatsApp-Image-2021-09-13-at-09.16.42.jpeg\" alt=\"\" width=\"1600\" height=\"1066\" srcset=\"https:\/\/folhadosudeste.com\/site\/wp-content\/uploads\/2021\/09\/WhatsApp-Image-2021-09-13-at-09.16.42.jpeg 1600w, https:\/\/folhadosudeste.com\/site\/wp-content\/uploads\/2021\/09\/WhatsApp-Image-2021-09-13-at-09.16.42-300x200.jpeg 300w, https:\/\/folhadosudeste.com\/site\/wp-content\/uploads\/2021\/09\/WhatsApp-Image-2021-09-13-at-09.16.42-768x512.jpeg 768w, https:\/\/folhadosudeste.com\/site\/wp-content\/uploads\/2021\/09\/WhatsApp-Image-2021-09-13-at-09.16.42-1024x682.jpeg 1024w, https:\/\/folhadosudeste.com\/site\/wp-content\/uploads\/2021\/09\/WhatsApp-Image-2021-09-13-at-09.16.42-120x80.jpeg 120w, https:\/\/folhadosudeste.com\/site\/wp-content\/uploads\/2021\/09\/WhatsApp-Image-2021-09-13-at-09.16.42-345x230.jpeg 345w\" sizes=\"auto, (max-width: 1600px) 100vw, 1600px\" \/><\/a> <a href=\"http:\/\/folhadosudeste.com\/site\/wp-content\/uploads\/2021\/09\/WhatsApp-Image-2021-09-13-at-09.16.43-3.jpeg\"><img loading=\"lazy\" decoding=\"async\" class=\"alignnone size-full wp-image-77321\" src=\"http:\/\/folhadosudeste.com\/site\/wp-content\/uploads\/2021\/09\/WhatsApp-Image-2021-09-13-at-09.16.43-3.jpeg\" alt=\"\" width=\"1600\" height=\"1092\" srcset=\"https:\/\/folhadosudeste.com\/site\/wp-content\/uploads\/2021\/09\/WhatsApp-Image-2021-09-13-at-09.16.43-3.jpeg 1600w, https:\/\/folhadosudeste.com\/site\/wp-content\/uploads\/2021\/09\/WhatsApp-Image-2021-09-13-at-09.16.43-3-300x205.jpeg 300w, https:\/\/folhadosudeste.com\/site\/wp-content\/uploads\/2021\/09\/WhatsApp-Image-2021-09-13-at-09.16.43-3-768x524.jpeg 768w, https:\/\/folhadosudeste.com\/site\/wp-content\/uploads\/2021\/09\/WhatsApp-Image-2021-09-13-at-09.16.43-3-1024x699.jpeg 1024w, https:\/\/folhadosudeste.com\/site\/wp-content\/uploads\/2021\/09\/WhatsApp-Image-2021-09-13-at-09.16.43-3-220x150.jpeg 220w\" sizes=\"auto, (max-width: 1600px) 100vw, 1600px\" \/><\/a> <a href=\"http:\/\/folhadosudeste.com\/site\/wp-content\/uploads\/2021\/09\/WhatsApp-Image-2021-09-13-at-09.16.43-4.jpeg\"><img loading=\"lazy\" decoding=\"async\" class=\"alignnone size-full wp-image-77322\" src=\"http:\/\/folhadosudeste.com\/site\/wp-content\/uploads\/2021\/09\/WhatsApp-Image-2021-09-13-at-09.16.43-4.jpeg\" alt=\"\" width=\"1600\" height=\"1067\" srcset=\"https:\/\/folhadosudeste.com\/site\/wp-content\/uploads\/2021\/09\/WhatsApp-Image-2021-09-13-at-09.16.43-4.jpeg 1600w, https:\/\/folhadosudeste.com\/site\/wp-content\/uploads\/2021\/09\/WhatsApp-Image-2021-09-13-at-09.16.43-4-300x200.jpeg 300w, https:\/\/folhadosudeste.com\/site\/wp-content\/uploads\/2021\/09\/WhatsApp-Image-2021-09-13-at-09.16.43-4-768x512.jpeg 768w, https:\/\/folhadosudeste.com\/site\/wp-content\/uploads\/2021\/09\/WhatsApp-Image-2021-09-13-at-09.16.43-4-1024x683.jpeg 1024w, https:\/\/folhadosudeste.com\/site\/wp-content\/uploads\/2021\/09\/WhatsApp-Image-2021-09-13-at-09.16.43-4-120x80.jpeg 120w, https:\/\/folhadosudeste.com\/site\/wp-content\/uploads\/2021\/09\/WhatsApp-Image-2021-09-13-at-09.16.43-4-345x230.jpeg 345w\" sizes=\"auto, (max-width: 1600px) 100vw, 1600px\" \/><\/a><\/p>\n","protected":false},"excerpt":{"rendered":"<p>Para celebrar a vida, nada melhor que envolver toda a comunidade em uma das manifesta\u00e7\u00f5es art\u00edsticas que mais encantam: a m\u00fasica. Por isso, na manh\u00e3 deste s\u00e1bado (11\/9), a Funda\u00e7\u00e3o Cristiano Varella (FCV) realizou um flash mob bem no cora\u00e7\u00e3o da cidade de Muria\u00e9, na Pra\u00e7a Jo\u00e3o Pinheiro, com a presen\u00e7a da Orquestra Espressione, de [&hellip;]<\/p>\n","protected":false},"author":6,"featured_media":0,"comment_status":"open","ping_status":"closed","sticky":false,"template":"","format":"standard","meta":{"_joinchat":[],"footnotes":""},"categories":[1],"tags":[],"class_list":["post-77315","post","type-post","status-publish","format-standard","hentry","category-sem-categoria"],"_links":{"self":[{"href":"https:\/\/folhadosudeste.com\/site\/index.php?rest_route=\/wp\/v2\/posts\/77315","targetHints":{"allow":["GET"]}}],"collection":[{"href":"https:\/\/folhadosudeste.com\/site\/index.php?rest_route=\/wp\/v2\/posts"}],"about":[{"href":"https:\/\/folhadosudeste.com\/site\/index.php?rest_route=\/wp\/v2\/types\/post"}],"author":[{"embeddable":true,"href":"https:\/\/folhadosudeste.com\/site\/index.php?rest_route=\/wp\/v2\/users\/6"}],"replies":[{"embeddable":true,"href":"https:\/\/folhadosudeste.com\/site\/index.php?rest_route=%2Fwp%2Fv2%2Fcomments&post=77315"}],"version-history":[{"count":1,"href":"https:\/\/folhadosudeste.com\/site\/index.php?rest_route=\/wp\/v2\/posts\/77315\/revisions"}],"predecessor-version":[{"id":77323,"href":"https:\/\/folhadosudeste.com\/site\/index.php?rest_route=\/wp\/v2\/posts\/77315\/revisions\/77323"}],"wp:attachment":[{"href":"https:\/\/folhadosudeste.com\/site\/index.php?rest_route=%2Fwp%2Fv2%2Fmedia&parent=77315"}],"wp:term":[{"taxonomy":"category","embeddable":true,"href":"https:\/\/folhadosudeste.com\/site\/index.php?rest_route=%2Fwp%2Fv2%2Fcategories&post=77315"},{"taxonomy":"post_tag","embeddable":true,"href":"https:\/\/folhadosudeste.com\/site\/index.php?rest_route=%2Fwp%2Fv2%2Ftags&post=77315"}],"curies":[{"name":"wp","href":"https:\/\/api.w.org\/{rel}","templated":true}]}}