{"id":77358,"date":"2021-09-14T21:59:40","date_gmt":"2021-09-14T21:59:40","guid":{"rendered":"http:\/\/folhadosudeste.com\/site\/?p=77358"},"modified":"2021-09-14T21:59:40","modified_gmt":"2021-09-14T21:59:40","slug":"parte-da-br-116-passa-por-adequacoes-para-ampliar-seguranca","status":"publish","type":"post","link":"https:\/\/folhadosudeste.com\/site\/?p=77358","title":{"rendered":"Parte da BR-116 passa por adequa\u00e7\u00f5es para ampliar seguran\u00e7a"},"content":{"rendered":"<p align=\"justify\"><a href=\"http:\/\/folhadosudeste.com\/site\/wp-content\/uploads\/2021\/09\/IMG_5925.jpg\"><img loading=\"lazy\" decoding=\"async\" class=\"alignnone size-full wp-image-77359\" src=\"http:\/\/folhadosudeste.com\/site\/wp-content\/uploads\/2021\/09\/IMG_5925.jpg\" alt=\"\" width=\"2048\" height=\"1536\" srcset=\"https:\/\/folhadosudeste.com\/site\/wp-content\/uploads\/2021\/09\/IMG_5925.jpg 2048w, https:\/\/folhadosudeste.com\/site\/wp-content\/uploads\/2021\/09\/IMG_5925-300x225.jpg 300w, https:\/\/folhadosudeste.com\/site\/wp-content\/uploads\/2021\/09\/IMG_5925-768x576.jpg 768w, https:\/\/folhadosudeste.com\/site\/wp-content\/uploads\/2021\/09\/IMG_5925-1024x768.jpg 1024w\" sizes=\"auto, (max-width: 2048px) 100vw, 2048px\" \/><\/a><\/p>\n<p style=\"text-align: justify;\" align=\"justify\">Obras continuam nas margens da BR-116 com o objetivo de aumentar a prote\u00e7\u00e3o de pedestres e melhorar a qualidade do eixo de acesso \u00e0 cidade. Os meios-fios est\u00e3o recebendo formatos mais elevados para ampliar a seguran\u00e7a de pessoas que cruzam as pistas diariamente. A Secretaria de Meio Ambiente completa o servi\u00e7o com a cria\u00e7\u00e3o do paisagismo para os canteiros, licitando novas esp\u00e9cies de plantas.<\/p>\n<p style=\"text-align: justify;\" align=\"justify\">Meios-fios mais altos, cal\u00e7adas estendidas ao longo da \u00e1rea urbana, novos canteiros e a possibilidade de inserir, futuramente, grades divis\u00f3rias. \u201cAs bordas que se estendem ao longo dos passeios de pedestres s\u00e3o instrumentos para, caso um ve\u00edculo perca o controle, ele possa retornar \u00e0 pista, j\u00e1 que vai existir uma mureta de prote\u00e7\u00e3o. Naquele trecho, n\u00f3s tamb\u00e9m instalamos rampas de acessibilidade e fechamos alguns pontos da travessia para amenizar riscos de acidentes. Para tudo, fizemos um estudo e averiguamos curvas e lombadas, com o prop\u00f3sito evitar transtornos\u201d, explicou o secret\u00e1rio de Obras P\u00fablicas e Urbanismo, Carlos Kneip.<\/p>\n<p style=\"text-align: justify;\" align=\"justify\"><!--more--><\/p>\n<p style=\"text-align: justify;\" align=\"justify\">O secret\u00e1rio municipal faz um alerta aos propriet\u00e1rios de com\u00e9rcios localizados as margens da rodovia, assim como para as pessoas que residem nas proximidades do local. \u201cPara que todos auxiliem na manuten\u00e7\u00e3o do trecho. Nossa inten\u00e7\u00e3o \u00e9 fazer barreiras centrais para ampliar \u00e0 prote\u00e7\u00e3o de trabalhadores e moradores que cruzam diariamente a rodovia. Pedimos a todos que transitam pelo per\u00edmetro que ajude a conservar as barreiras instaladas, assim como colaborem com a limpeza da regi\u00e3o\u201d, disse ele, lembrando que uma boa imagem da cidade atrai maiores investidores, auxilia o aquecimento da economia e deixa uma imagem agrad\u00e1vel de Muria\u00e9 para todos que circulam pelo trecho.<\/p>\n<p style=\"text-align: justify;\" align=\"justify\">Inicialmente a Prefeitura est\u00e1 realizando o servi\u00e7o na regi\u00e3o entre a passarela de pedestres que d\u00e1 acesso aos bairros Vila Cavalhier, Aeroporto e na conflu\u00eancia com a Br- 356. Na sequ\u00eancia, as atividades dever\u00e3o ser prolongadas pelas demais margens da cidade, sentido G\u00e1vea, aprimorando cal\u00e7adas e passagens utilizadas pelos moradores que residem nas proximidades das rodovias.<\/p>\n<p align=\"justify\"><a href=\"http:\/\/folhadosudeste.com\/site\/wp-content\/uploads\/2021\/09\/IMG_5940.jpg\"><img loading=\"lazy\" decoding=\"async\" class=\"alignnone size-full wp-image-77360\" src=\"http:\/\/folhadosudeste.com\/site\/wp-content\/uploads\/2021\/09\/IMG_5940.jpg\" alt=\"\" width=\"2048\" height=\"1536\" srcset=\"https:\/\/folhadosudeste.com\/site\/wp-content\/uploads\/2021\/09\/IMG_5940.jpg 2048w, https:\/\/folhadosudeste.com\/site\/wp-content\/uploads\/2021\/09\/IMG_5940-300x225.jpg 300w, https:\/\/folhadosudeste.com\/site\/wp-content\/uploads\/2021\/09\/IMG_5940-768x576.jpg 768w, https:\/\/folhadosudeste.com\/site\/wp-content\/uploads\/2021\/09\/IMG_5940-1024x768.jpg 1024w\" sizes=\"auto, (max-width: 2048px) 100vw, 2048px\" \/><\/a> <a href=\"http:\/\/folhadosudeste.com\/site\/wp-content\/uploads\/2021\/09\/IMG_5936.jpg\"><img loading=\"lazy\" decoding=\"async\" class=\"alignnone size-full wp-image-77361\" src=\"http:\/\/folhadosudeste.com\/site\/wp-content\/uploads\/2021\/09\/IMG_5936.jpg\" alt=\"\" width=\"2048\" height=\"1536\" srcset=\"https:\/\/folhadosudeste.com\/site\/wp-content\/uploads\/2021\/09\/IMG_5936.jpg 2048w, https:\/\/folhadosudeste.com\/site\/wp-content\/uploads\/2021\/09\/IMG_5936-300x225.jpg 300w, https:\/\/folhadosudeste.com\/site\/wp-content\/uploads\/2021\/09\/IMG_5936-768x576.jpg 768w, https:\/\/folhadosudeste.com\/site\/wp-content\/uploads\/2021\/09\/IMG_5936-1024x768.jpg 1024w\" sizes=\"auto, (max-width: 2048px) 100vw, 2048px\" \/><\/a><\/p>\n","protected":false},"excerpt":{"rendered":"<p>Obras continuam nas margens da BR-116 com o objetivo de aumentar a prote\u00e7\u00e3o de pedestres e melhorar a qualidade do eixo de acesso \u00e0 cidade. Os meios-fios est\u00e3o recebendo formatos mais elevados para ampliar a seguran\u00e7a de pessoas que cruzam as pistas diariamente. A Secretaria de Meio Ambiente completa o servi\u00e7o com a cria\u00e7\u00e3o do [&hellip;]<\/p>\n","protected":false},"author":6,"featured_media":0,"comment_status":"open","ping_status":"closed","sticky":false,"template":"","format":"standard","meta":{"_joinchat":[],"footnotes":""},"categories":[1],"tags":[],"class_list":["post-77358","post","type-post","status-publish","format-standard","hentry","category-sem-categoria"],"_links":{"self":[{"href":"https:\/\/folhadosudeste.com\/site\/index.php?rest_route=\/wp\/v2\/posts\/77358","targetHints":{"allow":["GET"]}}],"collection":[{"href":"https:\/\/folhadosudeste.com\/site\/index.php?rest_route=\/wp\/v2\/posts"}],"about":[{"href":"https:\/\/folhadosudeste.com\/site\/index.php?rest_route=\/wp\/v2\/types\/post"}],"author":[{"embeddable":true,"href":"https:\/\/folhadosudeste.com\/site\/index.php?rest_route=\/wp\/v2\/users\/6"}],"replies":[{"embeddable":true,"href":"https:\/\/folhadosudeste.com\/site\/index.php?rest_route=%2Fwp%2Fv2%2Fcomments&post=77358"}],"version-history":[{"count":1,"href":"https:\/\/folhadosudeste.com\/site\/index.php?rest_route=\/wp\/v2\/posts\/77358\/revisions"}],"predecessor-version":[{"id":77362,"href":"https:\/\/folhadosudeste.com\/site\/index.php?rest_route=\/wp\/v2\/posts\/77358\/revisions\/77362"}],"wp:attachment":[{"href":"https:\/\/folhadosudeste.com\/site\/index.php?rest_route=%2Fwp%2Fv2%2Fmedia&parent=77358"}],"wp:term":[{"taxonomy":"category","embeddable":true,"href":"https:\/\/folhadosudeste.com\/site\/index.php?rest_route=%2Fwp%2Fv2%2Fcategories&post=77358"},{"taxonomy":"post_tag","embeddable":true,"href":"https:\/\/folhadosudeste.com\/site\/index.php?rest_route=%2Fwp%2Fv2%2Ftags&post=77358"}],"curies":[{"name":"wp","href":"https:\/\/api.w.org\/{rel}","templated":true}]}}