{"id":77363,"date":"2021-09-14T22:04:00","date_gmt":"2021-09-14T22:04:00","guid":{"rendered":"http:\/\/folhadosudeste.com\/site\/?p=77363"},"modified":"2021-09-14T22:04:00","modified_gmt":"2021-09-14T22:04:00","slug":"muriae-confirmou-48-novos-casos-de-covid-19-nesta-terca-feira","status":"publish","type":"post","link":"https:\/\/folhadosudeste.com\/site\/?p=77363","title":{"rendered":"Muria\u00e9 confirmou 48 novos casos de covid-19 nesta ter\u00e7a-feira"},"content":{"rendered":"<div><a href=\"http:\/\/folhadosudeste.com\/site\/wp-content\/uploads\/2021\/09\/14092021.jpg\"><img loading=\"lazy\" decoding=\"async\" class=\"alignnone size-full wp-image-77364\" src=\"http:\/\/folhadosudeste.com\/site\/wp-content\/uploads\/2021\/09\/14092021.jpg\" alt=\"\" width=\"1080\" height=\"1080\" srcset=\"https:\/\/folhadosudeste.com\/site\/wp-content\/uploads\/2021\/09\/14092021.jpg 1080w, https:\/\/folhadosudeste.com\/site\/wp-content\/uploads\/2021\/09\/14092021-150x150.jpg 150w, https:\/\/folhadosudeste.com\/site\/wp-content\/uploads\/2021\/09\/14092021-300x300.jpg 300w, https:\/\/folhadosudeste.com\/site\/wp-content\/uploads\/2021\/09\/14092021-768x768.jpg 768w, https:\/\/folhadosudeste.com\/site\/wp-content\/uploads\/2021\/09\/14092021-1024x1024.jpg 1024w\" sizes=\"auto, (max-width: 1080px) 100vw, 1080px\" \/><\/a><\/div>\n<div style=\"text-align: justify;\">Muria\u00e9 confirmou 48 novos casos de covid-19 nesta ter\u00e7a-feira, o maior \u00edndice registrado em um \u00fanico dia desde 28 de julho.<\/div>\n<div style=\"text-align: justify;\">&nbsp;<\/div>\n<div style=\"text-align: justify;\">Tamb\u00e9m houve a notifica\u00e7\u00e3o de mais dois \u00f3bitos provocados pela covid-19, referindo-se aos seguintes casos:<\/div>\n<div style=\"text-align: justify;\">&nbsp;<\/div>\n<div style=\"text-align: justify;\">&#8211; Homem | 76 anos | Hipertens\u00e3o | \u00d3bito em 26\/08<\/div>\n<div style=\"text-align: justify;\">&#8211; Homem | 84 anos | Hipertens\u00e3o | \u00d3bito em 12\/09<\/div>\n<div style=\"text-align: justify;\">&nbsp;<\/div>\n<div style=\"text-align: justify;\">M\u00e9dia m\u00f3vel &#8211; Ao se considerar apenas os n\u00fameros das \u00faltimas duas semanas, Muria\u00e9 est\u00e1 com m\u00e9dia de 12 casos di\u00e1rios. O n\u00famero \u00e9 5% maior que o de 14 dias atr\u00e1s, varia\u00e7\u00e3o que est\u00e1 dentro da faixa de estabilidade.<\/div>\n<div style=\"text-align: justify;\">&nbsp;<\/div>\n<div style=\"text-align: justify;\">J\u00e1 a m\u00e9dia de \u00f3bitos est\u00e1 em 0,14 &#8211; ou seja, uma morte a cada sete dias. Na compara\u00e7\u00e3o com duas semanas atr\u00e1s, a redu\u00e7\u00e3o foi de 72%.<\/div>\n<div style=\"text-align: justify;\">&nbsp;<\/div>\n<div style=\"text-align: justify;\">Interna\u00e7\u00f5es &#8211; Dos 63 pacientes ativos existentes no momento em Muria\u00e9, 25 est\u00e3o internados nos hospitais da cidade. O n\u00famero se divide da seguinte forma:<\/div>\n<div style=\"text-align: justify;\">&nbsp;<\/div>\n<div style=\"text-align: justify;\">Enfermaria: 6 pacientes (SUS: 2 |Particular: 4)<\/div>\n<div style=\"text-align: justify;\">UTI: 19 pacientes (SUS: 11 | Particular: 8)<\/div>\n<div style=\"text-align: justify;\">&nbsp;<\/div>\n<p style=\"text-align: justify;\"><!--more--><\/p>\n<div style=\"text-align: justify;\">&nbsp;<\/div>\n<div style=\"text-align: justify;\">Vacina\u00e7\u00e3o &#8211; No momento, a Secretaria Municipal de Sa\u00fade concentra esfor\u00e7os na aplica\u00e7\u00e3o de segunda dose. Ao longo desta semana (at\u00e9 o dia 17) ser\u00e1 feita a vacina\u00e7\u00e3o com Coronavac e Pfizer, conforme a data agendada no cart\u00e3o.<\/div>\n<div style=\"text-align: justify;\">&nbsp;<\/div>\n<div style=\"text-align: justify;\">A aplica\u00e7\u00e3o da segunda dose da Astrazeneca est\u00e1 suspensa devido \u00e0 falta de estoque do imunizante. O retorno acontecer\u00e1 assim que mais doses forem entregues ao munic\u00edpio.<\/div>\n<div style=\"text-align: justify;\">&nbsp;<\/div>\n<div style=\"text-align: justify;\">N\u00fameros completos de hoje (14\/09\/2021):<\/div>\n<div style=\"text-align: justify;\">&nbsp;<\/div>\n<div style=\"text-align: justify;\">VACINA\u00c7\u00c3O<\/div>\n<div style=\"text-align: justify;\">Parcialmente vacinados: 76.556 pessoas (69,98% da popula\u00e7\u00e3o)<\/div>\n<div style=\"text-align: justify;\">Totalmente vacinados: 43.140 pessoas (39,44% da popula\u00e7\u00e3o)<\/div>\n<div style=\"text-align: justify;\">&nbsp;<\/div>\n<div style=\"text-align: justify;\">CASOS<\/div>\n<div style=\"text-align: justify;\">Total de casos confirmados: 11.680 (+48)<\/div>\n<div style=\"text-align: justify;\">Pacientes ativos: 63<\/div>\n<div style=\"text-align: justify;\">Pacientes curados: 11.308<\/div>\n<div style=\"text-align: justify;\">\u00d3bitos: 309 (+2)<\/div>\n<div style=\"text-align: justify;\">Investigados \/ Monitorados: 48<\/div>\n<div style=\"text-align: justify;\">Negativos: 13.859<\/div>\n<div><a href=\"http:\/\/folhadosudeste.com\/site\/wp-content\/uploads\/2021\/09\/COVID-19_-EVOLU\u00c7\u00c3O-DA-M\u00c9DIA-M\u00d3VEL-DE-CASOS-E-\u00d3BITOS-EM-2-SEMANAS.png\"><img loading=\"lazy\" decoding=\"async\" class=\"alignnone size-full wp-image-77365\" src=\"http:\/\/folhadosudeste.com\/site\/wp-content\/uploads\/2021\/09\/COVID-19_-EVOLU\u00c7\u00c3O-DA-M\u00c9DIA-M\u00d3VEL-DE-CASOS-E-\u00d3BITOS-EM-2-SEMANAS.png\" alt=\"\" width=\"1000\" height=\"619\" srcset=\"https:\/\/folhadosudeste.com\/site\/wp-content\/uploads\/2021\/09\/COVID-19_-EVOLU\u00c7\u00c3O-DA-M\u00c9DIA-M\u00d3VEL-DE-CASOS-E-\u00d3BITOS-EM-2-SEMANAS.png 1000w, https:\/\/folhadosudeste.com\/site\/wp-content\/uploads\/2021\/09\/COVID-19_-EVOLU\u00c7\u00c3O-DA-M\u00c9DIA-M\u00d3VEL-DE-CASOS-E-\u00d3BITOS-EM-2-SEMANAS-300x186.png 300w, https:\/\/folhadosudeste.com\/site\/wp-content\/uploads\/2021\/09\/COVID-19_-EVOLU\u00c7\u00c3O-DA-M\u00c9DIA-M\u00d3VEL-DE-CASOS-E-\u00d3BITOS-EM-2-SEMANAS-768x475.png 768w\" sizes=\"auto, (max-width: 1000px) 100vw, 1000px\" \/><\/a> <a href=\"http:\/\/folhadosudeste.com\/site\/wp-content\/uploads\/2021\/09\/CASOS-DE-COVID-19-EM-MURIA\u00c9-POR-FAIXA-ET\u00c1RIA-14_09_2021.png\"><img loading=\"lazy\" decoding=\"async\" class=\"alignnone size-full wp-image-77366\" src=\"http:\/\/folhadosudeste.com\/site\/wp-content\/uploads\/2021\/09\/CASOS-DE-COVID-19-EM-MURIA\u00c9-POR-FAIXA-ET\u00c1RIA-14_09_2021.png\" alt=\"\" width=\"1044\" height=\"739\" srcset=\"https:\/\/folhadosudeste.com\/site\/wp-content\/uploads\/2021\/09\/CASOS-DE-COVID-19-EM-MURIA\u00c9-POR-FAIXA-ET\u00c1RIA-14_09_2021.png 1044w, https:\/\/folhadosudeste.com\/site\/wp-content\/uploads\/2021\/09\/CASOS-DE-COVID-19-EM-MURIA\u00c9-POR-FAIXA-ET\u00c1RIA-14_09_2021-300x212.png 300w, https:\/\/folhadosudeste.com\/site\/wp-content\/uploads\/2021\/09\/CASOS-DE-COVID-19-EM-MURIA\u00c9-POR-FAIXA-ET\u00c1RIA-14_09_2021-768x544.png 768w, https:\/\/folhadosudeste.com\/site\/wp-content\/uploads\/2021\/09\/CASOS-DE-COVID-19-EM-MURIA\u00c9-POR-FAIXA-ET\u00c1RIA-14_09_2021-1024x725.png 1024w\" sizes=\"auto, (max-width: 1044px) 100vw, 1044px\" \/><\/a><\/div>\n","protected":false},"excerpt":{"rendered":"<p>Muria\u00e9 confirmou 48 novos casos de covid-19 nesta ter\u00e7a-feira, o maior \u00edndice registrado em um \u00fanico dia desde 28 de julho. &nbsp; Tamb\u00e9m houve a notifica\u00e7\u00e3o de mais dois \u00f3bitos provocados pela covid-19, referindo-se aos seguintes casos: &nbsp; &#8211; Homem | 76 anos | Hipertens\u00e3o | \u00d3bito em 26\/08 &#8211; Homem | 84 anos | [&hellip;]<\/p>\n","protected":false},"author":6,"featured_media":0,"comment_status":"open","ping_status":"closed","sticky":false,"template":"","format":"standard","meta":{"_joinchat":[],"footnotes":""},"categories":[1],"tags":[],"class_list":["post-77363","post","type-post","status-publish","format-standard","hentry","category-sem-categoria"],"_links":{"self":[{"href":"https:\/\/folhadosudeste.com\/site\/index.php?rest_route=\/wp\/v2\/posts\/77363","targetHints":{"allow":["GET"]}}],"collection":[{"href":"https:\/\/folhadosudeste.com\/site\/index.php?rest_route=\/wp\/v2\/posts"}],"about":[{"href":"https:\/\/folhadosudeste.com\/site\/index.php?rest_route=\/wp\/v2\/types\/post"}],"author":[{"embeddable":true,"href":"https:\/\/folhadosudeste.com\/site\/index.php?rest_route=\/wp\/v2\/users\/6"}],"replies":[{"embeddable":true,"href":"https:\/\/folhadosudeste.com\/site\/index.php?rest_route=%2Fwp%2Fv2%2Fcomments&post=77363"}],"version-history":[{"count":1,"href":"https:\/\/folhadosudeste.com\/site\/index.php?rest_route=\/wp\/v2\/posts\/77363\/revisions"}],"predecessor-version":[{"id":77367,"href":"https:\/\/folhadosudeste.com\/site\/index.php?rest_route=\/wp\/v2\/posts\/77363\/revisions\/77367"}],"wp:attachment":[{"href":"https:\/\/folhadosudeste.com\/site\/index.php?rest_route=%2Fwp%2Fv2%2Fmedia&parent=77363"}],"wp:term":[{"taxonomy":"category","embeddable":true,"href":"https:\/\/folhadosudeste.com\/site\/index.php?rest_route=%2Fwp%2Fv2%2Fcategories&post=77363"},{"taxonomy":"post_tag","embeddable":true,"href":"https:\/\/folhadosudeste.com\/site\/index.php?rest_route=%2Fwp%2Fv2%2Ftags&post=77363"}],"curies":[{"name":"wp","href":"https:\/\/api.w.org\/{rel}","templated":true}]}}