{"id":77394,"date":"2021-09-16T13:29:05","date_gmt":"2021-09-16T13:29:05","guid":{"rendered":"http:\/\/folhadosudeste.com\/site\/?p=77394"},"modified":"2021-09-16T13:29:05","modified_gmt":"2021-09-16T13:29:05","slug":"camara-aprova-proposta-de-emenda-a-lei-organica","status":"publish","type":"post","link":"https:\/\/folhadosudeste.com\/site\/?p=77394","title":{"rendered":"C\u00e2mara aprova proposta de emenda \u00e0 Lei Org\u00e2nica"},"content":{"rendered":"<p><a href=\"http:\/\/folhadosudeste.com\/site\/wp-content\/uploads\/2021\/09\/DSC_0631.jpg\"><img loading=\"lazy\" decoding=\"async\" class=\"alignnone size-full wp-image-77395\" src=\"http:\/\/folhadosudeste.com\/site\/wp-content\/uploads\/2021\/09\/DSC_0631.jpg\" alt=\"\" width=\"1500\" height=\"1003\" srcset=\"https:\/\/folhadosudeste.com\/site\/wp-content\/uploads\/2021\/09\/DSC_0631.jpg 1500w, https:\/\/folhadosudeste.com\/site\/wp-content\/uploads\/2021\/09\/DSC_0631-300x201.jpg 300w, https:\/\/folhadosudeste.com\/site\/wp-content\/uploads\/2021\/09\/DSC_0631-768x514.jpg 768w, https:\/\/folhadosudeste.com\/site\/wp-content\/uploads\/2021\/09\/DSC_0631-1024x685.jpg 1024w, https:\/\/folhadosudeste.com\/site\/wp-content\/uploads\/2021\/09\/DSC_0631-120x80.jpg 120w, https:\/\/folhadosudeste.com\/site\/wp-content\/uploads\/2021\/09\/DSC_0631-345x230.jpg 345w\" sizes=\"auto, (max-width: 1500px) 100vw, 1500px\" \/><\/a><\/p>\n<p style=\"text-align: justify;\">Em primeira vota\u00e7\u00e3o na sess\u00e3o desta ter\u00e7a-feira, dia 14, a&nbsp;<span class=\"il\">C\u00e2mara<\/span>&nbsp;de Muria\u00e9 aprovou por 12 votos a 5 a proposta de Emenda \u00e0 Lei Org\u00e2nica Municipal 05\/2021.<\/p>\n<p style=\"text-align: justify;\">De autoria conjunta dos vereadores Celsinho (PSD), Ciso (PL), Delcinho Amaro (Solidariedade), Dr. Gerson Varella Neto (PSL), Evandro Cheroso (Cidadania) e Forim (Solidariedade), a mat\u00e9ria insere o artigo 115-A \u00e0 Lei Org\u00e2nica de Muria\u00e9. Tal artigo torna obrigat\u00f3ria a execu\u00e7\u00e3o or\u00e7ament\u00e1ria e financeira da programa\u00e7\u00e3o inclu\u00edda&nbsp;por emendas individuais do Legislativo Municipal ao Projeto de Lei Or\u00e7ament\u00e1ria Anual (LOA).<\/p>\n<p style=\"text-align: justify;\">A proposta de emenda volta para vota\u00e7\u00e3o ap\u00f3s cumprir interst\u00edcio de dez dias, ou seja, na sess\u00e3o ordin\u00e1ria do dia 28 de setembro, exceto se houver sess\u00e3o extraordin\u00e1ria em que a mesma seja inserida na pauta ap\u00f3s o cumprimento do prazo legal.<\/p>\n<p style=\"text-align: justify;\"><!--more--><\/p>\n<p style=\"text-align: justify;\">A mat\u00e9ria pode ser conferida na \u00edntegra acessando o site da&nbsp;<span class=\"il\">C\u00e2mara<\/span>:&nbsp;<a href=\"http:\/\/www.camaramuriae.mg.gov.br\/\" target=\"_blank\" rel=\"noopener\" data-saferedirecturl=\"https:\/\/www.google.com\/url?q=http:\/\/www.camaramuriae.mg.gov.br&amp;source=gmail&amp;ust=1631884960971000&amp;usg=AFQjCNEuR6ot623KGJyvsJkOE57O9yC_tw\">www.camaramuriae.mg.gov.br<\/a>, link \u201cSAPL\u201d, aba \u201cMat\u00e9rias Legislativas\u201d, op\u00e7\u00e3o \u201cProposta de Emenda \u00e0 Lei Org\u00e2nica\u201d, clicar em \u201cPesquisar\u201d.<\/p>\n<p style=\"text-align: justify;\">As sess\u00f5es est\u00e3o sendo transmitidas ao vivo pelo canal no YouTube da&nbsp;<span class=\"il\">C\u00e2mara<\/span>&nbsp;a partir das 18h30min.<\/p>\n<p style=\"text-align: justify;\"><b>Participa\u00e7\u00e3o na tribuna &#8211;<\/b>&nbsp;Na sess\u00e3o desta ter\u00e7a-feira, a Casa Legislativa recebeu a equipe da Secretaria Municipal de Desenvolvimento Econ\u00f4mico, que fez uso da tribuna para explicar aos vereadores uma proposta sobre gest\u00e3o do espa\u00e7o p\u00fablico.<\/p>\n<p style=\"text-align: justify;\">Segundo a pasta, este foi o in\u00edcio do di\u00e1logo para se construir de forma conjunta a\u00e7\u00f5es adequadas para aqueles (as) que precisam do espa\u00e7o p\u00fablico para desenvolver a sua atividade econ\u00f4mica.<\/p>\n<div style=\"text-align: justify;\">&nbsp;<\/div>\n<p style=\"text-align: justify;\">&nbsp;<\/p>\n","protected":false},"excerpt":{"rendered":"<p>Em primeira vota\u00e7\u00e3o na sess\u00e3o desta ter\u00e7a-feira, dia 14, a&nbsp;C\u00e2mara&nbsp;de Muria\u00e9 aprovou por 12 votos a 5 a proposta de Emenda \u00e0 Lei Org\u00e2nica Municipal 05\/2021. De autoria conjunta dos vereadores Celsinho (PSD), Ciso (PL), Delcinho Amaro (Solidariedade), Dr. Gerson Varella Neto (PSL), Evandro Cheroso (Cidadania) e Forim (Solidariedade), a mat\u00e9ria insere o artigo 115-A [&hellip;]<\/p>\n","protected":false},"author":6,"featured_media":0,"comment_status":"open","ping_status":"closed","sticky":false,"template":"","format":"standard","meta":{"_joinchat":[],"footnotes":""},"categories":[1],"tags":[],"class_list":["post-77394","post","type-post","status-publish","format-standard","hentry","category-sem-categoria"],"_links":{"self":[{"href":"https:\/\/folhadosudeste.com\/site\/index.php?rest_route=\/wp\/v2\/posts\/77394","targetHints":{"allow":["GET"]}}],"collection":[{"href":"https:\/\/folhadosudeste.com\/site\/index.php?rest_route=\/wp\/v2\/posts"}],"about":[{"href":"https:\/\/folhadosudeste.com\/site\/index.php?rest_route=\/wp\/v2\/types\/post"}],"author":[{"embeddable":true,"href":"https:\/\/folhadosudeste.com\/site\/index.php?rest_route=\/wp\/v2\/users\/6"}],"replies":[{"embeddable":true,"href":"https:\/\/folhadosudeste.com\/site\/index.php?rest_route=%2Fwp%2Fv2%2Fcomments&post=77394"}],"version-history":[{"count":1,"href":"https:\/\/folhadosudeste.com\/site\/index.php?rest_route=\/wp\/v2\/posts\/77394\/revisions"}],"predecessor-version":[{"id":77396,"href":"https:\/\/folhadosudeste.com\/site\/index.php?rest_route=\/wp\/v2\/posts\/77394\/revisions\/77396"}],"wp:attachment":[{"href":"https:\/\/folhadosudeste.com\/site\/index.php?rest_route=%2Fwp%2Fv2%2Fmedia&parent=77394"}],"wp:term":[{"taxonomy":"category","embeddable":true,"href":"https:\/\/folhadosudeste.com\/site\/index.php?rest_route=%2Fwp%2Fv2%2Fcategories&post=77394"},{"taxonomy":"post_tag","embeddable":true,"href":"https:\/\/folhadosudeste.com\/site\/index.php?rest_route=%2Fwp%2Fv2%2Ftags&post=77394"}],"curies":[{"name":"wp","href":"https:\/\/api.w.org\/{rel}","templated":true}]}}