{"id":77406,"date":"2021-09-16T21:54:35","date_gmt":"2021-09-16T21:54:35","guid":{"rendered":"http:\/\/folhadosudeste.com\/site\/?p=77406"},"modified":"2021-09-16T21:54:35","modified_gmt":"2021-09-16T21:54:35","slug":"semana-nacional-do-transito-tera-acoes-em-muriae","status":"publish","type":"post","link":"https:\/\/folhadosudeste.com\/site\/?p=77406","title":{"rendered":"Semana Nacional do Tr\u00e2nsito ter\u00e1 a\u00e7\u00f5es em Muria\u00e9"},"content":{"rendered":"<div class=\"adn ads\" data-message-id=\"#msg-f:1711087570646524312\" data-legacy-message-id=\"17bf01146bf8e198\">\n<div class=\"gs\">\n<div class=\"\">\n<div id=\":zc\" class=\"ii gt\">\n<div id=\":zd\" class=\"a3s aiL \">\n<div>\n<div>\n<div>\n<div style=\"text-align: justify;\">A Prefeitura, atrav\u00e9s do Departamento Municipal de Tr\u00e2nsito e Transportes, realizar\u00e1 diversas atividades alusivas \u00e0 Semana Nacional do Tr\u00e2nsito em Muria\u00e9 com o tema: \u201cRespeito e Responsabilidade, pratique no tr\u00e2nsito\u201d. Nesta sexta-feira, 17, ser\u00e1 realizada uma exposi\u00e7\u00e3o de ve\u00edculo acidentado na Pra\u00e7a Jo\u00e3o Pinheiro e ficar\u00e1 at\u00e9 o final da campanha.<\/div>\n<div style=\"text-align: justify;\">&nbsp;<\/div>\n<div style=\"text-align: justify;\">\u201cO objetivo \u00e9 chamar a aten\u00e7\u00e3o dos motoristas e motociclistas sobre os riscos que o tr\u00e2nsito pode provocar para a vida das pessoas. A iniciativa faz parte da campanha da Semana Nacional do Tr\u00e2nsito, que come\u00e7a na segunda, 20, e vai at\u00e9 o dia 25 deste m\u00eas\u201d, disse M\u00e1rio Brambila, do Demuttran.<\/div>\n<div style=\"text-align: justify;\">&nbsp;<\/div>\n<div style=\"text-align: justify;\">As a\u00e7\u00f5es est\u00e3o sob coordena\u00e7\u00e3o do \u00f3rg\u00e3o,&nbsp; em parceria com diversas secretarias municipais, dentre elas a da Educa\u00e7\u00e3o e a de Governo, al\u00e9m do Demsur e outras institui\u00e7\u00f5es parceiras.<\/div>\n<div style=\"text-align: justify;\">&nbsp;<\/div>\n<div style=\"text-align: justify;\">\u201cTemos que ter em mente que o tr\u00e2nsito s\u00f3 muda quando n\u00f3s mudamos nossos h\u00e1bitos, somos mais respeitosos no volante ou guid\u00e3o de uma motocicletas. Cada um tem que fazer a sua parte\u201d, disse Tenente Anderson, diretor do Demuttran.<\/div>\n<\/div>\n<\/div>\n<\/div>\n<\/div>\n<\/div>\n<\/div>\n<\/div>\n<\/div>\n<p><!--more--><\/p>\n<div id=\":zd\" class=\"a3s aiL \">\n<div>\n<div>\n<div>\n<div style=\"text-align: justify;\">A abertura oficial da campanha ser\u00e1 atrav\u00e9s das redes sociais. Na ter\u00e7a-feira, 21, acontecer\u00e1 uma palestra para os motoristas do Demsur, enquanto na quinta-feira, 23, haver\u00e1 Blitz Educativa com a participa\u00e7\u00e3o de alunos da Rede Municipal de Ensino.<\/div>\n<div style=\"text-align: justify;\">&nbsp;<\/div>\n<div style=\"text-align: justify;\">Enquanto os sem\u00e1foros estiverem fechados para os motoristas, uma faixa ser\u00e1 estendida na frente dos carros com orienta\u00e7\u00f5es sobre seguran\u00e7a no tr\u00e2nsito. O encerramento da Semana ser\u00e1 na sexta-feira, 24 de setembro, com a entrega de premia\u00e7\u00e3o aos alunos ganhadores do concurso de par\u00f3dias.<\/div>\n<\/div>\n<\/div>\n<\/div>\n<\/div>\n<div class=\"yj6qo\" style=\"text-align: justify;\">&nbsp;<\/div>\n<div class=\"gA gt acV\">\n<div class=\"gB xu\">\n<div class=\"ip iq\" style=\"text-align: justify;\">&nbsp;<\/div>\n<\/div>\n<\/div>\n","protected":false},"excerpt":{"rendered":"<p>A Prefeitura, atrav\u00e9s do Departamento Municipal de Tr\u00e2nsito e Transportes, realizar\u00e1 diversas atividades alusivas \u00e0 Semana Nacional do Tr\u00e2nsito em Muria\u00e9 com o tema: \u201cRespeito e Responsabilidade, pratique no tr\u00e2nsito\u201d. Nesta sexta-feira, 17, ser\u00e1 realizada uma exposi\u00e7\u00e3o de ve\u00edculo acidentado na Pra\u00e7a Jo\u00e3o Pinheiro e ficar\u00e1 at\u00e9 o final da campanha. &nbsp; \u201cO objetivo \u00e9 [&hellip;]<\/p>\n","protected":false},"author":6,"featured_media":0,"comment_status":"open","ping_status":"closed","sticky":false,"template":"","format":"standard","meta":{"_joinchat":[],"footnotes":""},"categories":[1],"tags":[],"class_list":["post-77406","post","type-post","status-publish","format-standard","hentry","category-sem-categoria"],"_links":{"self":[{"href":"https:\/\/folhadosudeste.com\/site\/index.php?rest_route=\/wp\/v2\/posts\/77406","targetHints":{"allow":["GET"]}}],"collection":[{"href":"https:\/\/folhadosudeste.com\/site\/index.php?rest_route=\/wp\/v2\/posts"}],"about":[{"href":"https:\/\/folhadosudeste.com\/site\/index.php?rest_route=\/wp\/v2\/types\/post"}],"author":[{"embeddable":true,"href":"https:\/\/folhadosudeste.com\/site\/index.php?rest_route=\/wp\/v2\/users\/6"}],"replies":[{"embeddable":true,"href":"https:\/\/folhadosudeste.com\/site\/index.php?rest_route=%2Fwp%2Fv2%2Fcomments&post=77406"}],"version-history":[{"count":1,"href":"https:\/\/folhadosudeste.com\/site\/index.php?rest_route=\/wp\/v2\/posts\/77406\/revisions"}],"predecessor-version":[{"id":77407,"href":"https:\/\/folhadosudeste.com\/site\/index.php?rest_route=\/wp\/v2\/posts\/77406\/revisions\/77407"}],"wp:attachment":[{"href":"https:\/\/folhadosudeste.com\/site\/index.php?rest_route=%2Fwp%2Fv2%2Fmedia&parent=77406"}],"wp:term":[{"taxonomy":"category","embeddable":true,"href":"https:\/\/folhadosudeste.com\/site\/index.php?rest_route=%2Fwp%2Fv2%2Fcategories&post=77406"},{"taxonomy":"post_tag","embeddable":true,"href":"https:\/\/folhadosudeste.com\/site\/index.php?rest_route=%2Fwp%2Fv2%2Ftags&post=77406"}],"curies":[{"name":"wp","href":"https:\/\/api.w.org\/{rel}","templated":true}]}}