{"id":77408,"date":"2021-09-16T21:56:41","date_gmt":"2021-09-16T21:56:41","guid":{"rendered":"http:\/\/folhadosudeste.com\/site\/?p=77408"},"modified":"2021-09-16T21:56:41","modified_gmt":"2021-09-16T21:56:41","slug":"seis-novos-casos-de-covid-19-foram-confirmados-em-muriae","status":"publish","type":"post","link":"https:\/\/folhadosudeste.com\/site\/?p=77408","title":{"rendered":"Seis novos casos de covid-19 foram confirmados em Muria\u00e9"},"content":{"rendered":"<div><a href=\"http:\/\/folhadosudeste.com\/site\/wp-content\/uploads\/2021\/09\/16092021.jpeg\"><img loading=\"lazy\" decoding=\"async\" class=\"alignnone size-full wp-image-77409\" src=\"http:\/\/folhadosudeste.com\/site\/wp-content\/uploads\/2021\/09\/16092021.jpeg\" alt=\"\" width=\"1080\" height=\"1080\" srcset=\"https:\/\/folhadosudeste.com\/site\/wp-content\/uploads\/2021\/09\/16092021.jpeg 1080w, https:\/\/folhadosudeste.com\/site\/wp-content\/uploads\/2021\/09\/16092021-150x150.jpeg 150w, https:\/\/folhadosudeste.com\/site\/wp-content\/uploads\/2021\/09\/16092021-300x300.jpeg 300w, https:\/\/folhadosudeste.com\/site\/wp-content\/uploads\/2021\/09\/16092021-768x768.jpeg 768w, https:\/\/folhadosudeste.com\/site\/wp-content\/uploads\/2021\/09\/16092021-1024x1024.jpeg 1024w\" sizes=\"auto, (max-width: 1080px) 100vw, 1080px\" \/><\/a><\/div>\n<div>&nbsp;<\/div>\n<div style=\"text-align: justify;\">Seis novos casos de covid-19 foram confirmados em Muria\u00e9, conforme mostra o boletim desta quinta-feira. O n\u00famero de pacientes ativos no momento totaliza 59 pessoas, das quais 22 est\u00e3o internadas &#8211; s\u00e3o tr\u00eas em leitos de enfermaria e 19 em UTIs.<\/div>\n<div style=\"text-align: justify;\">&nbsp;<\/div>\n<div style=\"text-align: justify;\">M\u00e9dia m\u00f3vel &#8211; Ao se considerar apenas os n\u00fameros das \u00faltimas duas semanas, a m\u00e9dia atual \u00e9 de 9,14 casos di\u00e1rios. O n\u00famero \u00e9 22% mais baixo que o de 14 dias atr\u00e1s, o que significa que a covid apresentou tend\u00eancia de redu\u00e7\u00e3o ao longo do per\u00edodo analisado.<\/div>\n<div style=\"text-align: justify;\">&nbsp;<\/div>\n<div style=\"text-align: justify;\">Vacina\u00e7\u00e3o &#8211; Na sexta-feira, continua acontecendo a aplica\u00e7\u00e3o de segunda dose de Coronavac e Pfizer para as pessoas agendadas at\u00e9 o dia 17 de setembro (conforme data marcada no cart\u00e3o de vacinas). J\u00e1 a aplica\u00e7\u00e3o da segunda dose da Astrazeneca segue suspensa at\u00e9 a chegada de mais unidades do imunizante.<\/div>\n<p><!--more--><\/p>\n<div style=\"text-align: justify;\">N\u00fameros completos de hoje (16\/09\/2021):<\/div>\n<div style=\"text-align: justify;\">&nbsp;<\/div>\n<div style=\"text-align: justify;\">VACINA\u00c7\u00c3O<\/div>\n<div style=\"text-align: justify;\">Parcialmente vacinados: 76.662 pessoas (70,08% da popula\u00e7\u00e3o)<\/div>\n<div style=\"text-align: justify;\">Totalmente vacinados: 44.203 pessoas (40,41% da popula\u00e7\u00e3o)<\/div>\n<div style=\"text-align: justify;\">&nbsp;<\/div>\n<div style=\"text-align: justify;\">CASOS<\/div>\n<div style=\"text-align: justify;\">Total de casos confirmados: 11.696 (+6)<\/div>\n<div style=\"text-align: justify;\">Pacientes ativos: 59<\/div>\n<div style=\"text-align: justify;\">Pacientes curados: 11.327<\/div>\n<div style=\"text-align: justify;\">\u00d3bitos: 310<\/div>\n<div style=\"text-align: justify;\">Investigados \/ Monitorados: 75<\/div>\n<div style=\"text-align: justify;\">Negativos: 13.919<\/div>\n<div>&nbsp;<\/div>\n<div><a href=\"http:\/\/folhadosudeste.com\/site\/wp-content\/uploads\/2021\/09\/COVID-19_-EVOLU\u00c7\u00c3O-DA-M\u00c9DIA-M\u00d3VEL-DE-CASOS-E-\u00d3BITOS-EM-2-SEMANAS-1.png\"><img loading=\"lazy\" decoding=\"async\" class=\"alignnone size-full wp-image-77410\" src=\"http:\/\/folhadosudeste.com\/site\/wp-content\/uploads\/2021\/09\/COVID-19_-EVOLU\u00c7\u00c3O-DA-M\u00c9DIA-M\u00d3VEL-DE-CASOS-E-\u00d3BITOS-EM-2-SEMANAS-1.png\" alt=\"\" width=\"1000\" height=\"619\" srcset=\"https:\/\/folhadosudeste.com\/site\/wp-content\/uploads\/2021\/09\/COVID-19_-EVOLU\u00c7\u00c3O-DA-M\u00c9DIA-M\u00d3VEL-DE-CASOS-E-\u00d3BITOS-EM-2-SEMANAS-1.png 1000w, https:\/\/folhadosudeste.com\/site\/wp-content\/uploads\/2021\/09\/COVID-19_-EVOLU\u00c7\u00c3O-DA-M\u00c9DIA-M\u00d3VEL-DE-CASOS-E-\u00d3BITOS-EM-2-SEMANAS-1-300x186.png 300w, https:\/\/folhadosudeste.com\/site\/wp-content\/uploads\/2021\/09\/COVID-19_-EVOLU\u00c7\u00c3O-DA-M\u00c9DIA-M\u00d3VEL-DE-CASOS-E-\u00d3BITOS-EM-2-SEMANAS-1-768x475.png 768w\" sizes=\"auto, (max-width: 1000px) 100vw, 1000px\" \/><\/a><\/div>\n","protected":false},"excerpt":{"rendered":"<p>&nbsp; Seis novos casos de covid-19 foram confirmados em Muria\u00e9, conforme mostra o boletim desta quinta-feira. O n\u00famero de pacientes ativos no momento totaliza 59 pessoas, das quais 22 est\u00e3o internadas &#8211; s\u00e3o tr\u00eas em leitos de enfermaria e 19 em UTIs. &nbsp; M\u00e9dia m\u00f3vel &#8211; Ao se considerar apenas os n\u00fameros das \u00faltimas duas [&hellip;]<\/p>\n","protected":false},"author":6,"featured_media":0,"comment_status":"open","ping_status":"closed","sticky":false,"template":"","format":"standard","meta":{"_joinchat":[],"footnotes":""},"categories":[1],"tags":[],"class_list":["post-77408","post","type-post","status-publish","format-standard","hentry","category-sem-categoria"],"_links":{"self":[{"href":"https:\/\/folhadosudeste.com\/site\/index.php?rest_route=\/wp\/v2\/posts\/77408","targetHints":{"allow":["GET"]}}],"collection":[{"href":"https:\/\/folhadosudeste.com\/site\/index.php?rest_route=\/wp\/v2\/posts"}],"about":[{"href":"https:\/\/folhadosudeste.com\/site\/index.php?rest_route=\/wp\/v2\/types\/post"}],"author":[{"embeddable":true,"href":"https:\/\/folhadosudeste.com\/site\/index.php?rest_route=\/wp\/v2\/users\/6"}],"replies":[{"embeddable":true,"href":"https:\/\/folhadosudeste.com\/site\/index.php?rest_route=%2Fwp%2Fv2%2Fcomments&post=77408"}],"version-history":[{"count":1,"href":"https:\/\/folhadosudeste.com\/site\/index.php?rest_route=\/wp\/v2\/posts\/77408\/revisions"}],"predecessor-version":[{"id":77411,"href":"https:\/\/folhadosudeste.com\/site\/index.php?rest_route=\/wp\/v2\/posts\/77408\/revisions\/77411"}],"wp:attachment":[{"href":"https:\/\/folhadosudeste.com\/site\/index.php?rest_route=%2Fwp%2Fv2%2Fmedia&parent=77408"}],"wp:term":[{"taxonomy":"category","embeddable":true,"href":"https:\/\/folhadosudeste.com\/site\/index.php?rest_route=%2Fwp%2Fv2%2Fcategories&post=77408"},{"taxonomy":"post_tag","embeddable":true,"href":"https:\/\/folhadosudeste.com\/site\/index.php?rest_route=%2Fwp%2Fv2%2Ftags&post=77408"}],"curies":[{"name":"wp","href":"https:\/\/api.w.org\/{rel}","templated":true}]}}