{"id":77436,"date":"2021-09-17T14:12:42","date_gmt":"2021-09-17T14:12:42","guid":{"rendered":"http:\/\/folhadosudeste.com\/site\/?p=77436"},"modified":"2021-09-17T14:12:42","modified_gmt":"2021-09-17T14:12:42","slug":"ate-quando-esperar","status":"publish","type":"post","link":"https:\/\/folhadosudeste.com\/site\/?p=77436","title":{"rendered":"AT\u00c9 QUANDO ESPERAR?"},"content":{"rendered":"<p><a href=\"http:\/\/folhadosudeste.com\/site\/wp-content\/uploads\/2021\/09\/WhatsApp-Image-2021-09-17-at-11.04.50-3.jpeg\"><img loading=\"lazy\" decoding=\"async\" class=\"alignnone size-full wp-image-77437\" src=\"http:\/\/folhadosudeste.com\/site\/wp-content\/uploads\/2021\/09\/WhatsApp-Image-2021-09-17-at-11.04.50-3.jpeg\" alt=\"\" width=\"900\" height=\"1600\" srcset=\"https:\/\/folhadosudeste.com\/site\/wp-content\/uploads\/2021\/09\/WhatsApp-Image-2021-09-17-at-11.04.50-3.jpeg 900w, https:\/\/folhadosudeste.com\/site\/wp-content\/uploads\/2021\/09\/WhatsApp-Image-2021-09-17-at-11.04.50-3-169x300.jpeg 169w, https:\/\/folhadosudeste.com\/site\/wp-content\/uploads\/2021\/09\/WhatsApp-Image-2021-09-17-at-11.04.50-3-768x1365.jpeg 768w, https:\/\/folhadosudeste.com\/site\/wp-content\/uploads\/2021\/09\/WhatsApp-Image-2021-09-17-at-11.04.50-3-576x1024.jpeg 576w\" sizes=\"auto, (max-width: 900px) 100vw, 900px\" \/><\/a><\/p>\n<p>Em entrevista \u00e0 R\u00e1dio Muria\u00e9 em 10 de maio do corrente ano, o Secret\u00e1rio de Obras Carlos Kneip, estimava que em at\u00e9 tr\u00eas (3) meses, todas as pra\u00e7as da cidade em reforma estariam conclu\u00eddas.<br \/>\nBem, os tr\u00eas meses estimados naquela entrevista foram completados em agosto e, infelizmente, para o bairro Jo\u00e3o XXIII, as obras n\u00e3o foram conclu\u00eddas e nem parece que ser\u00e3o t\u00e3o cedo.<br \/>\nDesde o m\u00eas de julho, n\u00e3o h\u00e1 mais ningu\u00e9m trabalhando na revitaliza\u00e7\u00e3o da pra\u00e7a, que promete ficar muito bonita, apesar do muito que h\u00e1 para se fazer. Ou ser\u00e1 que a Prefeitura Municipal e a Secretaria de Obras consideram que a reforma j\u00e1 foi conclu\u00edda?<br \/>\nSe est\u00e1, como pode ser considerada conclu\u00edda uma reforma na qual os brinquedos do playground, objeto de muitos questionamentos por parte de muitos pais, n\u00e3o foram instalados, apesar de constarem na planta do projeto?<br \/>\nComo pode ser considerada conclu\u00edda uma reforma que sequer concluiu a pintura da quadra poliesportiva? Ou ela deixou de ser poliesportiva e tornou-se exclusiva para os praticantes de futsal? E conclu\u00edda sem trocar os refletores queimados que dificulta e atrapalha o seu uso \u00e0 noite? E a tela de prote\u00e7\u00e3o sobre a quadra? N\u00e3o mais haver\u00e1?<\/p>\n<p><!--more--><br \/>\nComo pode ser considerada conclu\u00edda uma reforma que entrega uma quadra de v\u00f4lei(???) e peteca sem os devidos buracos para coloca\u00e7\u00e3o dos postes para a instala\u00e7\u00e3o das redes de jogo? Talvez os jogadores se transformem nos postes, n\u00e3o? Ou as redes ser\u00e3o amarradas de uma \u00e1rvore a outra?! E sobre o poste de ilumina\u00e7\u00e3o instalado praticamente dentro da mesma, interroga\u00e7\u00f5es n\u00e3o faltam.<br \/>\nComo pode ser considerada conclu\u00edda uma obra que deixou a pra\u00e7a com uma ilumina\u00e7\u00e3o ainda incompleta e sem uma reforma paisag\u00edstica que n\u00e3o tocou nos gramados em torno da mesma e nem realizou as podas, ou mesmo corte de \u00e1rvores, que n\u00e3o s\u00f3 atrapalham a ilumina\u00e7\u00e3o como impede que a bel\u00edssima e primeira flora\u00e7\u00e3o de um ip\u00ea pudesse ser devidamente apreciada em toda a sua beleza?<br \/>\nEstas s\u00e3o algumas das quest\u00f5es colocadas e que os moradores aguardam respostas. Melhor, a conclus\u00e3o da reforma, pois, em outubro se completar\u00e1 um (1) ano que a pra\u00e7a entrou em revitaliza\u00e7\u00e3o e todos j\u00e1 esperavam que ap\u00f3s todo este tempo os trabalhos j\u00e1 estivessem totalmente conclu\u00eddos para que o desfrute deste nosso espa\u00e7o de lazer j\u00e1 pudesse ser feito de forma plena e absoluta.<br \/>\nSenhor alcaide, n\u00e3o estamos pedindo muito. Apenas o que nos \u00e9 devido.<\/p>\n<p>Prof. W. Clark<\/p>\n<p>P.S. Nem toquei na quest\u00e3o das escadas e cal\u00e7adas. Tampouco do quiosque.<\/p>\n<p>&nbsp;<\/p>\n<p><strong>Nota de esclarecimento do Secret\u00e1rio Municipal de Obras P\u00fablicas<\/strong><\/p>\n<p style=\"text-align: justify;\">Carlos Kneip, Secret\u00e1rio Municipal de Obras P\u00fablicas, explicou sobre as obras da quadra poliesportiva e da pra\u00e7a do bairro Jo\u00e3o XXIII, que se encontram atrasadas. \u201cO processo ficou emperrado porque a administra\u00e7\u00e3o 2017-2020 n\u00e3o aditou prazo para que pudessem ser conclu\u00eddas estas obras em 2021\u201d, disse ele.<br \/>\nAo assumir a pasta, o secret\u00e1rio verificou os impedimentos e o prefeito Jos\u00e9 Braz encaminhou o projeto para a C\u00e2mara Municipal para que as obras com recursos da Finisa fossem aditados. \u201cOs vereadores tiveram que aprovar esta continuidade pelo uso destes recursos e nova auditoria\u201d.<br \/>\nO servi\u00e7o no Jo\u00e3o XXIII est\u00e1 com 99,9% conclu\u00edda faltando a instala\u00e7\u00e3o da tela superior do fechamento da quadra. \u201cA comunidade est\u00e1 incomodada porque a pra\u00e7a est\u00e1 pronta, mas com uma \u2018cara de velha\u2019. O projeto elaborado pela gest\u00e3o anterior n\u00e3o previu passeios no contorno e jardinagem no local\u201d, disse o secret\u00e1rio lembrando ainda que a instala\u00e7\u00e3o de brinquedos para o parquinho infantil n\u00e3o foram previstos pelo projeto anterior. \u201cPara que a pra\u00e7a n\u00e3o fique sem este benef\u00edcio, iremos licitar brinquedos que suportem as intemp\u00e9ries do tempo. Os que foram instalados pela gest\u00e3o anterior est\u00e3o se desintegrando. Vamos, no pr\u00f3ximo ano, melhorar onde est\u00e1 ocorrendo este problema e elaborar projetos adequados\u201d, explicou o secret\u00e1rio lembrando que a prefeitura ainda cumpre o or\u00e7amento votado e aprovado no ano passado. \u201cPara 2022 vamos trabalhar dentro de uma previs\u00e3o nossa, da Gest\u00e3o Jos\u00e9 Braz\/Marcos Guarino. Vamos dar uma nova cara para as pra\u00e7as, n\u00e3o s\u00f3 do Jo\u00e3o XXIII, mas de todos os bairros da cidade\u201d, esclareceu.<\/p>\n<p><a href=\"http:\/\/folhadosudeste.com\/site\/wp-content\/uploads\/2021\/09\/WhatsApp-Image-2021-09-17-at-11.04.50.jpeg\"><img loading=\"lazy\" decoding=\"async\" class=\"alignnone size-full wp-image-77438\" src=\"http:\/\/folhadosudeste.com\/site\/wp-content\/uploads\/2021\/09\/WhatsApp-Image-2021-09-17-at-11.04.50.jpeg\" alt=\"\" width=\"900\" height=\"1600\" srcset=\"https:\/\/folhadosudeste.com\/site\/wp-content\/uploads\/2021\/09\/WhatsApp-Image-2021-09-17-at-11.04.50.jpeg 900w, https:\/\/folhadosudeste.com\/site\/wp-content\/uploads\/2021\/09\/WhatsApp-Image-2021-09-17-at-11.04.50-169x300.jpeg 169w, https:\/\/folhadosudeste.com\/site\/wp-content\/uploads\/2021\/09\/WhatsApp-Image-2021-09-17-at-11.04.50-768x1365.jpeg 768w, https:\/\/folhadosudeste.com\/site\/wp-content\/uploads\/2021\/09\/WhatsApp-Image-2021-09-17-at-11.04.50-576x1024.jpeg 576w\" sizes=\"auto, (max-width: 900px) 100vw, 900px\" \/><\/a> <a href=\"http:\/\/folhadosudeste.com\/site\/wp-content\/uploads\/2021\/09\/WhatsApp-Image-2021-09-17-at-11.04.50-1.jpeg\"><img loading=\"lazy\" decoding=\"async\" class=\"alignnone size-full wp-image-77439\" src=\"http:\/\/folhadosudeste.com\/site\/wp-content\/uploads\/2021\/09\/WhatsApp-Image-2021-09-17-at-11.04.50-1.jpeg\" alt=\"\" width=\"720\" height=\"1280\" srcset=\"https:\/\/folhadosudeste.com\/site\/wp-content\/uploads\/2021\/09\/WhatsApp-Image-2021-09-17-at-11.04.50-1.jpeg 720w, https:\/\/folhadosudeste.com\/site\/wp-content\/uploads\/2021\/09\/WhatsApp-Image-2021-09-17-at-11.04.50-1-169x300.jpeg 169w, https:\/\/folhadosudeste.com\/site\/wp-content\/uploads\/2021\/09\/WhatsApp-Image-2021-09-17-at-11.04.50-1-576x1024.jpeg 576w\" sizes=\"auto, (max-width: 720px) 100vw, 720px\" \/><\/a> <a href=\"http:\/\/folhadosudeste.com\/site\/wp-content\/uploads\/2021\/09\/WhatsApp-Image-2021-09-17-at-11.04.50-2.jpeg\"><img loading=\"lazy\" decoding=\"async\" class=\"alignnone size-full wp-image-77440\" src=\"http:\/\/folhadosudeste.com\/site\/wp-content\/uploads\/2021\/09\/WhatsApp-Image-2021-09-17-at-11.04.50-2.jpeg\" alt=\"\" width=\"900\" height=\"1600\" srcset=\"https:\/\/folhadosudeste.com\/site\/wp-content\/uploads\/2021\/09\/WhatsApp-Image-2021-09-17-at-11.04.50-2.jpeg 900w, https:\/\/folhadosudeste.com\/site\/wp-content\/uploads\/2021\/09\/WhatsApp-Image-2021-09-17-at-11.04.50-2-169x300.jpeg 169w, https:\/\/folhadosudeste.com\/site\/wp-content\/uploads\/2021\/09\/WhatsApp-Image-2021-09-17-at-11.04.50-2-768x1365.jpeg 768w, https:\/\/folhadosudeste.com\/site\/wp-content\/uploads\/2021\/09\/WhatsApp-Image-2021-09-17-at-11.04.50-2-576x1024.jpeg 576w\" sizes=\"auto, (max-width: 900px) 100vw, 900px\" \/><\/a> <a href=\"http:\/\/folhadosudeste.com\/site\/wp-content\/uploads\/2021\/09\/WhatsApp-Image-2021-09-17-at-11.04.50-4.jpeg\"><img loading=\"lazy\" decoding=\"async\" class=\"alignnone size-full wp-image-77441\" src=\"http:\/\/folhadosudeste.com\/site\/wp-content\/uploads\/2021\/09\/WhatsApp-Image-2021-09-17-at-11.04.50-4.jpeg\" alt=\"\" width=\"900\" height=\"1600\" srcset=\"https:\/\/folhadosudeste.com\/site\/wp-content\/uploads\/2021\/09\/WhatsApp-Image-2021-09-17-at-11.04.50-4.jpeg 900w, https:\/\/folhadosudeste.com\/site\/wp-content\/uploads\/2021\/09\/WhatsApp-Image-2021-09-17-at-11.04.50-4-169x300.jpeg 169w, https:\/\/folhadosudeste.com\/site\/wp-content\/uploads\/2021\/09\/WhatsApp-Image-2021-09-17-at-11.04.50-4-768x1365.jpeg 768w, https:\/\/folhadosudeste.com\/site\/wp-content\/uploads\/2021\/09\/WhatsApp-Image-2021-09-17-at-11.04.50-4-576x1024.jpeg 576w\" sizes=\"auto, (max-width: 900px) 100vw, 900px\" \/><\/a><\/p>\n","protected":false},"excerpt":{"rendered":"<p>Em entrevista \u00e0 R\u00e1dio Muria\u00e9 em 10 de maio do corrente ano, o Secret\u00e1rio de Obras Carlos Kneip, estimava que em at\u00e9 tr\u00eas (3) meses, todas as pra\u00e7as da cidade em reforma estariam conclu\u00eddas. Bem, os tr\u00eas meses estimados naquela entrevista foram completados em agosto e, infelizmente, para o bairro Jo\u00e3o XXIII, as obras n\u00e3o [&hellip;]<\/p>\n","protected":false},"author":6,"featured_media":0,"comment_status":"open","ping_status":"closed","sticky":false,"template":"","format":"standard","meta":{"_joinchat":[],"footnotes":""},"categories":[1],"tags":[],"class_list":["post-77436","post","type-post","status-publish","format-standard","hentry","category-sem-categoria"],"_links":{"self":[{"href":"https:\/\/folhadosudeste.com\/site\/index.php?rest_route=\/wp\/v2\/posts\/77436","targetHints":{"allow":["GET"]}}],"collection":[{"href":"https:\/\/folhadosudeste.com\/site\/index.php?rest_route=\/wp\/v2\/posts"}],"about":[{"href":"https:\/\/folhadosudeste.com\/site\/index.php?rest_route=\/wp\/v2\/types\/post"}],"author":[{"embeddable":true,"href":"https:\/\/folhadosudeste.com\/site\/index.php?rest_route=\/wp\/v2\/users\/6"}],"replies":[{"embeddable":true,"href":"https:\/\/folhadosudeste.com\/site\/index.php?rest_route=%2Fwp%2Fv2%2Fcomments&post=77436"}],"version-history":[{"count":1,"href":"https:\/\/folhadosudeste.com\/site\/index.php?rest_route=\/wp\/v2\/posts\/77436\/revisions"}],"predecessor-version":[{"id":77442,"href":"https:\/\/folhadosudeste.com\/site\/index.php?rest_route=\/wp\/v2\/posts\/77436\/revisions\/77442"}],"wp:attachment":[{"href":"https:\/\/folhadosudeste.com\/site\/index.php?rest_route=%2Fwp%2Fv2%2Fmedia&parent=77436"}],"wp:term":[{"taxonomy":"category","embeddable":true,"href":"https:\/\/folhadosudeste.com\/site\/index.php?rest_route=%2Fwp%2Fv2%2Fcategories&post=77436"},{"taxonomy":"post_tag","embeddable":true,"href":"https:\/\/folhadosudeste.com\/site\/index.php?rest_route=%2Fwp%2Fv2%2Ftags&post=77436"}],"curies":[{"name":"wp","href":"https:\/\/api.w.org\/{rel}","templated":true}]}}