{"id":77464,"date":"2021-09-20T22:29:58","date_gmt":"2021-09-20T22:29:58","guid":{"rendered":"http:\/\/folhadosudeste.com\/site\/?p=77464"},"modified":"2021-09-20T22:29:58","modified_gmt":"2021-09-20T22:29:58","slug":"o-boletim-desta-segunda-feira-trouxe-a-confirmacao-de-mais-uma-morte-provocada-pela-covid-19-em-muriae","status":"publish","type":"post","link":"https:\/\/folhadosudeste.com\/site\/?p=77464","title":{"rendered":"O boletim desta segunda-feira trouxe a confirma\u00e7\u00e3o de mais uma morte provocada pela covid-19 em Muria\u00e9"},"content":{"rendered":"<p><a href=\"http:\/\/folhadosudeste.com\/site\/wp-content\/uploads\/2021\/09\/20092021.jpeg\"><img loading=\"lazy\" decoding=\"async\" class=\"alignnone size-full wp-image-77465\" src=\"http:\/\/folhadosudeste.com\/site\/wp-content\/uploads\/2021\/09\/20092021.jpeg\" alt=\"\" width=\"1080\" height=\"1080\" srcset=\"https:\/\/folhadosudeste.com\/site\/wp-content\/uploads\/2021\/09\/20092021.jpeg 1080w, https:\/\/folhadosudeste.com\/site\/wp-content\/uploads\/2021\/09\/20092021-150x150.jpeg 150w, https:\/\/folhadosudeste.com\/site\/wp-content\/uploads\/2021\/09\/20092021-300x300.jpeg 300w, https:\/\/folhadosudeste.com\/site\/wp-content\/uploads\/2021\/09\/20092021-768x768.jpeg 768w, https:\/\/folhadosudeste.com\/site\/wp-content\/uploads\/2021\/09\/20092021-1024x1024.jpeg 1024w\" sizes=\"auto, (max-width: 1080px) 100vw, 1080px\" \/><\/a><\/p>\n<p style=\"text-align: justify;\">O boletim desta segunda-feira trouxe a confirma\u00e7\u00e3o de mais uma morte provocada pela covid-19 em Muria\u00e9.&nbsp;<\/p>\n<div style=\"text-align: justify;\">&nbsp;O \u00f3bito foi de uma mulher de 82 anos que faleceu na \u00faltima quinta, dia 16. Ela tamb\u00e9m sofria de hipertens\u00e3o e hipotireoidismo.<\/div>\n<div style=\"text-align: justify;\">&nbsp;<\/div>\n<div style=\"text-align: justify;\">Tamb\u00e9m foram registrados 15 novos casos da doen\u00e7a. O n\u00famero de pacientes ativos no momento totalizada 54 pessoas, das quais 13 est\u00e3o internadas &#8211; s\u00e3o dois em leitos de enfermaria e 11 em UTIs. Al\u00e9m desses, h\u00e1 outras sete pessoas de outras cidades internadas em Muria\u00e9.<\/div>\n<div style=\"text-align: justify;\">&nbsp;<\/div>\n<div style=\"text-align: justify;\">M\u00e9dia m\u00f3vel &#8211; Ao se considerar apenas os n\u00fameros das \u00faltimas duas semanas, a m\u00e9dia atual \u00e9 de 10,8 casos di\u00e1rios. O n\u00famero \u00e9 12% mais alto que o de 14 dias atr\u00e1s, o que significa que, durante esse per\u00edodo, o cen\u00e1rio da covid na cidade foi de oscila\u00e7\u00e3o para cima, por\u00e9m ainda dentro do patamar considerado como estabilidade (at\u00e9 15%).<\/div>\n<p><!--more--><\/p>\n<div style=\"text-align: justify;\">&nbsp;<\/div>\n<div style=\"text-align: justify;\">N\u00fameros completos de hoje (20\/09\/2021):<\/div>\n<div style=\"text-align: justify;\">&nbsp;<\/div>\n<div style=\"text-align: justify;\">VACINA\u00c7\u00c3O<\/div>\n<div style=\"text-align: justify;\">Parcialmente vacinados: 76.768 pessoas (70,18% da popula\u00e7\u00e3o)<\/div>\n<div style=\"text-align: justify;\">Totalmente vacinados: 45.374 pessoas (41,48% da popula\u00e7\u00e3o)<\/div>\n<div style=\"text-align: justify;\">&nbsp;<\/div>\n<div style=\"text-align: justify;\">CASOS<\/div>\n<div style=\"text-align: justify;\">Total de casos confirmados: 11.725 (+15)<\/div>\n<div style=\"text-align: justify;\">Pacientes ativos: 54<\/div>\n<div style=\"text-align: justify;\">Pacientes curados: 11.360<\/div>\n<div style=\"text-align: justify;\">\u00d3bitos: 311 (+1)<\/div>\n<div style=\"text-align: justify;\">Investigados \/ Monitorados: 37<\/div>\n<div style=\"text-align: justify;\">Negativos: 14.024<\/div>\n<div>&nbsp;<\/div>\n<div><a href=\"http:\/\/folhadosudeste.com\/site\/wp-content\/uploads\/2021\/09\/COVID-19_-OSCILA\u00c7\u00c3O-DA-M\u00c9DIA-M\u00d3VEL-DE-CASOS-E-\u00d3BITOS-EM-2-SEMANAS.png\"><img loading=\"lazy\" decoding=\"async\" class=\"alignnone size-full wp-image-77466\" src=\"http:\/\/folhadosudeste.com\/site\/wp-content\/uploads\/2021\/09\/COVID-19_-OSCILA\u00c7\u00c3O-DA-M\u00c9DIA-M\u00d3VEL-DE-CASOS-E-\u00d3BITOS-EM-2-SEMANAS.png\" alt=\"\" width=\"1000\" height=\"619\" srcset=\"https:\/\/folhadosudeste.com\/site\/wp-content\/uploads\/2021\/09\/COVID-19_-OSCILA\u00c7\u00c3O-DA-M\u00c9DIA-M\u00d3VEL-DE-CASOS-E-\u00d3BITOS-EM-2-SEMANAS.png 1000w, https:\/\/folhadosudeste.com\/site\/wp-content\/uploads\/2021\/09\/COVID-19_-OSCILA\u00c7\u00c3O-DA-M\u00c9DIA-M\u00d3VEL-DE-CASOS-E-\u00d3BITOS-EM-2-SEMANAS-300x186.png 300w, https:\/\/folhadosudeste.com\/site\/wp-content\/uploads\/2021\/09\/COVID-19_-OSCILA\u00c7\u00c3O-DA-M\u00c9DIA-M\u00d3VEL-DE-CASOS-E-\u00d3BITOS-EM-2-SEMANAS-768x475.png 768w\" sizes=\"auto, (max-width: 1000px) 100vw, 1000px\" \/><\/a><\/div>\n","protected":false},"excerpt":{"rendered":"<p>O boletim desta segunda-feira trouxe a confirma\u00e7\u00e3o de mais uma morte provocada pela covid-19 em Muria\u00e9.&nbsp; &nbsp;O \u00f3bito foi de uma mulher de 82 anos que faleceu na \u00faltima quinta, dia 16. Ela tamb\u00e9m sofria de hipertens\u00e3o e hipotireoidismo. &nbsp; Tamb\u00e9m foram registrados 15 novos casos da doen\u00e7a. O n\u00famero de pacientes ativos no momento [&hellip;]<\/p>\n","protected":false},"author":6,"featured_media":0,"comment_status":"open","ping_status":"closed","sticky":false,"template":"","format":"standard","meta":{"_joinchat":[],"footnotes":""},"categories":[1],"tags":[],"class_list":["post-77464","post","type-post","status-publish","format-standard","hentry","category-sem-categoria"],"_links":{"self":[{"href":"https:\/\/folhadosudeste.com\/site\/index.php?rest_route=\/wp\/v2\/posts\/77464","targetHints":{"allow":["GET"]}}],"collection":[{"href":"https:\/\/folhadosudeste.com\/site\/index.php?rest_route=\/wp\/v2\/posts"}],"about":[{"href":"https:\/\/folhadosudeste.com\/site\/index.php?rest_route=\/wp\/v2\/types\/post"}],"author":[{"embeddable":true,"href":"https:\/\/folhadosudeste.com\/site\/index.php?rest_route=\/wp\/v2\/users\/6"}],"replies":[{"embeddable":true,"href":"https:\/\/folhadosudeste.com\/site\/index.php?rest_route=%2Fwp%2Fv2%2Fcomments&post=77464"}],"version-history":[{"count":1,"href":"https:\/\/folhadosudeste.com\/site\/index.php?rest_route=\/wp\/v2\/posts\/77464\/revisions"}],"predecessor-version":[{"id":77467,"href":"https:\/\/folhadosudeste.com\/site\/index.php?rest_route=\/wp\/v2\/posts\/77464\/revisions\/77467"}],"wp:attachment":[{"href":"https:\/\/folhadosudeste.com\/site\/index.php?rest_route=%2Fwp%2Fv2%2Fmedia&parent=77464"}],"wp:term":[{"taxonomy":"category","embeddable":true,"href":"https:\/\/folhadosudeste.com\/site\/index.php?rest_route=%2Fwp%2Fv2%2Fcategories&post=77464"},{"taxonomy":"post_tag","embeddable":true,"href":"https:\/\/folhadosudeste.com\/site\/index.php?rest_route=%2Fwp%2Fv2%2Ftags&post=77464"}],"curies":[{"name":"wp","href":"https:\/\/api.w.org\/{rel}","templated":true}]}}