{"id":77474,"date":"2021-09-21T23:46:35","date_gmt":"2021-09-21T23:46:35","guid":{"rendered":"http:\/\/folhadosudeste.com\/site\/?p=77474"},"modified":"2021-09-21T23:46:35","modified_gmt":"2021-09-21T23:46:35","slug":"projeto-social-na-zona-da-mata-forma-agentes-da-cidadania","status":"publish","type":"post","link":"https:\/\/folhadosudeste.com\/site\/?p=77474","title":{"rendered":"Projeto social na Zona da Mata forma agentes da cidadania"},"content":{"rendered":"<p><a href=\"http:\/\/folhadosudeste.com\/site\/wp-content\/uploads\/2021\/09\/Agentes-da-Cidadania_2021_Felipe-Briguente-Coelho-Alves.png\"><img loading=\"lazy\" decoding=\"async\" class=\"alignnone  wp-image-77475\" src=\"http:\/\/folhadosudeste.com\/site\/wp-content\/uploads\/2021\/09\/Agentes-da-Cidadania_2021_Felipe-Briguente-Coelho-Alves.png\" alt=\"\" width=\"789\" height=\"794\" srcset=\"https:\/\/folhadosudeste.com\/site\/wp-content\/uploads\/2021\/09\/Agentes-da-Cidadania_2021_Felipe-Briguente-Coelho-Alves.png 595w, https:\/\/folhadosudeste.com\/site\/wp-content\/uploads\/2021\/09\/Agentes-da-Cidadania_2021_Felipe-Briguente-Coelho-Alves-150x150.png 150w, https:\/\/folhadosudeste.com\/site\/wp-content\/uploads\/2021\/09\/Agentes-da-Cidadania_2021_Felipe-Briguente-Coelho-Alves-298x300.png 298w\" sizes=\"auto, (max-width: 789px) 100vw, 789px\" \/><\/a><\/p>\n<p style=\"font-weight: 400; text-align: justify;\"><em>Programa \u201cAgentes da Cidadania\u201d desenvolve lideran\u00e7as pol\u00edticas e iniciativas em benef\u00edcio das comunidades da regi\u00e3o<\/em><\/p>\n<p style=\"font-weight: 400; text-align: justify;\">Reconhecer, valorizar e desenvolver o potencial dos jovens brasileiros para a educa\u00e7\u00e3o pol\u00edtica e para a participa\u00e7\u00e3o social em suas comunidades. Com esse objetivo, o Programa Agentes da Cidadania chegou \u00e0 Zona da Mata de Minas Gerais em 2021, nos munic\u00edpios de Mira\u00ed, Muria\u00e9, Ros\u00e1rio da Limeira e S\u00e3o Sebasti\u00e3o da Vargem Alegre. Coordenado pelo Instituto de Governo Aberto e Instituto Cidade Democr\u00e1tica, com apoio da Companhia Brasileira de Alum\u00ednio (CBA) e do Instituto Votorantim, o programa capacita jovens de 16 a 24 anos, incentivando-os no desenvolvimento de a\u00e7\u00f5es a favor da cidadania.<\/p>\n<p style=\"font-weight: 400; text-align: justify;\">A iniciativa selecionou 30 jovens, que participam de oficinas formativas aos fins de semana, multiplicam o conte\u00fado aprendido para a popula\u00e7\u00e3o, utilizam e divulgam um aplicativo de consulta p\u00fablica para outros jovens e cidad\u00e3os, al\u00e9m de analisar os problemas do munic\u00edpio e realizar projetos com apoio e acompanhamento de especialistas, sempre com o objetivo de promover a cidadania e o engajamento pol\u00edtico da popula\u00e7\u00e3o local.&nbsp;Para garantir o acesso \u00e0s atividades online, os jovens recebem apoio para ter internet em casa ou no celular.<\/p>\n<p style=\"font-weight: 400; text-align: justify;\"><!--more--><\/p>\n<p style=\"font-weight: 400; text-align: justify;\">As oficinas formativas s\u00e3o realizadas de forma virtual, com rodas de conversas e jogos interativos sobre temas relativos \u00e0 participa\u00e7\u00e3o social e \u00e0 cidadania. A primeira etapa visa fornecer alguns conceitos importantes sobre pol\u00edtica, como divis\u00e3o dos poderes, direitos do cidad\u00e3o e quest\u00f5es sociais relevantes. Em seguida, as a\u00e7\u00f5es de mobiliza\u00e7\u00e3o estimulam que os jovens coloquem em pr\u00e1tica o conhecimento adquirido e atuem em conjunto na regi\u00e3o, engajando as comunidades em iniciativas nas \u00e1reas de cultura, educa\u00e7\u00e3o, esporte, meio ambiente, entre outras.<\/p>\n<p style=\"font-weight: 400; text-align: justify;\">Para o processo de sele\u00e7\u00e3o dos volunt\u00e1rios, o programa contou com o apoio de diversas organiza\u00e7\u00f5es, coletivos, movimentos, atores pol\u00edticos e lideran\u00e7as locais das cidades envolvidas, o que resultou em mais de 120 inscri\u00e7\u00f5es em Minas Gerais. No primeiro m\u00eas do programa, os volunt\u00e1rios foram desafiados a realizar consultas p\u00fablicas sobre a pol\u00edtica no Brasil, nas quais fizeram um levantamento com as pessoas de seu conv\u00edvio sobre o atual cen\u00e1rio do pa\u00eds. Al\u00e9m disso, as primeiras etapas do programa ainda apresentaram e trabalharam outros conceitos importantes, como representatividade, identidade e juventude pol\u00edtica.<\/p>\n<p style=\"font-weight: 400; text-align: justify;\">Ap\u00f3s as consultas, foram desenvolvidas atividades mais espec\u00edficas, a partir das observa\u00e7\u00f5es feitas nos encontros formativos. Nelas, os jovens volunt\u00e1rios produziram v\u00eddeos e participaram de jogos interativos sobre representatividade pol\u00edtica e direitos do cidad\u00e3o. Por fim, conversaram com pessoas do seu entorno para identificar os problemas dos seus bairros, de modo a fazer um pedido de acesso \u00e0 informa\u00e7\u00e3o ou uma reclama\u00e7\u00e3o formal para a Prefeitura e\/ou para a C\u00e2mara Municipal de suas cidades.<\/p>\n<p style=\"font-weight: 400; text-align: justify;\">Segundo Vanessa Menegueti, cofundadora do Instituto Governo Aberto e coordenadora do programa Agentes da Cidadania, os problemas indicados para as C\u00e2maras e para as Prefeituras j\u00e1 est\u00e3o sendo atendidos. \u201cUm bom exemplo \u00e9 o da jovem B\u00e1rbara Helena Barcaro, moradora de Mira\u00ed, que indicou um problema no asfalto da rua onde mora, que j\u00e1 est\u00e1 sendo corrigido pelo Poder P\u00fablico. Isso \u00e9 muito importante para os jovens, \u00e9 algo que pode mudar a vida deles, pois assim conseguem enxergar que realmente s\u00e3o cidad\u00e3os ativos, com vozes que s\u00e3o ouvidas. Tudo isso mostra que eles t\u00eam a capacidade de transformar a pr\u00f3pria realidade, o que \u00e9 muito gratificante para todos os envolvidos\u201d, destaca.<\/p>\n<p style=\"font-weight: 400; text-align: justify;\">Para Christian Fonseca de Andrade, gerente das unidades da CBA na Zona da Mata, o desenvolvimento do programa est\u00e1 alinhado ao compromisso de investir em a\u00e7\u00f5es sociais e colaborar para o desenvolvimento das comunidades dos munic\u00edpios onde a Companhia atua. \u201c\u00c9 uma linha de trabalho extensa, feita em conjunto com o Instituto Votorantim e com diversos parceiros locais, sempre alinhadas aos objetivos do Desenvolvimento Sustent\u00e1vel (ODS), que beneficiam as comunidades dos munic\u00edpios onde atuamos de forma a gerar valor compartilhado e colaborar para o desenvolvimento sustent\u00e1vel\u201d, afirma.<\/p>\n<p style=\"font-weight: 400; text-align: justify;\">O Agentes da Cidadania est\u00e1 em sua \u00faltima etapa, na qual os pr\u00f3prios jovens volunt\u00e1rios prop\u00f5em e desenvolvem projetos e a\u00e7\u00f5es coletivas para as suas cidades em diferentes aspectos sociais e temas de interesse.<\/p>\n<p style=\"font-weight: 400; text-align: justify;\"><strong>Sobre a CBA<\/strong><\/p>\n<p style=\"font-weight: 400; text-align: justify;\">Desde 1955, a Companhia Brasileira de Alum\u00ednio &#8211; CBA produz alum\u00ednio de alta qualidade de forma integrada e sustent\u00e1vel. Com capacidade instalada para produzir 100% de energia vinda de hidroel\u00e9tricas pr\u00f3prias, a CBA minera a bauxita, transforma em alum\u00ednio prim\u00e1rio (lingotes, tarugos, vergalh\u00f5es e placas) e produtos transformados (chapas, bobinas, folhas e perfis). Em estreita parceria com seus clientes, a CBA desenvolve solu\u00e7\u00f5es e servi\u00e7os para os mercados de embalagens e de transportes, conferindo mais leveza, durabilidade e uma vida melhor. A CBA est\u00e1 bem perto de voc\u00ea. Acesse:&nbsp;<a href=\"http:\/\/www.cba.com.br\/\" data-saferedirecturl=\"https:\/\/www.google.com\/url?q=http:\/\/www.cba.com.br\/&amp;source=gmail&amp;ust=1632353973078000&amp;usg=AFQjCNFrlDL3PC5Ee30iHyHVm67VzeemrQ\">www.cba.com.br<\/a>.<\/p>\n","protected":false},"excerpt":{"rendered":"<p>Programa \u201cAgentes da Cidadania\u201d desenvolve lideran\u00e7as pol\u00edticas e iniciativas em benef\u00edcio das comunidades da regi\u00e3o Reconhecer, valorizar e desenvolver o potencial dos jovens brasileiros para a educa\u00e7\u00e3o pol\u00edtica e para a participa\u00e7\u00e3o social em suas comunidades. Com esse objetivo, o Programa Agentes da Cidadania chegou \u00e0 Zona da Mata de Minas Gerais em 2021, nos [&hellip;]<\/p>\n","protected":false},"author":6,"featured_media":0,"comment_status":"open","ping_status":"closed","sticky":false,"template":"","format":"standard","meta":{"_joinchat":[],"footnotes":""},"categories":[1],"tags":[],"class_list":["post-77474","post","type-post","status-publish","format-standard","hentry","category-sem-categoria"],"_links":{"self":[{"href":"https:\/\/folhadosudeste.com\/site\/index.php?rest_route=\/wp\/v2\/posts\/77474","targetHints":{"allow":["GET"]}}],"collection":[{"href":"https:\/\/folhadosudeste.com\/site\/index.php?rest_route=\/wp\/v2\/posts"}],"about":[{"href":"https:\/\/folhadosudeste.com\/site\/index.php?rest_route=\/wp\/v2\/types\/post"}],"author":[{"embeddable":true,"href":"https:\/\/folhadosudeste.com\/site\/index.php?rest_route=\/wp\/v2\/users\/6"}],"replies":[{"embeddable":true,"href":"https:\/\/folhadosudeste.com\/site\/index.php?rest_route=%2Fwp%2Fv2%2Fcomments&post=77474"}],"version-history":[{"count":1,"href":"https:\/\/folhadosudeste.com\/site\/index.php?rest_route=\/wp\/v2\/posts\/77474\/revisions"}],"predecessor-version":[{"id":77476,"href":"https:\/\/folhadosudeste.com\/site\/index.php?rest_route=\/wp\/v2\/posts\/77474\/revisions\/77476"}],"wp:attachment":[{"href":"https:\/\/folhadosudeste.com\/site\/index.php?rest_route=%2Fwp%2Fv2%2Fmedia&parent=77474"}],"wp:term":[{"taxonomy":"category","embeddable":true,"href":"https:\/\/folhadosudeste.com\/site\/index.php?rest_route=%2Fwp%2Fv2%2Fcategories&post=77474"},{"taxonomy":"post_tag","embeddable":true,"href":"https:\/\/folhadosudeste.com\/site\/index.php?rest_route=%2Fwp%2Fv2%2Ftags&post=77474"}],"curies":[{"name":"wp","href":"https:\/\/api.w.org\/{rel}","templated":true}]}}