{"id":77493,"date":"2021-09-22T22:39:41","date_gmt":"2021-09-22T22:39:41","guid":{"rendered":"http:\/\/folhadosudeste.com\/site\/?p=77493"},"modified":"2021-09-22T22:39:41","modified_gmt":"2021-09-22T22:39:41","slug":"camara-aprova-instituicao-da-semana-do-campo-limpo-em-muriae","status":"publish","type":"post","link":"https:\/\/folhadosudeste.com\/site\/?p=77493","title":{"rendered":"C\u00e2mara aprova institui\u00e7\u00e3o da Semana do Campo Limpo em Muria\u00e9"},"content":{"rendered":"<p><a href=\"http:\/\/folhadosudeste.com\/site\/wp-content\/uploads\/2021\/09\/DSC_0018.jpg\"><img loading=\"lazy\" decoding=\"async\" class=\"alignnone size-full wp-image-77494\" src=\"http:\/\/folhadosudeste.com\/site\/wp-content\/uploads\/2021\/09\/DSC_0018.jpg\" alt=\"\" width=\"1500\" height=\"964\" srcset=\"https:\/\/folhadosudeste.com\/site\/wp-content\/uploads\/2021\/09\/DSC_0018.jpg 1500w, https:\/\/folhadosudeste.com\/site\/wp-content\/uploads\/2021\/09\/DSC_0018-300x193.jpg 300w, https:\/\/folhadosudeste.com\/site\/wp-content\/uploads\/2021\/09\/DSC_0018-768x494.jpg 768w, https:\/\/folhadosudeste.com\/site\/wp-content\/uploads\/2021\/09\/DSC_0018-1024x658.jpg 1024w\" sizes=\"auto, (max-width: 1500px) 100vw, 1500px\" \/><\/a><\/p>\n<p style=\"text-align: justify;\">Projeto de Lei que institui a Semana do Campo Limpo no calend\u00e1rio oficial de datas e eventos da cidade foi aprovado por unanimidade na sess\u00e3o desta ter\u00e7a-feira, dia 21, da C\u00e2mara de Muria\u00e9. De autoria da vereadora Miriam Fachhini (PP), a mat\u00e9ria de n\u00famero 193\/2021 segue agora para san\u00e7\u00e3o do Executivo.<\/p>\n<p style=\"text-align: justify;\">As atividades alusivas \u00e0 data ter\u00e3o in\u00edcio no dia 18 de agosto de cada ano. A Secretaria Municipal de Agricultura e Meio Ambiente ser\u00e1 a respons\u00e1vel pela realiza\u00e7\u00e3o da Semana do Campo Limpo, que poder\u00e1 envolver a ampla divulga\u00e7\u00e3o e realiza\u00e7\u00e3o de parcerias com revendedores, associa\u00e7\u00f5es e demais entidades da sociedade civil, Instituto Nacional de Processamento de Embalagens Vazias (inpEV) para organiza\u00e7\u00e3o de debates, palestras e recebimento das embalagens vazias de defensivos agr\u00edcolas. &nbsp;&nbsp;<\/p>\n<p style=\"text-align: justify;\">Os vereadores tamb\u00e9m aprovaram o PL que d\u00e1 denomina\u00e7\u00e3o a &#8220;Posto de Sa\u00fade Aloisio Garcia de Oliveira&#8221; \u00e0 Unidade B\u00e1sica de Sa\u00fade do distrito de Macuco (PL 192\/2021 de autoria do vereador Dr. Gerson Varella Neto &#8211; PSL) e o que institui o Dia Comemorativo dos Pipeiros em Muria\u00e9 no segundo domingo de novembro (PL 200\/2021 de autoria do vereador Devail &#8211; PP).<\/p>\n<p style=\"text-align: justify;\"><!--more--><\/p>\n<p style=\"text-align: justify;\">Tamb\u00e9m foram aprovados os projetos que declaram de utilidade p\u00fablica a Associa\u00e7\u00e3o Cultural e Promocional Maior Viola do Mundo localizada no distrito de Boa Fam\u00edlia (PL 209\/2021 de autoria da vereadora Miriam Facchini &#8211; PP) e o que d\u00e1 denomina\u00e7\u00e3o de Rua Ant\u00f4nio de Leles Martins a uma via localizada no bairro S\u00e3o Francisco (PL 210\/2021 de autoria do vereador Evandro Cheroso \u2013 Cidadania).<\/p>\n<p style=\"text-align: justify;\">Todas as mat\u00e9rias foram colocadas em pauta por determina\u00e7\u00e3o do presidente da Casa, Afonso da Sa\u00fade (PTB).<\/p>\n<p style=\"text-align: justify;\">Os projetos podem ser conferidos na \u00edntegra acessando o site da C\u00e2mara:&nbsp;<a href=\"http:\/\/www.camaramuriae.mg.gov.br\/\" target=\"_blank\" rel=\"noopener\" data-saferedirecturl=\"https:\/\/www.google.com\/url?q=http:\/\/www.camaramuriae.mg.gov.br&amp;source=gmail&amp;ust=1632434547059000&amp;usg=AFQjCNEDqzm2m3l6u7seGS_FpHbxa2-ThQ\">www.camaramuriae.mg.gov.br<\/a>, link \u201cSAPL\u201d, aba \u201cMat\u00e9rias Legislativas\u201d, op\u00e7\u00e3o \u201cProjeto de Lei\u201d, clicar em \u201cPesquisar\u201d.<\/p>\n<p><a href=\"http:\/\/folhadosudeste.com\/site\/wp-content\/uploads\/2021\/09\/DSC_0025.jpg\"><img loading=\"lazy\" decoding=\"async\" class=\"alignnone size-full wp-image-77495\" src=\"http:\/\/folhadosudeste.com\/site\/wp-content\/uploads\/2021\/09\/DSC_0025.jpg\" alt=\"\" width=\"1500\" height=\"946\" srcset=\"https:\/\/folhadosudeste.com\/site\/wp-content\/uploads\/2021\/09\/DSC_0025.jpg 1500w, https:\/\/folhadosudeste.com\/site\/wp-content\/uploads\/2021\/09\/DSC_0025-300x189.jpg 300w, https:\/\/folhadosudeste.com\/site\/wp-content\/uploads\/2021\/09\/DSC_0025-768x484.jpg 768w, https:\/\/folhadosudeste.com\/site\/wp-content\/uploads\/2021\/09\/DSC_0025-1024x646.jpg 1024w\" sizes=\"auto, (max-width: 1500px) 100vw, 1500px\" \/><\/a> <a href=\"http:\/\/folhadosudeste.com\/site\/wp-content\/uploads\/2021\/09\/DSC_0029.jpg\"><img loading=\"lazy\" decoding=\"async\" class=\"alignnone size-full wp-image-77496\" src=\"http:\/\/folhadosudeste.com\/site\/wp-content\/uploads\/2021\/09\/DSC_0029.jpg\" alt=\"\" width=\"1500\" height=\"1021\" srcset=\"https:\/\/folhadosudeste.com\/site\/wp-content\/uploads\/2021\/09\/DSC_0029.jpg 1500w, https:\/\/folhadosudeste.com\/site\/wp-content\/uploads\/2021\/09\/DSC_0029-300x204.jpg 300w, https:\/\/folhadosudeste.com\/site\/wp-content\/uploads\/2021\/09\/DSC_0029-768x523.jpg 768w, https:\/\/folhadosudeste.com\/site\/wp-content\/uploads\/2021\/09\/DSC_0029-1024x697.jpg 1024w, https:\/\/folhadosudeste.com\/site\/wp-content\/uploads\/2021\/09\/DSC_0029-220x150.jpg 220w\" sizes=\"auto, (max-width: 1500px) 100vw, 1500px\" \/><\/a> <a href=\"http:\/\/folhadosudeste.com\/site\/wp-content\/uploads\/2021\/09\/DSC_0910.jpg\"><img loading=\"lazy\" decoding=\"async\" class=\"alignnone size-full wp-image-77497\" src=\"http:\/\/folhadosudeste.com\/site\/wp-content\/uploads\/2021\/09\/DSC_0910.jpg\" alt=\"\" width=\"1500\" height=\"962\" srcset=\"https:\/\/folhadosudeste.com\/site\/wp-content\/uploads\/2021\/09\/DSC_0910.jpg 1500w, https:\/\/folhadosudeste.com\/site\/wp-content\/uploads\/2021\/09\/DSC_0910-300x192.jpg 300w, https:\/\/folhadosudeste.com\/site\/wp-content\/uploads\/2021\/09\/DSC_0910-768x493.jpg 768w, https:\/\/folhadosudeste.com\/site\/wp-content\/uploads\/2021\/09\/DSC_0910-1024x657.jpg 1024w\" sizes=\"auto, (max-width: 1500px) 100vw, 1500px\" \/><\/a> <a href=\"http:\/\/folhadosudeste.com\/site\/wp-content\/uploads\/2021\/09\/DSC_0945.jpg\"><img loading=\"lazy\" decoding=\"async\" class=\"alignnone size-full wp-image-77498\" src=\"http:\/\/folhadosudeste.com\/site\/wp-content\/uploads\/2021\/09\/DSC_0945.jpg\" alt=\"\" width=\"1500\" height=\"952\" srcset=\"https:\/\/folhadosudeste.com\/site\/wp-content\/uploads\/2021\/09\/DSC_0945.jpg 1500w, https:\/\/folhadosudeste.com\/site\/wp-content\/uploads\/2021\/09\/DSC_0945-300x190.jpg 300w, https:\/\/folhadosudeste.com\/site\/wp-content\/uploads\/2021\/09\/DSC_0945-768x487.jpg 768w, https:\/\/folhadosudeste.com\/site\/wp-content\/uploads\/2021\/09\/DSC_0945-1024x650.jpg 1024w\" sizes=\"auto, (max-width: 1500px) 100vw, 1500px\" \/><\/a><\/p>\n<p style=\"text-align: justify;\">&nbsp;<\/p>\n","protected":false},"excerpt":{"rendered":"<p>Projeto de Lei que institui a Semana do Campo Limpo no calend\u00e1rio oficial de datas e eventos da cidade foi aprovado por unanimidade na sess\u00e3o desta ter\u00e7a-feira, dia 21, da C\u00e2mara de Muria\u00e9. De autoria da vereadora Miriam Fachhini (PP), a mat\u00e9ria de n\u00famero 193\/2021 segue agora para san\u00e7\u00e3o do Executivo. As atividades alusivas \u00e0 [&hellip;]<\/p>\n","protected":false},"author":6,"featured_media":0,"comment_status":"open","ping_status":"closed","sticky":false,"template":"","format":"standard","meta":{"_joinchat":[],"footnotes":""},"categories":[1],"tags":[],"class_list":["post-77493","post","type-post","status-publish","format-standard","hentry","category-sem-categoria"],"_links":{"self":[{"href":"https:\/\/folhadosudeste.com\/site\/index.php?rest_route=\/wp\/v2\/posts\/77493","targetHints":{"allow":["GET"]}}],"collection":[{"href":"https:\/\/folhadosudeste.com\/site\/index.php?rest_route=\/wp\/v2\/posts"}],"about":[{"href":"https:\/\/folhadosudeste.com\/site\/index.php?rest_route=\/wp\/v2\/types\/post"}],"author":[{"embeddable":true,"href":"https:\/\/folhadosudeste.com\/site\/index.php?rest_route=\/wp\/v2\/users\/6"}],"replies":[{"embeddable":true,"href":"https:\/\/folhadosudeste.com\/site\/index.php?rest_route=%2Fwp%2Fv2%2Fcomments&post=77493"}],"version-history":[{"count":1,"href":"https:\/\/folhadosudeste.com\/site\/index.php?rest_route=\/wp\/v2\/posts\/77493\/revisions"}],"predecessor-version":[{"id":77499,"href":"https:\/\/folhadosudeste.com\/site\/index.php?rest_route=\/wp\/v2\/posts\/77493\/revisions\/77499"}],"wp:attachment":[{"href":"https:\/\/folhadosudeste.com\/site\/index.php?rest_route=%2Fwp%2Fv2%2Fmedia&parent=77493"}],"wp:term":[{"taxonomy":"category","embeddable":true,"href":"https:\/\/folhadosudeste.com\/site\/index.php?rest_route=%2Fwp%2Fv2%2Fcategories&post=77493"},{"taxonomy":"post_tag","embeddable":true,"href":"https:\/\/folhadosudeste.com\/site\/index.php?rest_route=%2Fwp%2Fv2%2Ftags&post=77493"}],"curies":[{"name":"wp","href":"https:\/\/api.w.org\/{rel}","templated":true}]}}