{"id":77503,"date":"2021-09-22T23:05:42","date_gmt":"2021-09-22T23:05:42","guid":{"rendered":"http:\/\/folhadosudeste.com\/site\/?p=77503"},"modified":"2021-09-22T23:05:42","modified_gmt":"2021-09-22T23:05:42","slug":"inscricoes-para-1a-corrida-rustica-de-vieiras-estao-abertas","status":"publish","type":"post","link":"https:\/\/folhadosudeste.com\/site\/?p=77503","title":{"rendered":"Inscri\u00e7\u00f5es para 1\u00aa Corrida R\u00fastica de Vieiras est\u00e3o abertas"},"content":{"rendered":"<p><a href=\"http:\/\/folhadosudeste.com\/site\/wp-content\/uploads\/2021\/09\/Arte-Corrida-R\u00fastica-de-Vieiras.jpg\"><img loading=\"lazy\" decoding=\"async\" class=\"alignnone size-full wp-image-77504\" src=\"http:\/\/folhadosudeste.com\/site\/wp-content\/uploads\/2021\/09\/Arte-Corrida-R\u00fastica-de-Vieiras.jpg\" alt=\"\" width=\"1350\" height=\"900\" srcset=\"https:\/\/folhadosudeste.com\/site\/wp-content\/uploads\/2021\/09\/Arte-Corrida-R\u00fastica-de-Vieiras.jpg 1350w, https:\/\/folhadosudeste.com\/site\/wp-content\/uploads\/2021\/09\/Arte-Corrida-R\u00fastica-de-Vieiras-300x200.jpg 300w, https:\/\/folhadosudeste.com\/site\/wp-content\/uploads\/2021\/09\/Arte-Corrida-R\u00fastica-de-Vieiras-768x512.jpg 768w, https:\/\/folhadosudeste.com\/site\/wp-content\/uploads\/2021\/09\/Arte-Corrida-R\u00fastica-de-Vieiras-1024x683.jpg 1024w, https:\/\/folhadosudeste.com\/site\/wp-content\/uploads\/2021\/09\/Arte-Corrida-R\u00fastica-de-Vieiras-120x80.jpg 120w, https:\/\/folhadosudeste.com\/site\/wp-content\/uploads\/2021\/09\/Arte-Corrida-R\u00fastica-de-Vieiras-345x230.jpg 345w\" sizes=\"auto, (max-width: 1350px) 100vw, 1350px\" \/><\/a><\/p>\n<p style=\"text-align: justify;\"><i>Evento in\u00e9dito na regi\u00e3o acontece dia 7 de novembro; haver\u00e1 premia\u00e7\u00e3o para as categorias feminino e masculino<\/i><\/p>\n<p style=\"text-align: justify;\">Vieiras sediar\u00e1 um evento in\u00e9dito em toda a regi\u00e3o. A cidade receber\u00e1 a sua 1\u00aa Corrida R\u00fastica no dia 7 de novembro. O evento tem a valida\u00e7\u00e3o da Federa\u00e7\u00e3o Mineira de Atletismo (FMA).<\/p>\n<p style=\"text-align: justify;\">As inscri\u00e7\u00f5es j\u00e1 est\u00e3o abertas e podem ser feitas somente pela internet, onde tamb\u00e9m consta o regulamento (<span style=\"color: #000000;\">www.<\/span><a href=\"http:\/\/cronochip.com.br\/\" target=\"_blank\" rel=\"noopener\" data-saferedirecturl=\"https:\/\/www.google.com\/url?q=http:\/\/cronochip.com.br&amp;source=gmail&amp;ust=1632434306970000&amp;usg=AFQjCNGOGCNGVT3hnxO9DstIgpxaPvhNlQ\">cronochip.com.br<\/a>). O prazo para o cadastro termina no dia 29 de outubro ou at\u00e9 atingir o limite de 150 atletas inscritos. O valor cobrado para participa\u00e7\u00e3o \u00e9 de R$40,00.<\/p>\n<p style=\"text-align: justify;\">Informa\u00e7\u00f5es podem ser obtidas neste mesmo endere\u00e7o eletr\u00f4nico ou presencialmente na Secretaria Municipal de Cultura, Esporte, Lazer e Turismo ou ainda pelo telefone (32) 3755-1000 \u2013 falar com Sheyla Cassin.<\/p>\n<p style=\"text-align: justify;\"><!--more--><\/p>\n<p style=\"text-align: justify;\">Haver\u00e1 premia\u00e7\u00e3o do 1\u00ba ao 5\u00ba colocado, do 1\u00ba colocado de cinco em cinco anos e para a primeira coloca\u00e7\u00e3o para PCD, militar e atletas da cidade, nas categorias masculino e feminino.<\/p>\n<p style=\"text-align: justify;\">A largada acontecer\u00e1 \u00e0s 8h, na Pra\u00e7a Dom Delfim, Centro de Vieiras, para o percurso de 7,8km. Haver\u00e1 suporte ao atleta durante todo o trajeto, mesa de frutas na largada, seguro-atleta e cronometragem eletr\u00f4nica.<\/p>\n<p style=\"text-align: justify;\">Importante frisar que todos os protocolos sanit\u00e1rios em preven\u00e7\u00e3o \u00e0 covid ser\u00e3o seguidos de acordo com determina\u00e7\u00f5es do Programa Minas Consciente.<\/p>\n<p style=\"text-align: justify;\">O evento \u00e9 uma realiza\u00e7\u00e3o da Prefeitura de Vieiras, Federa\u00e7\u00e3o Mineira de Atletismo e Mult Sports Eventos.&nbsp;<\/p>\n","protected":false},"excerpt":{"rendered":"<p>Evento in\u00e9dito na regi\u00e3o acontece dia 7 de novembro; haver\u00e1 premia\u00e7\u00e3o para as categorias feminino e masculino Vieiras sediar\u00e1 um evento in\u00e9dito em toda a regi\u00e3o. A cidade receber\u00e1 a sua 1\u00aa Corrida R\u00fastica no dia 7 de novembro. O evento tem a valida\u00e7\u00e3o da Federa\u00e7\u00e3o Mineira de Atletismo (FMA). As inscri\u00e7\u00f5es j\u00e1 est\u00e3o abertas [&hellip;]<\/p>\n","protected":false},"author":6,"featured_media":0,"comment_status":"open","ping_status":"closed","sticky":false,"template":"","format":"standard","meta":{"_joinchat":[],"footnotes":""},"categories":[1],"tags":[],"class_list":["post-77503","post","type-post","status-publish","format-standard","hentry","category-sem-categoria"],"_links":{"self":[{"href":"https:\/\/folhadosudeste.com\/site\/index.php?rest_route=\/wp\/v2\/posts\/77503","targetHints":{"allow":["GET"]}}],"collection":[{"href":"https:\/\/folhadosudeste.com\/site\/index.php?rest_route=\/wp\/v2\/posts"}],"about":[{"href":"https:\/\/folhadosudeste.com\/site\/index.php?rest_route=\/wp\/v2\/types\/post"}],"author":[{"embeddable":true,"href":"https:\/\/folhadosudeste.com\/site\/index.php?rest_route=\/wp\/v2\/users\/6"}],"replies":[{"embeddable":true,"href":"https:\/\/folhadosudeste.com\/site\/index.php?rest_route=%2Fwp%2Fv2%2Fcomments&post=77503"}],"version-history":[{"count":1,"href":"https:\/\/folhadosudeste.com\/site\/index.php?rest_route=\/wp\/v2\/posts\/77503\/revisions"}],"predecessor-version":[{"id":77505,"href":"https:\/\/folhadosudeste.com\/site\/index.php?rest_route=\/wp\/v2\/posts\/77503\/revisions\/77505"}],"wp:attachment":[{"href":"https:\/\/folhadosudeste.com\/site\/index.php?rest_route=%2Fwp%2Fv2%2Fmedia&parent=77503"}],"wp:term":[{"taxonomy":"category","embeddable":true,"href":"https:\/\/folhadosudeste.com\/site\/index.php?rest_route=%2Fwp%2Fv2%2Fcategories&post=77503"},{"taxonomy":"post_tag","embeddable":true,"href":"https:\/\/folhadosudeste.com\/site\/index.php?rest_route=%2Fwp%2Fv2%2Ftags&post=77503"}],"curies":[{"name":"wp","href":"https:\/\/api.w.org\/{rel}","templated":true}]}}