{"id":77518,"date":"2021-09-23T13:58:06","date_gmt":"2021-09-23T13:58:06","guid":{"rendered":"http:\/\/folhadosudeste.com\/site\/?p=77518"},"modified":"2021-09-23T13:58:06","modified_gmt":"2021-09-23T13:58:06","slug":"muriae-comeca-a-vacinar-adolescentes-nesta-quinta","status":"publish","type":"post","link":"https:\/\/folhadosudeste.com\/site\/?p=77518","title":{"rendered":"Muria\u00e9 come\u00e7a a vacinar adolescentes nesta quinta"},"content":{"rendered":"<p><a href=\"http:\/\/folhadosudeste.com\/site\/wp-content\/uploads\/2021\/09\/WhatsApp-Image-2021-09-23-at-10.53.49.jpeg\"><img loading=\"lazy\" decoding=\"async\" class=\"alignnone size-full wp-image-77519\" src=\"http:\/\/folhadosudeste.com\/site\/wp-content\/uploads\/2021\/09\/WhatsApp-Image-2021-09-23-at-10.53.49.jpeg\" alt=\"\" width=\"1024\" height=\"768\" srcset=\"https:\/\/folhadosudeste.com\/site\/wp-content\/uploads\/2021\/09\/WhatsApp-Image-2021-09-23-at-10.53.49.jpeg 1024w, https:\/\/folhadosudeste.com\/site\/wp-content\/uploads\/2021\/09\/WhatsApp-Image-2021-09-23-at-10.53.49-300x225.jpeg 300w, https:\/\/folhadosudeste.com\/site\/wp-content\/uploads\/2021\/09\/WhatsApp-Image-2021-09-23-at-10.53.49-768x576.jpeg 768w\" sizes=\"auto, (max-width: 1024px) 100vw, 1024px\" \/><\/a><\/p>\n<p style=\"text-align: justify;\">Chegou a vez dos adolescentes de Muria\u00e9 se vacinarem contra a covid-19. A aplica\u00e7\u00e3o da primeira dose para este grupo ser\u00e1 de acordo com o seguinte calend\u00e1rio:<\/p>\n<p style=\"text-align: justify;\">&#8211; Quinta (23\/09): de 15 a 17 anos<br \/>\n&#8211; Sexta (24\/09): de 12 a 14 anos<\/p>\n<p style=\"text-align: justify;\">IMPORTANTE: a vacina\u00e7\u00e3o \u00e9 liberada para todos os adolescentes inclu\u00eddos na faixa et\u00e1ria. N\u00e3o \u00e9 necess\u00e1rio ter comorbidade para se vacinar.<\/p>\n<p style=\"text-align: justify;\">O atendimento ser\u00e1 das 8h \u00e0s 11h, nas UBSs dos bairros Cardoso de Melo, Gaspar, Inconfid\u00eancia, Joan\u00f3polis, Jos\u00e9 Cirilo, Patrim\u00f4nio S\u00e3o Jos\u00e9, Planalto, Primavera, Recanto Verde, Santana, Santo Ant\u00f4nio, S\u00e3o Francisco e S\u00e3o Gotardo. Tamb\u00e9m haver\u00e1 vacina\u00e7\u00e3o nos distritos de Belis\u00e1rio, Boa Fam\u00edlia, Bom Jesus, Itamuri e Vermelho.<\/p>\n<p style=\"text-align: justify;\">Pfizer antecipou para 8 semanas. Ou seja, pode tomar a segunda dose 28 dias antes do previsto<\/p>\n<p style=\"text-align: justify;\">Com a devida autoriza\u00e7\u00e3o do Minist\u00e9rio da Sa\u00fade, o intervalo entre a primeira e a segunda dose da vacina da Pfizer contra covid-19 foi reduzido para oito semanas em vez de 12.<\/p>\n<p><!--more--><\/p>\n<p style=\"text-align: justify;\">Ou seja: agora a segunda dose do imunizante pode ser feita dois meses depois da primeira, e n\u00e3o mais ap\u00f3s tr\u00eas meses.<\/p>\n<p style=\"text-align: justify;\">Assim, quem estiver com segunda dose da Pfizer agendada deve conferir a data no cart\u00e3o e contar quatro semanas (ou 28 dias) a menos no calend\u00e1rio. Quem j\u00e1 estiver apto, de acordo com esse c\u00e1lculo, pode procurar um dos pontos de vacina\u00e7\u00e3o contra covid.<\/p>\n<p style=\"text-align: justify;\">Esses registros foram feitos hoje no PSF Primavera pelo o Folha do Sudeste, onde a diretora do jornal L\u00facia Helena tamb\u00e9m tomou a segunda dose da Pfizer.<\/p>\n<p><a href=\"http:\/\/folhadosudeste.com\/site\/wp-content\/uploads\/2021\/09\/WhatsApp-Image-2021-09-23-at-10.53.49-1.jpeg\"><img loading=\"lazy\" decoding=\"async\" class=\"alignnone size-full wp-image-77520\" src=\"http:\/\/folhadosudeste.com\/site\/wp-content\/uploads\/2021\/09\/WhatsApp-Image-2021-09-23-at-10.53.49-1.jpeg\" alt=\"\" width=\"1280\" height=\"720\" srcset=\"https:\/\/folhadosudeste.com\/site\/wp-content\/uploads\/2021\/09\/WhatsApp-Image-2021-09-23-at-10.53.49-1.jpeg 1280w, https:\/\/folhadosudeste.com\/site\/wp-content\/uploads\/2021\/09\/WhatsApp-Image-2021-09-23-at-10.53.49-1-300x169.jpeg 300w, https:\/\/folhadosudeste.com\/site\/wp-content\/uploads\/2021\/09\/WhatsApp-Image-2021-09-23-at-10.53.49-1-768x432.jpeg 768w, https:\/\/folhadosudeste.com\/site\/wp-content\/uploads\/2021\/09\/WhatsApp-Image-2021-09-23-at-10.53.49-1-1024x576.jpeg 1024w\" sizes=\"auto, (max-width: 1280px) 100vw, 1280px\" \/><\/a> <a href=\"http:\/\/folhadosudeste.com\/site\/wp-content\/uploads\/2021\/09\/WhatsApp-Image-2021-09-23-at-10.53.49-2.jpeg\"><img loading=\"lazy\" decoding=\"async\" class=\"alignnone size-full wp-image-77521\" src=\"http:\/\/folhadosudeste.com\/site\/wp-content\/uploads\/2021\/09\/WhatsApp-Image-2021-09-23-at-10.53.49-2.jpeg\" alt=\"\" width=\"1024\" height=\"768\" srcset=\"https:\/\/folhadosudeste.com\/site\/wp-content\/uploads\/2021\/09\/WhatsApp-Image-2021-09-23-at-10.53.49-2.jpeg 1024w, https:\/\/folhadosudeste.com\/site\/wp-content\/uploads\/2021\/09\/WhatsApp-Image-2021-09-23-at-10.53.49-2-300x225.jpeg 300w, https:\/\/folhadosudeste.com\/site\/wp-content\/uploads\/2021\/09\/WhatsApp-Image-2021-09-23-at-10.53.49-2-768x576.jpeg 768w\" sizes=\"auto, (max-width: 1024px) 100vw, 1024px\" \/><\/a> <a href=\"http:\/\/folhadosudeste.com\/site\/wp-content\/uploads\/2021\/09\/WhatsApp-Image-2021-09-23-at-10.53.49-3.jpeg\"><img loading=\"lazy\" decoding=\"async\" class=\"alignnone size-full wp-image-77522\" src=\"http:\/\/folhadosudeste.com\/site\/wp-content\/uploads\/2021\/09\/WhatsApp-Image-2021-09-23-at-10.53.49-3.jpeg\" alt=\"\" width=\"768\" height=\"1024\" srcset=\"https:\/\/folhadosudeste.com\/site\/wp-content\/uploads\/2021\/09\/WhatsApp-Image-2021-09-23-at-10.53.49-3.jpeg 768w, https:\/\/folhadosudeste.com\/site\/wp-content\/uploads\/2021\/09\/WhatsApp-Image-2021-09-23-at-10.53.49-3-225x300.jpeg 225w\" sizes=\"auto, (max-width: 768px) 100vw, 768px\" \/><\/a> <a href=\"http:\/\/folhadosudeste.com\/site\/wp-content\/uploads\/2021\/09\/WhatsApp-Image-2021-09-23-at-10.53.49-4.jpeg\"><img loading=\"lazy\" decoding=\"async\" class=\"alignnone size-full wp-image-77523\" src=\"http:\/\/folhadosudeste.com\/site\/wp-content\/uploads\/2021\/09\/WhatsApp-Image-2021-09-23-at-10.53.49-4.jpeg\" alt=\"\" width=\"780\" height=\"1040\" srcset=\"https:\/\/folhadosudeste.com\/site\/wp-content\/uploads\/2021\/09\/WhatsApp-Image-2021-09-23-at-10.53.49-4.jpeg 780w, https:\/\/folhadosudeste.com\/site\/wp-content\/uploads\/2021\/09\/WhatsApp-Image-2021-09-23-at-10.53.49-4-225x300.jpeg 225w, https:\/\/folhadosudeste.com\/site\/wp-content\/uploads\/2021\/09\/WhatsApp-Image-2021-09-23-at-10.53.49-4-768x1024.jpeg 768w\" sizes=\"auto, (max-width: 780px) 100vw, 780px\" \/><\/a> <a href=\"http:\/\/folhadosudeste.com\/site\/wp-content\/uploads\/2021\/09\/WhatsApp-Image-2021-09-23-at-10.53.49-5.jpeg\"><img loading=\"lazy\" decoding=\"async\" class=\"alignnone size-full wp-image-77524\" src=\"http:\/\/folhadosudeste.com\/site\/wp-content\/uploads\/2021\/09\/WhatsApp-Image-2021-09-23-at-10.53.49-5.jpeg\" alt=\"\" width=\"768\" height=\"1024\" srcset=\"https:\/\/folhadosudeste.com\/site\/wp-content\/uploads\/2021\/09\/WhatsApp-Image-2021-09-23-at-10.53.49-5.jpeg 768w, https:\/\/folhadosudeste.com\/site\/wp-content\/uploads\/2021\/09\/WhatsApp-Image-2021-09-23-at-10.53.49-5-225x300.jpeg 225w\" sizes=\"auto, (max-width: 768px) 100vw, 768px\" \/><\/a> <a href=\"http:\/\/folhadosudeste.com\/site\/wp-content\/uploads\/2021\/09\/WhatsApp-Image-2021-09-23-at-10.53.49-6.jpeg\"><img loading=\"lazy\" decoding=\"async\" class=\"alignnone size-full wp-image-77525\" src=\"http:\/\/folhadosudeste.com\/site\/wp-content\/uploads\/2021\/09\/WhatsApp-Image-2021-09-23-at-10.53.49-6.jpeg\" alt=\"\" width=\"768\" height=\"1024\" srcset=\"https:\/\/folhadosudeste.com\/site\/wp-content\/uploads\/2021\/09\/WhatsApp-Image-2021-09-23-at-10.53.49-6.jpeg 768w, https:\/\/folhadosudeste.com\/site\/wp-content\/uploads\/2021\/09\/WhatsApp-Image-2021-09-23-at-10.53.49-6-225x300.jpeg 225w\" sizes=\"auto, (max-width: 768px) 100vw, 768px\" \/><\/a><\/p>\n","protected":false},"excerpt":{"rendered":"<p>Chegou a vez dos adolescentes de Muria\u00e9 se vacinarem contra a covid-19. A aplica\u00e7\u00e3o da primeira dose para este grupo ser\u00e1 de acordo com o seguinte calend\u00e1rio: &#8211; Quinta (23\/09): de 15 a 17 anos &#8211; Sexta (24\/09): de 12 a 14 anos IMPORTANTE: a vacina\u00e7\u00e3o \u00e9 liberada para todos os adolescentes inclu\u00eddos na faixa [&hellip;]<\/p>\n","protected":false},"author":6,"featured_media":0,"comment_status":"open","ping_status":"closed","sticky":false,"template":"","format":"standard","meta":{"_joinchat":[],"footnotes":""},"categories":[1],"tags":[],"class_list":["post-77518","post","type-post","status-publish","format-standard","hentry","category-sem-categoria"],"_links":{"self":[{"href":"https:\/\/folhadosudeste.com\/site\/index.php?rest_route=\/wp\/v2\/posts\/77518","targetHints":{"allow":["GET"]}}],"collection":[{"href":"https:\/\/folhadosudeste.com\/site\/index.php?rest_route=\/wp\/v2\/posts"}],"about":[{"href":"https:\/\/folhadosudeste.com\/site\/index.php?rest_route=\/wp\/v2\/types\/post"}],"author":[{"embeddable":true,"href":"https:\/\/folhadosudeste.com\/site\/index.php?rest_route=\/wp\/v2\/users\/6"}],"replies":[{"embeddable":true,"href":"https:\/\/folhadosudeste.com\/site\/index.php?rest_route=%2Fwp%2Fv2%2Fcomments&post=77518"}],"version-history":[{"count":1,"href":"https:\/\/folhadosudeste.com\/site\/index.php?rest_route=\/wp\/v2\/posts\/77518\/revisions"}],"predecessor-version":[{"id":77526,"href":"https:\/\/folhadosudeste.com\/site\/index.php?rest_route=\/wp\/v2\/posts\/77518\/revisions\/77526"}],"wp:attachment":[{"href":"https:\/\/folhadosudeste.com\/site\/index.php?rest_route=%2Fwp%2Fv2%2Fmedia&parent=77518"}],"wp:term":[{"taxonomy":"category","embeddable":true,"href":"https:\/\/folhadosudeste.com\/site\/index.php?rest_route=%2Fwp%2Fv2%2Fcategories&post=77518"},{"taxonomy":"post_tag","embeddable":true,"href":"https:\/\/folhadosudeste.com\/site\/index.php?rest_route=%2Fwp%2Fv2%2Ftags&post=77518"}],"curies":[{"name":"wp","href":"https:\/\/api.w.org\/{rel}","templated":true}]}}