{"id":77527,"date":"2021-09-23T13:59:37","date_gmt":"2021-09-23T13:59:37","guid":{"rendered":"http:\/\/folhadosudeste.com\/site\/?p=77527"},"modified":"2021-09-23T13:59:37","modified_gmt":"2021-09-23T13:59:37","slug":"feira-agroecologica-acontecera-tambem-na-praca-sao-paulo","status":"publish","type":"post","link":"https:\/\/folhadosudeste.com\/site\/?p=77527","title":{"rendered":"Feira agroecol\u00f3gica acontecer\u00e1 tamb\u00e9m na Pra\u00e7a S\u00e3o Paulo"},"content":{"rendered":"<div id=\":2y\" class=\"ii gt\">\n<div id=\":2z\" class=\"a3s aiL \">\n<div>\n<div>\n<div>\n<figure id=\"attachment_77529\" aria-describedby=\"caption-attachment-77529\" style=\"width: 1300px\" class=\"wp-caption alignnone\"><a href=\"http:\/\/folhadosudeste.com\/site\/wp-content\/uploads\/2021\/09\/frutas-e-legumes-1-1.jpg\"><img loading=\"lazy\" decoding=\"async\" class=\"size-full wp-image-77529\" src=\"http:\/\/folhadosudeste.com\/site\/wp-content\/uploads\/2021\/09\/frutas-e-legumes-1-1.jpg\" alt=\"\" width=\"1300\" height=\"730\" srcset=\"https:\/\/folhadosudeste.com\/site\/wp-content\/uploads\/2021\/09\/frutas-e-legumes-1-1.jpg 1300w, https:\/\/folhadosudeste.com\/site\/wp-content\/uploads\/2021\/09\/frutas-e-legumes-1-1-300x168.jpg 300w, https:\/\/folhadosudeste.com\/site\/wp-content\/uploads\/2021\/09\/frutas-e-legumes-1-1-768x431.jpg 768w, https:\/\/folhadosudeste.com\/site\/wp-content\/uploads\/2021\/09\/frutas-e-legumes-1-1-1024x575.jpg 1024w\" sizes=\"auto, (max-width: 1300px) 100vw, 1300px\" \/><\/a><figcaption id=\"caption-attachment-77529\" class=\"wp-caption-text\">http:\/\/www.dreamstime.com\/stock-photo-fruits-vegetables-traditional-market-san-telmo-buenos-aires-image33654940<\/figcaption><\/figure>\n<p style=\"text-align: justify;\" align=\"justify\">Uma uni\u00e3o entre&nbsp;a&nbsp;Cooperativa dos&nbsp;Produtores&nbsp;da Agricultura Familiar&nbsp;Solid\u00e1ria&nbsp;(Coopaf)&nbsp;e&nbsp;a&nbsp;Prefeitura de&nbsp;Muria\u00e9&nbsp;possibilitar\u00e1 que&nbsp;a&nbsp;\u2018Feira&nbsp;Agroecol\u00f3gica\u2019,&nbsp;que j\u00e1 acontece&nbsp;\u00e0s quartas-feiras na Pra\u00e7a do Trabalhador&nbsp;(Barra),&nbsp;passe&nbsp;a&nbsp;se realizar tamb\u00e9m,&nbsp;a&nbsp;cada 15 dias, na Pra\u00e7a S\u00e3o Paulo&nbsp;(Centro).&nbsp;A atividade&nbsp;iniciar\u00e1&nbsp;a&nbsp;partir&nbsp;deste dia&nbsp;24,&nbsp;sempre&nbsp;nas sextas-feiras,&nbsp;entre&nbsp;6&nbsp;e&nbsp;10h,&nbsp;<\/p>\n<p style=\"text-align: justify;\" align=\"justify\">Para quem gosta de verduras frescas e produtos manufaturados, a feira oferece hortifrutigranjeiros sem agrot\u00f3xicos, especiarias caseiras, como doces de compotas, artesanato,&nbsp;pe\u00e7as e objetos.<\/p>\n<\/div>\n<\/div>\n<\/div>\n<\/div>\n<div class=\"yj6qo\" style=\"text-align: justify;\">&nbsp;<\/div>\n<div class=\"yj6qo\" style=\"text-align: justify;\">&nbsp;<\/div>\n<div class=\"yj6qo\" style=\"text-align: justify;\">&nbsp;<\/div>\n<\/div>\n<div id=\":3s\" class=\"hq gt a10\" style=\"text-align: justify;\">&nbsp;<\/div>\n","protected":false},"excerpt":{"rendered":"<p>Uma uni\u00e3o entre&nbsp;a&nbsp;Cooperativa dos&nbsp;Produtores&nbsp;da Agricultura Familiar&nbsp;Solid\u00e1ria&nbsp;(Coopaf)&nbsp;e&nbsp;a&nbsp;Prefeitura de&nbsp;Muria\u00e9&nbsp;possibilitar\u00e1 que&nbsp;a&nbsp;\u2018Feira&nbsp;Agroecol\u00f3gica\u2019,&nbsp;que j\u00e1 acontece&nbsp;\u00e0s quartas-feiras na Pra\u00e7a do Trabalhador&nbsp;(Barra),&nbsp;passe&nbsp;a&nbsp;se realizar tamb\u00e9m,&nbsp;a&nbsp;cada 15 dias, na Pra\u00e7a S\u00e3o Paulo&nbsp;(Centro).&nbsp;A atividade&nbsp;iniciar\u00e1&nbsp;a&nbsp;partir&nbsp;deste dia&nbsp;24,&nbsp;sempre&nbsp;nas sextas-feiras,&nbsp;entre&nbsp;6&nbsp;e&nbsp;10h,&nbsp; Para quem gosta de verduras frescas e produtos manufaturados, a feira oferece hortifrutigranjeiros sem agrot\u00f3xicos, especiarias caseiras, como doces de compotas, artesanato,&nbsp;pe\u00e7as e objetos. &nbsp; &nbsp; &nbsp; &nbsp;<\/p>\n","protected":false},"author":6,"featured_media":0,"comment_status":"open","ping_status":"closed","sticky":false,"template":"","format":"standard","meta":{"_joinchat":[],"footnotes":""},"categories":[1],"tags":[],"class_list":["post-77527","post","type-post","status-publish","format-standard","hentry","category-sem-categoria"],"_links":{"self":[{"href":"https:\/\/folhadosudeste.com\/site\/index.php?rest_route=\/wp\/v2\/posts\/77527","targetHints":{"allow":["GET"]}}],"collection":[{"href":"https:\/\/folhadosudeste.com\/site\/index.php?rest_route=\/wp\/v2\/posts"}],"about":[{"href":"https:\/\/folhadosudeste.com\/site\/index.php?rest_route=\/wp\/v2\/types\/post"}],"author":[{"embeddable":true,"href":"https:\/\/folhadosudeste.com\/site\/index.php?rest_route=\/wp\/v2\/users\/6"}],"replies":[{"embeddable":true,"href":"https:\/\/folhadosudeste.com\/site\/index.php?rest_route=%2Fwp%2Fv2%2Fcomments&post=77527"}],"version-history":[{"count":1,"href":"https:\/\/folhadosudeste.com\/site\/index.php?rest_route=\/wp\/v2\/posts\/77527\/revisions"}],"predecessor-version":[{"id":77530,"href":"https:\/\/folhadosudeste.com\/site\/index.php?rest_route=\/wp\/v2\/posts\/77527\/revisions\/77530"}],"wp:attachment":[{"href":"https:\/\/folhadosudeste.com\/site\/index.php?rest_route=%2Fwp%2Fv2%2Fmedia&parent=77527"}],"wp:term":[{"taxonomy":"category","embeddable":true,"href":"https:\/\/folhadosudeste.com\/site\/index.php?rest_route=%2Fwp%2Fv2%2Fcategories&post=77527"},{"taxonomy":"post_tag","embeddable":true,"href":"https:\/\/folhadosudeste.com\/site\/index.php?rest_route=%2Fwp%2Fv2%2Ftags&post=77527"}],"curies":[{"name":"wp","href":"https:\/\/api.w.org\/{rel}","templated":true}]}}