{"id":77532,"date":"2021-09-24T12:40:10","date_gmt":"2021-09-24T12:40:10","guid":{"rendered":"http:\/\/folhadosudeste.com\/site\/?p=77532"},"modified":"2021-09-24T12:40:10","modified_gmt":"2021-09-24T12:40:10","slug":"secretaria-de-obras-constroi-nova-ponte-em-sao-joao-do-gloria","status":"publish","type":"post","link":"https:\/\/folhadosudeste.com\/site\/?p=77532","title":{"rendered":"Secretaria de Obras constr\u00f3i nova ponte em S\u00e3o Jo\u00e3o do Gl\u00f3ria"},"content":{"rendered":"<p align=\"justify\"><a href=\"http:\/\/folhadosudeste.com\/site\/wp-content\/uploads\/2021\/09\/IMG_5992.jpg\"><img loading=\"lazy\" decoding=\"async\" class=\"alignnone size-full wp-image-77533\" src=\"http:\/\/folhadosudeste.com\/site\/wp-content\/uploads\/2021\/09\/IMG_5992.jpg\" alt=\"\" width=\"2048\" height=\"1536\" srcset=\"https:\/\/folhadosudeste.com\/site\/wp-content\/uploads\/2021\/09\/IMG_5992.jpg 2048w, https:\/\/folhadosudeste.com\/site\/wp-content\/uploads\/2021\/09\/IMG_5992-300x225.jpg 300w, https:\/\/folhadosudeste.com\/site\/wp-content\/uploads\/2021\/09\/IMG_5992-768x576.jpg 768w, https:\/\/folhadosudeste.com\/site\/wp-content\/uploads\/2021\/09\/IMG_5992-1024x768.jpg 1024w\" sizes=\"auto, (max-width: 2048px) 100vw, 2048px\" \/><\/a><\/p>\n<p align=\"justify\">A \u2018Ponte da Barata\u2019 que interliga as rodovias BR-356 \u00e0 116, passando pela comunidade de S\u00e3o Jo\u00e3o do Gl\u00f3ria e conduzindo os motoristas a sa\u00edda da cidade pelo clube Vale das \u00c1guas, em outro extremo do munic\u00edpio, recebe nova infraestrutura para suportar a for\u00e7a das \u00e1guas em per\u00edodos de enchentes. O eixo \u00e9 de extrema import\u00e2ncia para as pessoas que trabalham com transporte escolar, escoamento de mercadorias, neg\u00f3cios agropecu\u00e1rios ou mesmo para a comercializa\u00e7\u00e3o de leite, carne bovina e su\u00edna.<\/p>\n<p align=\"justify\">A Prefeitura de Muria\u00e9 est\u00e1 fazendo uma nova passagem entre as duas extremidades. \u201cNo momento, estamos executando as funda\u00e7\u00f5es e as alas de prote\u00e7\u00e3o da estrutura da ponte. \u00c9 muito importante salientar que a funda\u00e7\u00e3o est\u00e1 sendo ancorada na rocha o que resultar\u00e1 em um aumento da vida \u00fatil e proporcionar\u00e1 maior prote\u00e7\u00e3o nos per\u00edodos chuvosos dos pr\u00f3ximos anos\u201d, explicou o secret\u00e1rio de Obras P\u00fablicas e Urbanismo, Carlos Kneip.<\/p>\n<p align=\"justify\">A nova ponte com bases, tamb\u00e9m chamadas de cabeceiras, mais largas e tabuleiro de concreto ter\u00e1 12 metros de cumprimento e cinco metros de largura (12mX5m). O servi\u00e7o de engenharia \u00e9 feito com estrutura mista, envolvendo concreto armado e sustenta\u00e7\u00e3o met\u00e1lica.<\/p>\n<p align=\"justify\"><!--more--><\/p>\n<p align=\"justify\"><b>Enchente carregou ponte<\/b><\/p>\n<p align=\"justify\">A estrutura anterior desceu com as chuvas torrenciais do in\u00edcio de 2021. As inunda\u00e7\u00f5es na regi\u00e3o de S\u00e3o Jo\u00e3o do Gl\u00f3ria alagaram propriedades e resid\u00eancias de moradores rurais.<\/p>\n<p align=\"justify\">A trag\u00e9dia ambiental foi t\u00e3o grande na localidade que as \u00e1guas romperam a liga\u00e7\u00e3o entre uma extremidade e outra, impedindo por definitivo o tr\u00e2nsito na regi\u00e3o.<\/p>\n","protected":false},"excerpt":{"rendered":"<p>A \u2018Ponte da Barata\u2019 que interliga as rodovias BR-356 \u00e0 116, passando pela comunidade de S\u00e3o Jo\u00e3o do Gl\u00f3ria e conduzindo os motoristas a sa\u00edda da cidade pelo clube Vale das \u00c1guas, em outro extremo do munic\u00edpio, recebe nova infraestrutura para suportar a for\u00e7a das \u00e1guas em per\u00edodos de enchentes. O eixo \u00e9 de extrema [&hellip;]<\/p>\n","protected":false},"author":6,"featured_media":0,"comment_status":"open","ping_status":"closed","sticky":false,"template":"","format":"standard","meta":{"_joinchat":[],"footnotes":""},"categories":[1],"tags":[],"class_list":["post-77532","post","type-post","status-publish","format-standard","hentry","category-sem-categoria"],"_links":{"self":[{"href":"https:\/\/folhadosudeste.com\/site\/index.php?rest_route=\/wp\/v2\/posts\/77532","targetHints":{"allow":["GET"]}}],"collection":[{"href":"https:\/\/folhadosudeste.com\/site\/index.php?rest_route=\/wp\/v2\/posts"}],"about":[{"href":"https:\/\/folhadosudeste.com\/site\/index.php?rest_route=\/wp\/v2\/types\/post"}],"author":[{"embeddable":true,"href":"https:\/\/folhadosudeste.com\/site\/index.php?rest_route=\/wp\/v2\/users\/6"}],"replies":[{"embeddable":true,"href":"https:\/\/folhadosudeste.com\/site\/index.php?rest_route=%2Fwp%2Fv2%2Fcomments&post=77532"}],"version-history":[{"count":1,"href":"https:\/\/folhadosudeste.com\/site\/index.php?rest_route=\/wp\/v2\/posts\/77532\/revisions"}],"predecessor-version":[{"id":77534,"href":"https:\/\/folhadosudeste.com\/site\/index.php?rest_route=\/wp\/v2\/posts\/77532\/revisions\/77534"}],"wp:attachment":[{"href":"https:\/\/folhadosudeste.com\/site\/index.php?rest_route=%2Fwp%2Fv2%2Fmedia&parent=77532"}],"wp:term":[{"taxonomy":"category","embeddable":true,"href":"https:\/\/folhadosudeste.com\/site\/index.php?rest_route=%2Fwp%2Fv2%2Fcategories&post=77532"},{"taxonomy":"post_tag","embeddable":true,"href":"https:\/\/folhadosudeste.com\/site\/index.php?rest_route=%2Fwp%2Fv2%2Ftags&post=77532"}],"curies":[{"name":"wp","href":"https:\/\/api.w.org\/{rel}","templated":true}]}}