{"id":77535,"date":"2021-09-24T12:43:47","date_gmt":"2021-09-24T12:43:47","guid":{"rendered":"http:\/\/folhadosudeste.com\/site\/?p=77535"},"modified":"2021-09-24T12:43:47","modified_gmt":"2021-09-24T12:43:47","slug":"blitz-educativa-dentro-da-semana-nacional-do-transito-em-muriae","status":"publish","type":"post","link":"https:\/\/folhadosudeste.com\/site\/?p=77535","title":{"rendered":"Blitz educativa dentro da Semana Nacional do Tr\u00e2nsito em Muria\u00e9"},"content":{"rendered":"<p align=\"justify\"><a href=\"http:\/\/folhadosudeste.com\/site\/wp-content\/uploads\/2021\/09\/IMG_4128.jpg\"><img loading=\"lazy\" decoding=\"async\" class=\"alignnone size-full wp-image-77536\" src=\"http:\/\/folhadosudeste.com\/site\/wp-content\/uploads\/2021\/09\/IMG_4128.jpg\" alt=\"\" width=\"2048\" height=\"1365\" srcset=\"https:\/\/folhadosudeste.com\/site\/wp-content\/uploads\/2021\/09\/IMG_4128.jpg 2048w, https:\/\/folhadosudeste.com\/site\/wp-content\/uploads\/2021\/09\/IMG_4128-300x200.jpg 300w, https:\/\/folhadosudeste.com\/site\/wp-content\/uploads\/2021\/09\/IMG_4128-768x512.jpg 768w, https:\/\/folhadosudeste.com\/site\/wp-content\/uploads\/2021\/09\/IMG_4128-1024x683.jpg 1024w, https:\/\/folhadosudeste.com\/site\/wp-content\/uploads\/2021\/09\/IMG_4128-120x80.jpg 120w, https:\/\/folhadosudeste.com\/site\/wp-content\/uploads\/2021\/09\/IMG_4128-345x230.jpg 345w\" sizes=\"auto, (max-width: 2048px) 100vw, 2048px\" \/><\/a><\/p>\n<p style=\"text-align: justify;\" align=\"justify\">O Departamento Municipal de Tr\u00e2nsito e Transportes (Demuttran) est\u00e1 realizando diversas atividades alusivas \u00e0 Semana Nacional do Tr\u00e2nsito em Muria\u00e9.<\/p>\n<p style=\"text-align: justify;\" align=\"justify\">O tema nacional de 2021 \u00e9 \u201cRespeito e Responsabilidade, pratique no tr\u00e2nsito\u201d e, para alertar motoristas, motociclistas, ciclistas e pedestres a cuidarem de sua seguran\u00e7a e do outro; aconteceu uma Blitz Educativa com a participa\u00e7\u00e3o de alunos da Rede Municipal de Ensino. O movimento, que chamou a aten\u00e7\u00e3o de quem passou pela pra\u00e7a Jo\u00e3o Pinheiro foi uma instala\u00e7\u00e3o com um ve\u00edculo sinistrado e os alunos com pais e professores.<\/p>\n<p style=\"text-align: justify;\" align=\"justify\">Uma faixa foi estendida na frente dos carros com orienta\u00e7\u00f5es sobre seguran\u00e7a no tr\u00e2nsito.<\/p>\n<p style=\"text-align: justify;\" align=\"justify\">Agentes do Demuttran, do Conselho Municipal de Tr\u00e2nsito e da Pol\u00edcia Militar acompanharam a a\u00e7\u00e3o.<\/p>\n<p align=\"justify\"><!--more--><\/p>\n<p style=\"text-align: justify;\" align=\"justify\">Nesta sexta-feira, 24, acontecer\u00e1 a premia\u00e7\u00e3o aos alunos vencedores do concurso de par\u00f3dias, a\u00e7\u00e3o promovida pelo Demuttran e Secretaria Municipal de Educa\u00e7\u00e3o.<\/p>\n<p align=\"justify\"><a href=\"http:\/\/folhadosudeste.com\/site\/wp-content\/uploads\/2021\/09\/IMG_4148.jpg\"><img loading=\"lazy\" decoding=\"async\" class=\"alignnone size-full wp-image-77537\" src=\"http:\/\/folhadosudeste.com\/site\/wp-content\/uploads\/2021\/09\/IMG_4148.jpg\" alt=\"\" width=\"2048\" height=\"1365\" srcset=\"https:\/\/folhadosudeste.com\/site\/wp-content\/uploads\/2021\/09\/IMG_4148.jpg 2048w, https:\/\/folhadosudeste.com\/site\/wp-content\/uploads\/2021\/09\/IMG_4148-300x200.jpg 300w, https:\/\/folhadosudeste.com\/site\/wp-content\/uploads\/2021\/09\/IMG_4148-768x512.jpg 768w, https:\/\/folhadosudeste.com\/site\/wp-content\/uploads\/2021\/09\/IMG_4148-1024x683.jpg 1024w, https:\/\/folhadosudeste.com\/site\/wp-content\/uploads\/2021\/09\/IMG_4148-120x80.jpg 120w, https:\/\/folhadosudeste.com\/site\/wp-content\/uploads\/2021\/09\/IMG_4148-345x230.jpg 345w\" sizes=\"auto, (max-width: 2048px) 100vw, 2048px\" \/><\/a><a href=\"http:\/\/folhadosudeste.com\/site\/wp-content\/uploads\/2021\/09\/IMG_4157.jpg\"><img loading=\"lazy\" decoding=\"async\" class=\"alignnone size-full wp-image-77538\" src=\"http:\/\/folhadosudeste.com\/site\/wp-content\/uploads\/2021\/09\/IMG_4157.jpg\" alt=\"\" width=\"2048\" height=\"1365\" srcset=\"https:\/\/folhadosudeste.com\/site\/wp-content\/uploads\/2021\/09\/IMG_4157.jpg 2048w, https:\/\/folhadosudeste.com\/site\/wp-content\/uploads\/2021\/09\/IMG_4157-300x200.jpg 300w, https:\/\/folhadosudeste.com\/site\/wp-content\/uploads\/2021\/09\/IMG_4157-768x512.jpg 768w, https:\/\/folhadosudeste.com\/site\/wp-content\/uploads\/2021\/09\/IMG_4157-1024x683.jpg 1024w, https:\/\/folhadosudeste.com\/site\/wp-content\/uploads\/2021\/09\/IMG_4157-120x80.jpg 120w, https:\/\/folhadosudeste.com\/site\/wp-content\/uploads\/2021\/09\/IMG_4157-345x230.jpg 345w\" sizes=\"auto, (max-width: 2048px) 100vw, 2048px\" \/><\/a><\/p>\n","protected":false},"excerpt":{"rendered":"<p>O Departamento Municipal de Tr\u00e2nsito e Transportes (Demuttran) est\u00e1 realizando diversas atividades alusivas \u00e0 Semana Nacional do Tr\u00e2nsito em Muria\u00e9. O tema nacional de 2021 \u00e9 \u201cRespeito e Responsabilidade, pratique no tr\u00e2nsito\u201d e, para alertar motoristas, motociclistas, ciclistas e pedestres a cuidarem de sua seguran\u00e7a e do outro; aconteceu uma Blitz Educativa com a participa\u00e7\u00e3o [&hellip;]<\/p>\n","protected":false},"author":6,"featured_media":0,"comment_status":"open","ping_status":"closed","sticky":false,"template":"","format":"standard","meta":{"_joinchat":[],"footnotes":""},"categories":[1],"tags":[],"class_list":["post-77535","post","type-post","status-publish","format-standard","hentry","category-sem-categoria"],"_links":{"self":[{"href":"https:\/\/folhadosudeste.com\/site\/index.php?rest_route=\/wp\/v2\/posts\/77535","targetHints":{"allow":["GET"]}}],"collection":[{"href":"https:\/\/folhadosudeste.com\/site\/index.php?rest_route=\/wp\/v2\/posts"}],"about":[{"href":"https:\/\/folhadosudeste.com\/site\/index.php?rest_route=\/wp\/v2\/types\/post"}],"author":[{"embeddable":true,"href":"https:\/\/folhadosudeste.com\/site\/index.php?rest_route=\/wp\/v2\/users\/6"}],"replies":[{"embeddable":true,"href":"https:\/\/folhadosudeste.com\/site\/index.php?rest_route=%2Fwp%2Fv2%2Fcomments&post=77535"}],"version-history":[{"count":1,"href":"https:\/\/folhadosudeste.com\/site\/index.php?rest_route=\/wp\/v2\/posts\/77535\/revisions"}],"predecessor-version":[{"id":77539,"href":"https:\/\/folhadosudeste.com\/site\/index.php?rest_route=\/wp\/v2\/posts\/77535\/revisions\/77539"}],"wp:attachment":[{"href":"https:\/\/folhadosudeste.com\/site\/index.php?rest_route=%2Fwp%2Fv2%2Fmedia&parent=77535"}],"wp:term":[{"taxonomy":"category","embeddable":true,"href":"https:\/\/folhadosudeste.com\/site\/index.php?rest_route=%2Fwp%2Fv2%2Fcategories&post=77535"},{"taxonomy":"post_tag","embeddable":true,"href":"https:\/\/folhadosudeste.com\/site\/index.php?rest_route=%2Fwp%2Fv2%2Ftags&post=77535"}],"curies":[{"name":"wp","href":"https:\/\/api.w.org\/{rel}","templated":true}]}}