{"id":77621,"date":"2021-09-27T23:53:58","date_gmt":"2021-09-27T23:53:58","guid":{"rendered":"http:\/\/folhadosudeste.com\/site\/?p=77621"},"modified":"2021-09-27T23:53:58","modified_gmt":"2021-09-27T23:53:58","slug":"projeto-de-fruticultura-realiza-um-dia-de-campo-para-produtores-rurais-da-regiao","status":"publish","type":"post","link":"https:\/\/folhadosudeste.com\/site\/?p=77621","title":{"rendered":"Projeto de Fruticultura realiza um Dia de Campo para produtores rurais da regi\u00e3o"},"content":{"rendered":"<p><a href=\"http:\/\/folhadosudeste.com\/site\/wp-content\/uploads\/2021\/09\/Dia-de-Campo_CBA-4.jpeg\"><img loading=\"lazy\" decoding=\"async\" class=\"alignnone size-full wp-image-77622\" src=\"http:\/\/folhadosudeste.com\/site\/wp-content\/uploads\/2021\/09\/Dia-de-Campo_CBA-4.jpeg\" alt=\"\" width=\"1600\" height=\"1200\" srcset=\"https:\/\/folhadosudeste.com\/site\/wp-content\/uploads\/2021\/09\/Dia-de-Campo_CBA-4.jpeg 1600w, https:\/\/folhadosudeste.com\/site\/wp-content\/uploads\/2021\/09\/Dia-de-Campo_CBA-4-300x225.jpeg 300w, https:\/\/folhadosudeste.com\/site\/wp-content\/uploads\/2021\/09\/Dia-de-Campo_CBA-4-768x576.jpeg 768w, https:\/\/folhadosudeste.com\/site\/wp-content\/uploads\/2021\/09\/Dia-de-Campo_CBA-4-1024x768.jpeg 1024w\" sizes=\"auto, (max-width: 1600px) 100vw, 1600px\" \/><\/a><\/p>\n<p style=\"font-weight: 400; text-align: justify;\"><em>Primeira atividade presencial do projeto em 2021 ofereceu assist\u00eancia t\u00e9cnica para a viticultura a produtores de Mira\u00ed, Muria\u00e9, Ros\u00e1rio da Limeira e S\u00e3o Sebasti\u00e3o da Vargem Alegre<\/em><\/p>\n<p style=\"font-weight: 400; text-align: justify;\">&nbsp;<\/p>\n<p style=\"font-weight: 400; text-align: justify;\">O Projeto de Inclus\u00e3o \u00e0 Fruticultura avan\u00e7a em 2021 e promoveu um Dia de Campo. No primeiro evento desse ano, realizado de forma presencial, o projeto deu continuidade \u00e0 orienta\u00e7\u00e3o e ao acompanhamento de produtores rurais na Zona da Mata mineira, com assist\u00eancia e consultoria t\u00e9cnica para o cultivo de uva. Em cumprimento aos protocolos de seguran\u00e7a contra a Covid-19, o encontro envolveu 15 produtores rurais e foi dividido em duas partes: uma atividade pela manh\u00e3 e outra \u00e0 tarde, em propriedades de Muria\u00e9 e S\u00e3o Sebasti\u00e3o da Vargem Alegre, abordando temas como o plantio e a prepara\u00e7\u00e3o dos cavalos de videiras e t\u00e9cnicas de enxertia e poda.<\/p>\n<p style=\"font-weight: 400; text-align: justify;\">A a\u00e7\u00e3o faz parte do cronograma de trabalho da Equil\u00edbrio Socioambiental &#8211; \u201cESA Consulting\u201d, que conta com o patroc\u00ednio da Companhia Brasileira de Alum\u00ednio (CBA) e com o apoio do Instituto Votorantim, da ONG Atitude e da Associa\u00e7\u00e3o dos Produtores Rurais de S\u00e3o Sebasti\u00e3o da Vargem Alegre (APRUSSVA). A Prefeitura de S\u00e3o Sebasti\u00e3o da Vargem tamb\u00e9m tem dado suporte ao projeto, integrando-o ao Servi\u00e7o Brasileiro de Apoio \u00e0s Micro e Pequenas Empresas (SEBRAE) e \u00e0 Universidade Federal de Vi\u00e7osa (UFV), alinhando as contribui\u00e7\u00f5es do grupo para assim tornar a coaliz\u00e3o uma refer\u00eancia para a regi\u00e3o.<\/p>\n<p style=\"font-weight: 400; text-align: justify;\">Os participantes do Projeto de Fruticultura contam com um cronograma anual de reuni\u00f5es mensais online, voltadas para alinhar as necessidades de cada produtor e esclarecer d\u00favidas. At\u00e9 o final deste ano, ainda est\u00e3o previstos mais dois Dias de Campo de forma presencial, al\u00e9m dos encontros virtuais para acompanhamento e orienta\u00e7\u00f5es. Atualmente, 22 produtores da regi\u00e3o participam do projeto, que contempla cerca de 90 pessoas nas propriedades, considerando-se os familiares e empregados.<\/p>\n<p style=\"font-weight: 400; text-align: justify;\"><!--more--><\/p>\n<p style=\"font-weight: 400; text-align: justify;\"><strong>Dia de Campo e Viticultura<\/strong><\/p>\n<p style=\"font-weight: 400; text-align: justify;\">O Dia de Campo foi dividido em duas etapas e propriedades rurais. Pela manh\u00e3, as atividades foram conduzidas na lavoura do Sr. Ladir Ant\u00f4nio em Pirapanema, distrito de Muria\u00e9. \u00c0 tarde, o projeto levou os produtores \u00e0 propriedade do Sr. Luiz Carlos Pinheiro, em S\u00e3o Sebasti\u00e3o da Vargem Alegre. As atividades foram conduzidas pelo especialista em viticultura, Felipe Jesus Piazarolli.<\/p>\n<p style=\"font-weight: 400; text-align: justify;\">O tema principal desse Dia de Campo, em fun\u00e7\u00e3o do per\u00edodo do ano para a viticultura, foi a enxertia, a fim de que os produtores tenham suas produ\u00e7\u00f5es de qualidade e com um bom brix (medi\u00e7\u00e3o do teor de a\u00e7\u00facares no produto). Eles receberam cartilhas sobre poda, enxertia e os cuidados com a seguran\u00e7a no manejo dos equipamentos e ferramentas. Ainda foi demonstrado como obter as melhores gemas (broto da videira) para fazer a enxertia, t\u00e9cnicas de armazenagem e manejo com os principais cuidados. J\u00e1 para os novos produtores, que ainda est\u00e3o iniciando as atividades, foi apresentado como se faz o plantio das mudas das videiras.<\/p>\n<p style=\"font-weight: 400; text-align: justify;\">Segundo o coordenador de campo Rodolfo Fadino, da Equil\u00edbrio Socioambiental, o grupo se mostrou otimista com o primeiro encontro presencial de 2021 e com os resultados obtidos at\u00e9 o momento. \u201cLevando em conta o trabalho desenvolvido nos \u00faltimos dois anos, estimamos que os produtores, se continuarem as pr\u00e1ticas e t\u00e9cnicas agr\u00edcolas j\u00e1 implantadas e compartilh\u00e1-las com os novos produtores, poder\u00e3o ter um aumento m\u00e9dio da produ\u00e7\u00e3o de 95% em 2021-2022, se comparado com a safra 2020-2021. Assim, o n\u00famero de plantas em produ\u00e7\u00e3o passar\u00e1 de 4.440 para 8.640 para a pr\u00f3xima safra\u201d, destaca.<\/p>\n<p style=\"font-weight: 400; text-align: justify;\">&nbsp;<\/p>\n<p style=\"font-weight: 400; text-align: justify;\">Christian Fonseca de Andrade, gerente da CBA nas unidades da Zona da Mata, explicou que a import\u00e2ncia da iniciativa no incremento da renda dos produtores rurais e no fortalecimento econ\u00f4mico dos munic\u00edpios onde a Companhia atua. \u201cInvestimos em a\u00e7\u00f5es sociais como essa, que s\u00e3o alinhadas aos Objetivos do Desenvolvimento Sustent\u00e1vel (ODS), geram valor compartilhado e colaboram para o desenvolvimento da regi\u00e3o, incentivando o empreendedorismo individual e as cooperativas e associa\u00e7\u00f5es com car\u00e1ter produtivo. Por meio do projeto, conseguimos apoiar produtores rurais organizados para a melhoria da colheita e dos resultados. Tudo isso incentiva a gera\u00e7\u00e3o de renda e o trabalho por meio da agricultura familiar\u201d, ressalta.<\/p>\n<p style=\"font-weight: 400; text-align: justify;\">Esse ser\u00e1 o \u00faltimo ano de aporte da CBA no projeto. Agora, os produtores buscam desenvolver novas parcerias e apoio junto \u00e0s prefeituras e \u00e0 UFV, para a continuidade do grupo com novas orienta\u00e7\u00f5es, pesquisas e desenvolvimento.<\/p>\n<p style=\"text-align: justify;\">&nbsp;<\/p>\n<p style=\"font-weight: 400; text-align: justify;\"><strong>Inclus\u00e3o \u00e0 Fruticultura<\/strong><\/p>\n<p style=\"font-weight: 400; text-align: justify;\">Desenvolvido pela ONG Atitude, que recebe apoio da CBA, em parceria com o Instituto Votorantim, o Projeto de Inclus\u00e3o \u00e0 Fruticultura orienta e acompanha produtores rurais na Zona da Mata mineira com assist\u00eancia e consultoria t\u00e9cnica, visando o fortalecimento dos neg\u00f3cios e da produ\u00e7\u00e3o da regi\u00e3o desde 2015, quando foi iniciado o plantio de banana na regi\u00e3o. Em 2018, o plantio de uva foi incorporado ao projeto. A partir de 2020, com a pandemia da Covid-19, a assist\u00eancia e a consultoria t\u00e9cnica oferecidas aos produtores passaram a ser realizadas remotamente, por videoconfer\u00eancia, liga\u00e7\u00f5es telef\u00f4nicas e mensagens de WhatsApp. As orienta\u00e7\u00f5es mais frequentes s\u00e3o sobre manejo, uso de defensivos agr\u00edcolas e quest\u00f5es burocr\u00e1ticas, como nota fiscal e crit\u00e9rios de rastreabilidade.<\/p>\n<p style=\"font-weight: 400; text-align: justify;\">A regi\u00e3o \u00e9 prop\u00edcia para a produ\u00e7\u00e3o de uvas de mesa (consumo da fruta fresca). Assim, o projeto orienta e acompanha toda a produ\u00e7\u00e3o da uva e capacita os participantes sobre os m\u00e9todos de cultivo, al\u00e9m de fomentar o cooperativismo local. A empresa respons\u00e1vel pela consultoria tem refor\u00e7ado o contato com os mercados local e regional para potencializar as vendas em 2021. Os produtores ainda est\u00e3o participando de um curso do Servi\u00e7o Nacional de Aprendizagem Rural (SENAR) para a produ\u00e7\u00e3o de suco de uva e caminham para desenvolver novas culturas na regi\u00e3o, assim como foi com o projeto da banana, que tamb\u00e9m teve como parceiros a CBA e o Instituto Votorantim.<\/p>\n<p style=\"text-align: justify;\">&nbsp;<\/p>\n<p style=\"font-weight: 400; text-align: justify;\"><strong>Sobre a CBA<\/strong><\/p>\n<p style=\"font-weight: 400; text-align: justify;\">Desde 1955, a Companhia Brasileira de Alum\u00ednio &#8211; CBA produz alum\u00ednio de alta qualidade de forma integrada e sustent\u00e1vel. Com capacidade instalada para produzir 100% de energia vinda de hidroel\u00e9tricas pr\u00f3prias, a CBA minera a bauxita, transforma em alum\u00ednio prim\u00e1rio (lingotes, tarugos, vergalh\u00f5es e placas) e produtos transformados (chapas, bobinas, folhas e perfis). Em estreita parceria com seus clientes, a CBA desenvolve solu\u00e7\u00f5es e servi\u00e7os para os mercados de embalagens e de transportes, conferindo mais leveza, durabilidade e uma vida melhor. A CBA est\u00e1 bem perto de voc\u00ea. Acesse:&nbsp;<a href=\"http:\/\/www.cba.com.br\/\" data-saferedirecturl=\"https:\/\/www.google.com\/url?q=http:\/\/www.cba.com.br&amp;source=gmail&amp;ust=1632872589514000&amp;usg=AFQjCNE5sn6zpKLEaYcwr0B6U9XYzLCPJg\">www.cba.com.br<\/a>.<\/p>\n","protected":false},"excerpt":{"rendered":"<p>Primeira atividade presencial do projeto em 2021 ofereceu assist\u00eancia t\u00e9cnica para a viticultura a produtores de Mira\u00ed, Muria\u00e9, Ros\u00e1rio da Limeira e S\u00e3o Sebasti\u00e3o da Vargem Alegre &nbsp; O Projeto de Inclus\u00e3o \u00e0 Fruticultura avan\u00e7a em 2021 e promoveu um Dia de Campo. No primeiro evento desse ano, realizado de forma presencial, o projeto deu [&hellip;]<\/p>\n","protected":false},"author":6,"featured_media":0,"comment_status":"open","ping_status":"closed","sticky":false,"template":"","format":"standard","meta":{"_joinchat":[],"footnotes":""},"categories":[1],"tags":[],"class_list":["post-77621","post","type-post","status-publish","format-standard","hentry","category-sem-categoria"],"_links":{"self":[{"href":"https:\/\/folhadosudeste.com\/site\/index.php?rest_route=\/wp\/v2\/posts\/77621","targetHints":{"allow":["GET"]}}],"collection":[{"href":"https:\/\/folhadosudeste.com\/site\/index.php?rest_route=\/wp\/v2\/posts"}],"about":[{"href":"https:\/\/folhadosudeste.com\/site\/index.php?rest_route=\/wp\/v2\/types\/post"}],"author":[{"embeddable":true,"href":"https:\/\/folhadosudeste.com\/site\/index.php?rest_route=\/wp\/v2\/users\/6"}],"replies":[{"embeddable":true,"href":"https:\/\/folhadosudeste.com\/site\/index.php?rest_route=%2Fwp%2Fv2%2Fcomments&post=77621"}],"version-history":[{"count":1,"href":"https:\/\/folhadosudeste.com\/site\/index.php?rest_route=\/wp\/v2\/posts\/77621\/revisions"}],"predecessor-version":[{"id":77623,"href":"https:\/\/folhadosudeste.com\/site\/index.php?rest_route=\/wp\/v2\/posts\/77621\/revisions\/77623"}],"wp:attachment":[{"href":"https:\/\/folhadosudeste.com\/site\/index.php?rest_route=%2Fwp%2Fv2%2Fmedia&parent=77621"}],"wp:term":[{"taxonomy":"category","embeddable":true,"href":"https:\/\/folhadosudeste.com\/site\/index.php?rest_route=%2Fwp%2Fv2%2Fcategories&post=77621"},{"taxonomy":"post_tag","embeddable":true,"href":"https:\/\/folhadosudeste.com\/site\/index.php?rest_route=%2Fwp%2Fv2%2Ftags&post=77621"}],"curies":[{"name":"wp","href":"https:\/\/api.w.org\/{rel}","templated":true}]}}