{"id":77624,"date":"2021-09-27T23:57:43","date_gmt":"2021-09-27T23:57:43","guid":{"rendered":"http:\/\/folhadosudeste.com\/site\/?p=77624"},"modified":"2021-09-27T23:58:42","modified_gmt":"2021-09-27T23:58:42","slug":"boletim-covid-27-09","status":"publish","type":"post","link":"https:\/\/folhadosudeste.com\/site\/?p=77624","title":{"rendered":"Boletim Covid &#8211; 27\/09"},"content":{"rendered":"<div><a href=\"http:\/\/folhadosudeste.com\/site\/wp-content\/uploads\/2021\/09\/27092021-1.jpg\"><img loading=\"lazy\" decoding=\"async\" class=\"alignnone size-full wp-image-77625\" src=\"http:\/\/folhadosudeste.com\/site\/wp-content\/uploads\/2021\/09\/27092021-1.jpg\" alt=\"\" width=\"1080\" height=\"1080\" srcset=\"https:\/\/folhadosudeste.com\/site\/wp-content\/uploads\/2021\/09\/27092021-1.jpg 1080w, https:\/\/folhadosudeste.com\/site\/wp-content\/uploads\/2021\/09\/27092021-1-150x150.jpg 150w, https:\/\/folhadosudeste.com\/site\/wp-content\/uploads\/2021\/09\/27092021-1-300x300.jpg 300w, https:\/\/folhadosudeste.com\/site\/wp-content\/uploads\/2021\/09\/27092021-1-768x768.jpg 768w, https:\/\/folhadosudeste.com\/site\/wp-content\/uploads\/2021\/09\/27092021-1-1024x1024.jpg 1024w\" sizes=\"auto, (max-width: 1080px) 100vw, 1080px\" \/><\/a><\/div>\n<div style=\"text-align: justify;\">Mesmo com oito novos casos de covid, o n\u00famero de pacientes ativos caiu para o menor patamar do ano at\u00e9 agora. O \u00edndice mostra que, no momento, existem 28 pessoas em recupera\u00e7\u00e3o da doen\u00e7a na cidade.<\/div>\n<div style=\"text-align: justify;\">&nbsp;<\/div>\n<div style=\"text-align: justify;\">J\u00e1 a m\u00e9dia m\u00f3vel, que considera apenas os n\u00fameros das \u00faltimas duas semanas, est\u00e1 em 10,75 casos di\u00e1rios.&nbsp;O n\u00famero \u00e9 11,5% mais baixo que o de 14 dias atr\u00e1s, o que significa que o cen\u00e1rio foi de oscila\u00e7\u00e3o para baixo &#8211; por\u00e9m ainda dentro do patamar que indica estabilidade (que \u00e9 de at\u00e9 15%).<\/div>\n<div style=\"text-align: justify;\">&nbsp;<\/div>\n<div style=\"text-align: justify;\">Vacina\u00e7\u00e3o &#8211; Ao longo desta semana, a vacina\u00e7\u00e3o contra covid-19 ser\u00e1 da seguinte forma:<\/div>\n<div style=\"text-align: justify;\">&nbsp;<\/div>\n<div style=\"text-align: justify;\">1\u00aa dose: para qualquer pessoa a partir de 12 anos que ainda n\u00e3o se vacinou;<\/div>\n<div style=\"text-align: justify;\">&nbsp;<\/div>\n<div style=\"text-align: justify;\">2\u00aa dose: a Pfizer foi antecipada e agora pode ser tomada oito semanas ap\u00f3s a aplica\u00e7\u00e3o da primeira dose; j\u00e1 a Coronavac \u00e9 aplicada conforme agendamento no cart\u00e3o de vacinas; a Astrazeneca, por sua vez, est\u00e1 novamente em falta no momento.<\/div>\n<p><!--more--><\/p>\n<div style=\"text-align: justify;\">3\u00aa dose (refor\u00e7o): para idosos a partir de 70 anos que receberam a segunda dose h\u00e1 pelo menos seis meses completos.<\/div>\n<div style=\"text-align: justify;\">&nbsp;<\/div>\n<div style=\"text-align: justify;\">N\u00fameros completos de hoje (27\/09\/2021):<\/div>\n<div style=\"text-align: justify;\">&nbsp;<\/div>\n<div style=\"text-align: justify;\">VACINA\u00c7\u00c3O (at\u00e9 25\/09)<\/div>\n<div style=\"text-align: justify;\">Parcialmente vacinados: 81.895 pessoas (74,86% da popula\u00e7\u00e3o)<\/div>\n<div style=\"text-align: justify;\">Totalmente vacinados: 49.050 pessoas (44,84% da popula\u00e7\u00e3o)<\/div>\n<div style=\"text-align: justify;\">Dose de Refor\u00e7o: 618 pessoas (0,56% da popula\u00e7\u00e3o)<\/div>\n<div style=\"text-align: justify;\">&nbsp;<\/div>\n<div style=\"text-align: justify;\">CASOS<\/div>\n<div style=\"text-align: justify;\">Total de casos confirmados: 11.783 (+8)<\/div>\n<div style=\"text-align: justify;\">Pacientes ativos: 28<\/div>\n<div style=\"text-align: justify;\">Pacientes curados: 11.442<\/div>\n<div style=\"text-align: justify;\">\u00d3bitos: 313<\/div>\n<div style=\"text-align: justify;\">Investigados \/ Monitorados: 74<\/div>\n<div style=\"text-align: justify;\">Negativos: 14.233<\/div>\n<div><a href=\"http:\/\/folhadosudeste.com\/site\/wp-content\/uploads\/2021\/09\/COVID-19_-OSCILA\u00c7\u00c3O-DA-M\u00c9DIA-M\u00d3VEL-DE-CASOS-E-\u00d3BITOS-EM-2-SEMANAS-1.png\"><img loading=\"lazy\" decoding=\"async\" class=\"alignnone size-full wp-image-77626\" src=\"http:\/\/folhadosudeste.com\/site\/wp-content\/uploads\/2021\/09\/COVID-19_-OSCILA\u00c7\u00c3O-DA-M\u00c9DIA-M\u00d3VEL-DE-CASOS-E-\u00d3BITOS-EM-2-SEMANAS-1.png\" alt=\"\" width=\"1000\" height=\"619\" srcset=\"https:\/\/folhadosudeste.com\/site\/wp-content\/uploads\/2021\/09\/COVID-19_-OSCILA\u00c7\u00c3O-DA-M\u00c9DIA-M\u00d3VEL-DE-CASOS-E-\u00d3BITOS-EM-2-SEMANAS-1.png 1000w, https:\/\/folhadosudeste.com\/site\/wp-content\/uploads\/2021\/09\/COVID-19_-OSCILA\u00c7\u00c3O-DA-M\u00c9DIA-M\u00d3VEL-DE-CASOS-E-\u00d3BITOS-EM-2-SEMANAS-1-300x186.png 300w, https:\/\/folhadosudeste.com\/site\/wp-content\/uploads\/2021\/09\/COVID-19_-OSCILA\u00c7\u00c3O-DA-M\u00c9DIA-M\u00d3VEL-DE-CASOS-E-\u00d3BITOS-EM-2-SEMANAS-1-768x475.png 768w\" sizes=\"auto, (max-width: 1000px) 100vw, 1000px\" \/><\/a><\/div>\n","protected":false},"excerpt":{"rendered":"<p>Mesmo com oito novos casos de covid, o n\u00famero de pacientes ativos caiu para o menor patamar do ano at\u00e9 agora. O \u00edndice mostra que, no momento, existem 28 pessoas em recupera\u00e7\u00e3o da doen\u00e7a na cidade. &nbsp; J\u00e1 a m\u00e9dia m\u00f3vel, que considera apenas os n\u00fameros das \u00faltimas duas semanas, est\u00e1 em 10,75 casos di\u00e1rios.&nbsp;O [&hellip;]<\/p>\n","protected":false},"author":6,"featured_media":0,"comment_status":"open","ping_status":"closed","sticky":false,"template":"","format":"standard","meta":{"_joinchat":[],"footnotes":""},"categories":[1],"tags":[],"class_list":["post-77624","post","type-post","status-publish","format-standard","hentry","category-sem-categoria"],"_links":{"self":[{"href":"https:\/\/folhadosudeste.com\/site\/index.php?rest_route=\/wp\/v2\/posts\/77624","targetHints":{"allow":["GET"]}}],"collection":[{"href":"https:\/\/folhadosudeste.com\/site\/index.php?rest_route=\/wp\/v2\/posts"}],"about":[{"href":"https:\/\/folhadosudeste.com\/site\/index.php?rest_route=\/wp\/v2\/types\/post"}],"author":[{"embeddable":true,"href":"https:\/\/folhadosudeste.com\/site\/index.php?rest_route=\/wp\/v2\/users\/6"}],"replies":[{"embeddable":true,"href":"https:\/\/folhadosudeste.com\/site\/index.php?rest_route=%2Fwp%2Fv2%2Fcomments&post=77624"}],"version-history":[{"count":1,"href":"https:\/\/folhadosudeste.com\/site\/index.php?rest_route=\/wp\/v2\/posts\/77624\/revisions"}],"predecessor-version":[{"id":77627,"href":"https:\/\/folhadosudeste.com\/site\/index.php?rest_route=\/wp\/v2\/posts\/77624\/revisions\/77627"}],"wp:attachment":[{"href":"https:\/\/folhadosudeste.com\/site\/index.php?rest_route=%2Fwp%2Fv2%2Fmedia&parent=77624"}],"wp:term":[{"taxonomy":"category","embeddable":true,"href":"https:\/\/folhadosudeste.com\/site\/index.php?rest_route=%2Fwp%2Fv2%2Fcategories&post=77624"},{"taxonomy":"post_tag","embeddable":true,"href":"https:\/\/folhadosudeste.com\/site\/index.php?rest_route=%2Fwp%2Fv2%2Ftags&post=77624"}],"curies":[{"name":"wp","href":"https:\/\/api.w.org\/{rel}","templated":true}]}}