{"id":77645,"date":"2021-09-29T00:25:55","date_gmt":"2021-09-29T00:25:55","guid":{"rendered":"http:\/\/folhadosudeste.com\/site\/?p=77645"},"modified":"2021-09-29T00:25:55","modified_gmt":"2021-09-29T00:25:55","slug":"12-novos-casos-de-covid-foram-registrados-em-muriae","status":"publish","type":"post","link":"https:\/\/folhadosudeste.com\/site\/?p=77645","title":{"rendered":"12 novos casos de covid foram registrados em Muria\u00e9"},"content":{"rendered":"<div><a href=\"http:\/\/folhadosudeste.com\/site\/wp-content\/uploads\/2021\/09\/28092021.jpeg\"><img loading=\"lazy\" decoding=\"async\" class=\"alignnone size-full wp-image-77646\" src=\"http:\/\/folhadosudeste.com\/site\/wp-content\/uploads\/2021\/09\/28092021.jpeg\" alt=\"\" width=\"1080\" height=\"1080\" srcset=\"https:\/\/folhadosudeste.com\/site\/wp-content\/uploads\/2021\/09\/28092021.jpeg 1080w, https:\/\/folhadosudeste.com\/site\/wp-content\/uploads\/2021\/09\/28092021-150x150.jpeg 150w, https:\/\/folhadosudeste.com\/site\/wp-content\/uploads\/2021\/09\/28092021-300x300.jpeg 300w, https:\/\/folhadosudeste.com\/site\/wp-content\/uploads\/2021\/09\/28092021-768x768.jpeg 768w, https:\/\/folhadosudeste.com\/site\/wp-content\/uploads\/2021\/09\/28092021-1024x1024.jpeg 1024w\" sizes=\"auto, (max-width: 1080px) 100vw, 1080px\" \/><\/a><\/div>\n<div style=\"text-align: justify;\">Nesta ter\u00e7a-feira, o boletim epidemiol\u00f3gico mostrou que 12 novos casos de covid foram registrados em Muria\u00e9. O n\u00famero de pacientes ativos no momento totaliza 33 pessoas, das quais nove est\u00e3o internadas &#8211; s\u00e3o tr\u00eas em leitos de enfermaria e seis em UTIs.<\/div>\n<div style=\"text-align: justify;\">&nbsp;<\/div>\n<div style=\"text-align: justify;\">Al\u00e9m dos pacientes muriaeenses, outras seis pessoas que moram em cidades da regi\u00e3o tamb\u00e9m est\u00e3o internadas nos hospitais de Muria\u00e9 para se recuperarem da covid.<\/div>\n<div style=\"text-align: justify;\">&nbsp;<\/div>\n<div style=\"text-align: justify;\">A m\u00e9dia m\u00f3vel, que considera apenas os dados das \u00faltimas duas semanas, atualmente \u00e9 de 8,2 casos por dia. O n\u00famero \u00e9 23% menor que o de 14 dias atr\u00e1s, o que significa que o cen\u00e1rio da covid ao longo do per\u00edodo foi de queda.<\/div>\n<p><!--more--><\/p>\n<div style=\"text-align: justify;\">&nbsp;<\/div>\n<div style=\"text-align: justify;\">N\u00fameros completos de hoje (28\/09\/2021):<\/div>\n<div style=\"text-align: justify;\">&nbsp;<\/div>\n<div style=\"text-align: justify;\">VACINA\u00c7\u00c3O (at\u00e9 28\/09)<\/div>\n<div style=\"text-align: justify;\">Parcialmente vacinados: 82.696 pessoas (75,6% da popula\u00e7\u00e3o)<\/div>\n<div style=\"text-align: justify;\">Totalmente vacinados: 49.479 pessoas (45,2% da popula\u00e7\u00e3o)<\/div>\n<div style=\"text-align: justify;\">Dose de Refor\u00e7o: 727 pessoas (0,7% da popula\u00e7\u00e3o)<\/div>\n<div style=\"text-align: justify;\">&nbsp;<\/div>\n<div style=\"text-align: justify;\">CASOS<\/div>\n<div style=\"text-align: justify;\">Total de casos confirmados: 11.795 (+12)<\/div>\n<div style=\"text-align: justify;\">Pacientes ativos: 33<\/div>\n<div style=\"text-align: justify;\">Pacientes curados: 11.449<\/div>\n<div style=\"text-align: justify;\">\u00d3bitos: 313<\/div>\n<div style=\"text-align: justify;\">Investigados \/ Monitorados: 28<\/div>\n<div style=\"text-align: justify;\">Negativos: 14.259<\/div>\n<div><a href=\"http:\/\/folhadosudeste.com\/site\/wp-content\/uploads\/2021\/09\/COVID-19_-OSCILA\u00c7\u00c3O-DA-M\u00c9DIA-M\u00d3VEL-DE-CASOS-E-\u00d3BITOS-EM-2-SEMANAS-2.png\"><img loading=\"lazy\" decoding=\"async\" class=\"alignnone size-full wp-image-77647\" src=\"http:\/\/folhadosudeste.com\/site\/wp-content\/uploads\/2021\/09\/COVID-19_-OSCILA\u00c7\u00c3O-DA-M\u00c9DIA-M\u00d3VEL-DE-CASOS-E-\u00d3BITOS-EM-2-SEMANAS-2.png\" alt=\"\" width=\"1000\" height=\"619\" srcset=\"https:\/\/folhadosudeste.com\/site\/wp-content\/uploads\/2021\/09\/COVID-19_-OSCILA\u00c7\u00c3O-DA-M\u00c9DIA-M\u00d3VEL-DE-CASOS-E-\u00d3BITOS-EM-2-SEMANAS-2.png 1000w, https:\/\/folhadosudeste.com\/site\/wp-content\/uploads\/2021\/09\/COVID-19_-OSCILA\u00c7\u00c3O-DA-M\u00c9DIA-M\u00d3VEL-DE-CASOS-E-\u00d3BITOS-EM-2-SEMANAS-2-300x186.png 300w, https:\/\/folhadosudeste.com\/site\/wp-content\/uploads\/2021\/09\/COVID-19_-OSCILA\u00c7\u00c3O-DA-M\u00c9DIA-M\u00d3VEL-DE-CASOS-E-\u00d3BITOS-EM-2-SEMANAS-2-768x475.png 768w\" sizes=\"auto, (max-width: 1000px) 100vw, 1000px\" \/><\/a><\/div>\n","protected":false},"excerpt":{"rendered":"<p>Nesta ter\u00e7a-feira, o boletim epidemiol\u00f3gico mostrou que 12 novos casos de covid foram registrados em Muria\u00e9. O n\u00famero de pacientes ativos no momento totaliza 33 pessoas, das quais nove est\u00e3o internadas &#8211; s\u00e3o tr\u00eas em leitos de enfermaria e seis em UTIs. &nbsp; Al\u00e9m dos pacientes muriaeenses, outras seis pessoas que moram em cidades da [&hellip;]<\/p>\n","protected":false},"author":6,"featured_media":0,"comment_status":"open","ping_status":"closed","sticky":false,"template":"","format":"standard","meta":{"_joinchat":[],"footnotes":""},"categories":[1],"tags":[],"class_list":["post-77645","post","type-post","status-publish","format-standard","hentry","category-sem-categoria"],"_links":{"self":[{"href":"https:\/\/folhadosudeste.com\/site\/index.php?rest_route=\/wp\/v2\/posts\/77645","targetHints":{"allow":["GET"]}}],"collection":[{"href":"https:\/\/folhadosudeste.com\/site\/index.php?rest_route=\/wp\/v2\/posts"}],"about":[{"href":"https:\/\/folhadosudeste.com\/site\/index.php?rest_route=\/wp\/v2\/types\/post"}],"author":[{"embeddable":true,"href":"https:\/\/folhadosudeste.com\/site\/index.php?rest_route=\/wp\/v2\/users\/6"}],"replies":[{"embeddable":true,"href":"https:\/\/folhadosudeste.com\/site\/index.php?rest_route=%2Fwp%2Fv2%2Fcomments&post=77645"}],"version-history":[{"count":1,"href":"https:\/\/folhadosudeste.com\/site\/index.php?rest_route=\/wp\/v2\/posts\/77645\/revisions"}],"predecessor-version":[{"id":77648,"href":"https:\/\/folhadosudeste.com\/site\/index.php?rest_route=\/wp\/v2\/posts\/77645\/revisions\/77648"}],"wp:attachment":[{"href":"https:\/\/folhadosudeste.com\/site\/index.php?rest_route=%2Fwp%2Fv2%2Fmedia&parent=77645"}],"wp:term":[{"taxonomy":"category","embeddable":true,"href":"https:\/\/folhadosudeste.com\/site\/index.php?rest_route=%2Fwp%2Fv2%2Fcategories&post=77645"},{"taxonomy":"post_tag","embeddable":true,"href":"https:\/\/folhadosudeste.com\/site\/index.php?rest_route=%2Fwp%2Fv2%2Ftags&post=77645"}],"curies":[{"name":"wp","href":"https:\/\/api.w.org\/{rel}","templated":true}]}}