{"id":77662,"date":"2021-09-30T01:00:02","date_gmt":"2021-09-30T01:00:02","guid":{"rendered":"http:\/\/folhadosudeste.com\/site\/?p=77662"},"modified":"2021-09-30T01:00:02","modified_gmt":"2021-09-30T01:00:02","slug":"transito-interrompido-no-jose-cirilo-a-partir-desta-quinta-em-muriae","status":"publish","type":"post","link":"https:\/\/folhadosudeste.com\/site\/?p=77662","title":{"rendered":"Tr\u00e2nsito interrompido no Jos\u00e9 Cirilo a partir desta quinta em Muria\u00e9"},"content":{"rendered":"<div><a href=\"http:\/\/folhadosudeste.com\/site\/wp-content\/uploads\/2021\/09\/Foto-1.jpg\"><img loading=\"lazy\" decoding=\"async\" class=\"alignnone size-full wp-image-77663\" src=\"http:\/\/folhadosudeste.com\/site\/wp-content\/uploads\/2021\/09\/Foto-1.jpg\" alt=\"\" width=\"2048\" height=\"1536\" srcset=\"https:\/\/folhadosudeste.com\/site\/wp-content\/uploads\/2021\/09\/Foto-1.jpg 2048w, https:\/\/folhadosudeste.com\/site\/wp-content\/uploads\/2021\/09\/Foto-1-300x225.jpg 300w, https:\/\/folhadosudeste.com\/site\/wp-content\/uploads\/2021\/09\/Foto-1-768x576.jpg 768w, https:\/\/folhadosudeste.com\/site\/wp-content\/uploads\/2021\/09\/Foto-1-1024x768.jpg 1024w\" sizes=\"auto, (max-width: 2048px) 100vw, 2048px\" \/><\/a><\/div>\n<div>Devido \u00e0 realiza\u00e7\u00e3o de obras de drenagem pluvial, a avenida Altino Rodrigues Pereira, bairro Jos\u00e9 Cirilo, ser\u00e1 interditada a partir desta quinta-feira, dia 30 de setembro.<\/div>\n<div>&nbsp;<\/div>\n<div>Com isso, o tr\u00e2nsito da via precisar\u00e1 ser totalmente desviado para o bairro Santana durante todo o per\u00edodo de realiza\u00e7\u00e3o das interven\u00e7\u00f5es (estimado entre 40 e 60 dias).<\/div>\n<div>&nbsp;<\/div>\n<div>A \u00fanica rota poss\u00edvel para seguir em dire\u00e7\u00e3o a Mira\u00ed ou aos bairros e distritos daquela regi\u00e3o ser\u00e1 pela avenida Doutor Nilo Pacheco de Medeiros, logo ap\u00f3s a ponte do Dornelas (foto 1).<\/div>\n<div>&nbsp;<\/div>\n<p><!--more--><\/p>\n<div>&nbsp;<\/div>\n<div>J\u00e1 a rota contr\u00e1ria (ou seja, para ir em dire\u00e7\u00e3o ao Dornelas) ser\u00e1 atrav\u00e9s do Santana e depois seguindo tamb\u00e9m pela avenida Doutor Nilo Pacheco de Medeiros (foto 2).<\/div>\n<div>&nbsp;<\/div>\n<div><a href=\"http:\/\/folhadosudeste.com\/site\/wp-content\/uploads\/2021\/09\/Foto-2-1.jpg\"><img loading=\"lazy\" decoding=\"async\" class=\"alignnone size-full wp-image-77664\" src=\"http:\/\/folhadosudeste.com\/site\/wp-content\/uploads\/2021\/09\/Foto-2-1.jpg\" alt=\"\" width=\"2048\" height=\"1536\" srcset=\"https:\/\/folhadosudeste.com\/site\/wp-content\/uploads\/2021\/09\/Foto-2-1.jpg 2048w, https:\/\/folhadosudeste.com\/site\/wp-content\/uploads\/2021\/09\/Foto-2-1-300x225.jpg 300w, https:\/\/folhadosudeste.com\/site\/wp-content\/uploads\/2021\/09\/Foto-2-1-768x576.jpg 768w, https:\/\/folhadosudeste.com\/site\/wp-content\/uploads\/2021\/09\/Foto-2-1-1024x768.jpg 1024w\" sizes=\"auto, (max-width: 2048px) 100vw, 2048px\" \/><\/a><\/div>\n","protected":false},"excerpt":{"rendered":"<p>Devido \u00e0 realiza\u00e7\u00e3o de obras de drenagem pluvial, a avenida Altino Rodrigues Pereira, bairro Jos\u00e9 Cirilo, ser\u00e1 interditada a partir desta quinta-feira, dia 30 de setembro. &nbsp; Com isso, o tr\u00e2nsito da via precisar\u00e1 ser totalmente desviado para o bairro Santana durante todo o per\u00edodo de realiza\u00e7\u00e3o das interven\u00e7\u00f5es (estimado entre 40 e 60 dias). [&hellip;]<\/p>\n","protected":false},"author":6,"featured_media":0,"comment_status":"open","ping_status":"closed","sticky":false,"template":"","format":"standard","meta":{"_joinchat":[],"footnotes":""},"categories":[1],"tags":[],"class_list":["post-77662","post","type-post","status-publish","format-standard","hentry","category-sem-categoria"],"_links":{"self":[{"href":"https:\/\/folhadosudeste.com\/site\/index.php?rest_route=\/wp\/v2\/posts\/77662","targetHints":{"allow":["GET"]}}],"collection":[{"href":"https:\/\/folhadosudeste.com\/site\/index.php?rest_route=\/wp\/v2\/posts"}],"about":[{"href":"https:\/\/folhadosudeste.com\/site\/index.php?rest_route=\/wp\/v2\/types\/post"}],"author":[{"embeddable":true,"href":"https:\/\/folhadosudeste.com\/site\/index.php?rest_route=\/wp\/v2\/users\/6"}],"replies":[{"embeddable":true,"href":"https:\/\/folhadosudeste.com\/site\/index.php?rest_route=%2Fwp%2Fv2%2Fcomments&post=77662"}],"version-history":[{"count":1,"href":"https:\/\/folhadosudeste.com\/site\/index.php?rest_route=\/wp\/v2\/posts\/77662\/revisions"}],"predecessor-version":[{"id":77665,"href":"https:\/\/folhadosudeste.com\/site\/index.php?rest_route=\/wp\/v2\/posts\/77662\/revisions\/77665"}],"wp:attachment":[{"href":"https:\/\/folhadosudeste.com\/site\/index.php?rest_route=%2Fwp%2Fv2%2Fmedia&parent=77662"}],"wp:term":[{"taxonomy":"category","embeddable":true,"href":"https:\/\/folhadosudeste.com\/site\/index.php?rest_route=%2Fwp%2Fv2%2Fcategories&post=77662"},{"taxonomy":"post_tag","embeddable":true,"href":"https:\/\/folhadosudeste.com\/site\/index.php?rest_route=%2Fwp%2Fv2%2Ftags&post=77662"}],"curies":[{"name":"wp","href":"https:\/\/api.w.org\/{rel}","templated":true}]}}