{"id":77666,"date":"2021-09-30T01:02:32","date_gmt":"2021-09-30T01:02:32","guid":{"rendered":"http:\/\/folhadosudeste.com\/site\/?p=77666"},"modified":"2021-09-30T01:02:32","modified_gmt":"2021-09-30T01:02:32","slug":"boletim-covid-29-09","status":"publish","type":"post","link":"https:\/\/folhadosudeste.com\/site\/?p=77666","title":{"rendered":"Boletim Covid &#8211; 29\/09"},"content":{"rendered":"<div><a href=\"http:\/\/folhadosudeste.com\/site\/wp-content\/uploads\/2021\/09\/29092021.jpeg\"><img loading=\"lazy\" decoding=\"async\" class=\"alignnone size-full wp-image-77667\" src=\"http:\/\/folhadosudeste.com\/site\/wp-content\/uploads\/2021\/09\/29092021.jpeg\" alt=\"\" width=\"1080\" height=\"1080\" srcset=\"https:\/\/folhadosudeste.com\/site\/wp-content\/uploads\/2021\/09\/29092021.jpeg 1080w, https:\/\/folhadosudeste.com\/site\/wp-content\/uploads\/2021\/09\/29092021-150x150.jpeg 150w, https:\/\/folhadosudeste.com\/site\/wp-content\/uploads\/2021\/09\/29092021-300x300.jpeg 300w, https:\/\/folhadosudeste.com\/site\/wp-content\/uploads\/2021\/09\/29092021-768x768.jpeg 768w, https:\/\/folhadosudeste.com\/site\/wp-content\/uploads\/2021\/09\/29092021-1024x1024.jpeg 1024w\" sizes=\"auto, (max-width: 1080px) 100vw, 1080px\" \/><\/a><\/div>\n<div>&nbsp;<\/div>\n<div style=\"text-align: justify;\">A covid-19 provocou a morte de mais uma pessoa em Muria\u00e9. O \u00f3bito mais recente aconteceu no \u00faltimo domingo, dia 26 &#8211; a v\u00edtima foi uma senhora de 76 anos que tamb\u00e9m sofria de doen\u00e7a neurol\u00f3gica.<\/div>\n<div style=\"text-align: justify;\">&nbsp;<\/div>\n<div style=\"text-align: justify;\">Nesta quarta-feira, o boletim mostrou tamb\u00e9m que 14 novos casos de covid foram registrados. O n\u00famero de pacientes ativos no momento totaliza 40 pessoas, das quais oito est\u00e3o internadas &#8211; uma na enfermaria e sete em UTIs.<\/div>\n<div style=\"text-align: justify;\">&nbsp;<\/div>\n<div style=\"text-align: justify;\">Al\u00e9m dos pacientes muriaeenses, outras cinco pessoas que moram em cidades da regi\u00e3o tamb\u00e9m est\u00e3o internadas nos hospitais de Muria\u00e9 para se recuperar da covid.<\/div>\n<div style=\"text-align: justify;\">&nbsp;<\/div>\n<div style=\"text-align: justify;\">A m\u00e9dia m\u00f3vel, que considera apenas os dados das \u00faltimas duas semanas, atualmente \u00e9 de 8,5 casos por dia.&nbsp;<\/div>\n<div style=\"text-align: justify;\">&nbsp;<\/div>\n<div style=\"text-align: justify;\">O n\u00famero \u00e9 7% menor que o de 14 dias atr\u00e1s &#8211; quando a diferen\u00e7a \u00e9 de at\u00e9 15% (para mais ou para menos), indica que o cen\u00e1rio foi de estabilidade durante o per\u00edodo analisado.<\/div>\n<div>&nbsp;<\/div>\n<p><!--more--><\/p>\n<div style=\"text-align: justify;\">&nbsp;<\/div>\n<div style=\"text-align: justify;\">N\u00fameros completos de hoje (29\/09\/2021):<\/div>\n<div style=\"text-align: justify;\">&nbsp;<\/div>\n<div style=\"text-align: justify;\">VACINA\u00c7\u00c3O (at\u00e9 28\/09)<\/div>\n<div style=\"text-align: justify;\">Parcialmente vacinados: 83.073 pessoas (75,94% da popula\u00e7\u00e3o)<\/div>\n<div style=\"text-align: justify;\">Totalmente vacinados: 49.887 pessoas (45,61% da popula\u00e7\u00e3o)<\/div>\n<div style=\"text-align: justify;\">Dose de Refor\u00e7o: 792 pessoas (0,72% da popula\u00e7\u00e3o)<\/div>\n<div style=\"text-align: justify;\">&nbsp;<\/div>\n<div style=\"text-align: justify;\">CASOS<\/div>\n<div style=\"text-align: justify;\">Total de casos confirmados: 11.809 (+14)<\/div>\n<div style=\"text-align: justify;\">Pacientes ativos: 40<\/div>\n<div style=\"text-align: justify;\">Pacientes curados: 11.455<\/div>\n<div style=\"text-align: justify;\">\u00d3bitos: 314 (+1)<\/div>\n<div style=\"text-align: justify;\">Investigados \/ Monitorados: 63<\/div>\n<div style=\"text-align: justify;\">Negativos: 14.294<\/div>\n","protected":false},"excerpt":{"rendered":"<p>&nbsp; A covid-19 provocou a morte de mais uma pessoa em Muria\u00e9. O \u00f3bito mais recente aconteceu no \u00faltimo domingo, dia 26 &#8211; a v\u00edtima foi uma senhora de 76 anos que tamb\u00e9m sofria de doen\u00e7a neurol\u00f3gica. &nbsp; Nesta quarta-feira, o boletim mostrou tamb\u00e9m que 14 novos casos de covid foram registrados. O n\u00famero de [&hellip;]<\/p>\n","protected":false},"author":6,"featured_media":0,"comment_status":"open","ping_status":"closed","sticky":false,"template":"","format":"standard","meta":{"_joinchat":[],"footnotes":""},"categories":[1],"tags":[],"class_list":["post-77666","post","type-post","status-publish","format-standard","hentry","category-sem-categoria"],"_links":{"self":[{"href":"https:\/\/folhadosudeste.com\/site\/index.php?rest_route=\/wp\/v2\/posts\/77666","targetHints":{"allow":["GET"]}}],"collection":[{"href":"https:\/\/folhadosudeste.com\/site\/index.php?rest_route=\/wp\/v2\/posts"}],"about":[{"href":"https:\/\/folhadosudeste.com\/site\/index.php?rest_route=\/wp\/v2\/types\/post"}],"author":[{"embeddable":true,"href":"https:\/\/folhadosudeste.com\/site\/index.php?rest_route=\/wp\/v2\/users\/6"}],"replies":[{"embeddable":true,"href":"https:\/\/folhadosudeste.com\/site\/index.php?rest_route=%2Fwp%2Fv2%2Fcomments&post=77666"}],"version-history":[{"count":1,"href":"https:\/\/folhadosudeste.com\/site\/index.php?rest_route=\/wp\/v2\/posts\/77666\/revisions"}],"predecessor-version":[{"id":77668,"href":"https:\/\/folhadosudeste.com\/site\/index.php?rest_route=\/wp\/v2\/posts\/77666\/revisions\/77668"}],"wp:attachment":[{"href":"https:\/\/folhadosudeste.com\/site\/index.php?rest_route=%2Fwp%2Fv2%2Fmedia&parent=77666"}],"wp:term":[{"taxonomy":"category","embeddable":true,"href":"https:\/\/folhadosudeste.com\/site\/index.php?rest_route=%2Fwp%2Fv2%2Fcategories&post=77666"},{"taxonomy":"post_tag","embeddable":true,"href":"https:\/\/folhadosudeste.com\/site\/index.php?rest_route=%2Fwp%2Fv2%2Ftags&post=77666"}],"curies":[{"name":"wp","href":"https:\/\/api.w.org\/{rel}","templated":true}]}}