{"id":77672,"date":"2021-09-30T15:20:09","date_gmt":"2021-09-30T15:20:09","guid":{"rendered":"http:\/\/folhadosudeste.com\/site\/?p=77672"},"modified":"2021-09-30T15:20:09","modified_gmt":"2021-09-30T15:20:09","slug":"camara-realiza-audiencia-publica-para-discutir-sobre-criacao-de-centro-socioeducativo-para-menores","status":"publish","type":"post","link":"https:\/\/folhadosudeste.com\/site\/?p=77672","title":{"rendered":"C\u00e2mara realiza audi\u00eancia p\u00fablica para discutir sobre cria\u00e7\u00e3o de Centro Socioeducativo para menores"},"content":{"rendered":"<p><a href=\"http:\/\/folhadosudeste.com\/site\/wp-content\/uploads\/2021\/09\/Coletiva-de-imprensa-para-falar-sobre-a-audi\u00eancia-p\u00fablica.jpg\"><img loading=\"lazy\" decoding=\"async\" class=\"alignnone size-full wp-image-77673\" src=\"http:\/\/folhadosudeste.com\/site\/wp-content\/uploads\/2021\/09\/Coletiva-de-imprensa-para-falar-sobre-a-audi\u00eancia-p\u00fablica.jpg\" alt=\"\" width=\"1500\" height=\"1049\" srcset=\"https:\/\/folhadosudeste.com\/site\/wp-content\/uploads\/2021\/09\/Coletiva-de-imprensa-para-falar-sobre-a-audi\u00eancia-p\u00fablica.jpg 1500w, https:\/\/folhadosudeste.com\/site\/wp-content\/uploads\/2021\/09\/Coletiva-de-imprensa-para-falar-sobre-a-audi\u00eancia-p\u00fablica-300x210.jpg 300w, https:\/\/folhadosudeste.com\/site\/wp-content\/uploads\/2021\/09\/Coletiva-de-imprensa-para-falar-sobre-a-audi\u00eancia-p\u00fablica-768x537.jpg 768w, https:\/\/folhadosudeste.com\/site\/wp-content\/uploads\/2021\/09\/Coletiva-de-imprensa-para-falar-sobre-a-audi\u00eancia-p\u00fablica-1024x716.jpg 1024w\" sizes=\"auto, (max-width: 1500px) 100vw, 1500px\" \/><\/a><\/p>\n<p style=\"text-align: justify;\">Est\u00e1 marcada para a pr\u00f3xima quarta-feira, dia 6 de outubro, uma audi\u00eancia p\u00fablica para deliberar sobre a Cria\u00e7\u00e3o de Centro Socioeducativo em Muria\u00e9 para cust\u00f3dia de menores em conflito com a lei.<\/p>\n<p style=\"text-align: justify;\">Realizada \u00e0s 17h, no Plen\u00e1rio, a audi\u00eancia foi deferida pelo presidente da Casa, Afonso da Sa\u00fade (PTB), ap\u00f3s requisi\u00e7\u00e3o do vereador Delegado Rangel (PSB), presidente da Comiss\u00e3o de Seguran\u00e7a P\u00fablica da C\u00e2mara. O evento acontece em parceria com a Secretaria Municipal de Desenvolvimento Social (SMDS).<\/p>\n<p style=\"text-align: justify;\">No encontro, ser\u00e1 debatida entre as autoridades e p\u00fablico em geral a import\u00e2ncia da implanta\u00e7\u00e3o deste Centro, j\u00e1 que a cidade n\u00e3o conta, at\u00e9 o momento, com um local apropriado para cust\u00f3dia dos adolescentes infratores.<\/p>\n<p style=\"text-align: justify;\">\u201cA ideia com a cria\u00e7\u00e3o deste Centro Socioeducativo \u00e9 dar cumprimento a um comando legal do Estatuto da Crian\u00e7a e do Adolescente (ECA), que estabelece os locais adequados para cust\u00f3dia e acompanhamento do adolescente em conflito com a lei. Para casos mais graves de infra\u00e7\u00e3o n\u00e3o temos ainda um Centro Socioeducativo, que \u00e9 o local adequado para receber e acompanhar esses adolescentes\u201d, disse o vereador Delegado Rangel durante coletiva de imprensa sobre o tema realizada nesta quinta-feira, dia 30, na sede da SMDS, Safira.<\/p>\n<p style=\"text-align: justify;\"><!--more--><\/p>\n<p style=\"text-align: justify;\">\u201cEste \u00e9 um trabalho em conjunto envolvendo o Legislativo, Executivo, Minist\u00e9rio P\u00fablico e Judici\u00e1rio. O Centro n\u00e3o \u00e9 um espa\u00e7o de \u2018dep\u00f3sito\u2019 de adolescentes infratores ou uma cadeia para menores, mas sim um local onde este adolescente vai cumprir a senten\u00e7a determinada pela Vara da Inf\u00e2ncia e Juventude e que ser\u00e1 acompanhado de perto por uma equipe multidisciplinar\u201d, completa o vereador.<\/p>\n<p style=\"text-align: justify;\">\u201cEstamos muito felizes com este novo espa\u00e7o que ser\u00e1 criado em Muria\u00e9. Este Centro ser\u00e1 muito importante para a \u00e1rea social e da seguran\u00e7a p\u00fablica. J\u00e1 temos, inclusive, o terreno para a sua constru\u00e7\u00e3o\u201d, destaca a secret\u00e1ria Municipal de Desenvolvimento Social, Eveline Amaral.<\/p>\n<p style=\"text-align: justify;\">Tamb\u00e9m participaram da entrevista coletiva a assessora T\u00e9cnica da Secretaria, Poliana Montezano, a coordenadora da Prote\u00e7\u00e3o Especial da SMDS, Cristiane Cruz e a Lauriana Cristina, secret\u00e1ria Executiva dos Conselhos.<\/p>\n<p style=\"text-align: justify;\">Diversas autoridades, representantes dos Poderes Legislativo, Executivo e Judici\u00e1rio em n\u00edvel municipal, estadual e federal, Minist\u00e9rio P\u00fablico, pol\u00edcias Civil e Militar, entre outras \u00e1reas afins, foram convidadas a participar dos debates.<\/p>\n<p style=\"text-align: justify;\">Vale frisar que todos os protocolos sanit\u00e1rios ser\u00e3o obedecidos. O uso de m\u00e1scara \u00e9 obrigat\u00f3rio para todos os presentes.<\/p>\n<p style=\"text-align: justify;\">A audi\u00eancia tamb\u00e9m ser\u00e1 transmitida ao vivo pelo canal da C\u00e2mara no YouTube: camaramunicipaldemuriae.<\/p>\n<div style=\"text-align: justify;\"><a href=\"http:\/\/folhadosudeste.com\/site\/wp-content\/uploads\/2021\/09\/Plen\u00e1rio-da-C\u00e2mara-onde-ser\u00e1-realizada-a-audi\u00eancia-P\u00fablica.jpg\"><img loading=\"lazy\" decoding=\"async\" class=\"alignnone size-full wp-image-77674\" src=\"http:\/\/folhadosudeste.com\/site\/wp-content\/uploads\/2021\/09\/Plen\u00e1rio-da-C\u00e2mara-onde-ser\u00e1-realizada-a-audi\u00eancia-P\u00fablica.jpg\" alt=\"\" width=\"1500\" height=\"1030\" srcset=\"https:\/\/folhadosudeste.com\/site\/wp-content\/uploads\/2021\/09\/Plen\u00e1rio-da-C\u00e2mara-onde-ser\u00e1-realizada-a-audi\u00eancia-P\u00fablica.jpg 1500w, https:\/\/folhadosudeste.com\/site\/wp-content\/uploads\/2021\/09\/Plen\u00e1rio-da-C\u00e2mara-onde-ser\u00e1-realizada-a-audi\u00eancia-P\u00fablica-300x206.jpg 300w, https:\/\/folhadosudeste.com\/site\/wp-content\/uploads\/2021\/09\/Plen\u00e1rio-da-C\u00e2mara-onde-ser\u00e1-realizada-a-audi\u00eancia-P\u00fablica-768x527.jpg 768w, https:\/\/folhadosudeste.com\/site\/wp-content\/uploads\/2021\/09\/Plen\u00e1rio-da-C\u00e2mara-onde-ser\u00e1-realizada-a-audi\u00eancia-P\u00fablica-1024x703.jpg 1024w, https:\/\/folhadosudeste.com\/site\/wp-content\/uploads\/2021\/09\/Plen\u00e1rio-da-C\u00e2mara-onde-ser\u00e1-realizada-a-audi\u00eancia-P\u00fablica-220x150.jpg 220w\" sizes=\"auto, (max-width: 1500px) 100vw, 1500px\" \/><\/a><\/div>\n","protected":false},"excerpt":{"rendered":"<p>Est\u00e1 marcada para a pr\u00f3xima quarta-feira, dia 6 de outubro, uma audi\u00eancia p\u00fablica para deliberar sobre a Cria\u00e7\u00e3o de Centro Socioeducativo em Muria\u00e9 para cust\u00f3dia de menores em conflito com a lei. Realizada \u00e0s 17h, no Plen\u00e1rio, a audi\u00eancia foi deferida pelo presidente da Casa, Afonso da Sa\u00fade (PTB), ap\u00f3s requisi\u00e7\u00e3o do vereador Delegado Rangel [&hellip;]<\/p>\n","protected":false},"author":6,"featured_media":0,"comment_status":"open","ping_status":"closed","sticky":false,"template":"","format":"standard","meta":{"_joinchat":[],"footnotes":""},"categories":[1],"tags":[],"class_list":["post-77672","post","type-post","status-publish","format-standard","hentry","category-sem-categoria"],"_links":{"self":[{"href":"https:\/\/folhadosudeste.com\/site\/index.php?rest_route=\/wp\/v2\/posts\/77672","targetHints":{"allow":["GET"]}}],"collection":[{"href":"https:\/\/folhadosudeste.com\/site\/index.php?rest_route=\/wp\/v2\/posts"}],"about":[{"href":"https:\/\/folhadosudeste.com\/site\/index.php?rest_route=\/wp\/v2\/types\/post"}],"author":[{"embeddable":true,"href":"https:\/\/folhadosudeste.com\/site\/index.php?rest_route=\/wp\/v2\/users\/6"}],"replies":[{"embeddable":true,"href":"https:\/\/folhadosudeste.com\/site\/index.php?rest_route=%2Fwp%2Fv2%2Fcomments&post=77672"}],"version-history":[{"count":1,"href":"https:\/\/folhadosudeste.com\/site\/index.php?rest_route=\/wp\/v2\/posts\/77672\/revisions"}],"predecessor-version":[{"id":77675,"href":"https:\/\/folhadosudeste.com\/site\/index.php?rest_route=\/wp\/v2\/posts\/77672\/revisions\/77675"}],"wp:attachment":[{"href":"https:\/\/folhadosudeste.com\/site\/index.php?rest_route=%2Fwp%2Fv2%2Fmedia&parent=77672"}],"wp:term":[{"taxonomy":"category","embeddable":true,"href":"https:\/\/folhadosudeste.com\/site\/index.php?rest_route=%2Fwp%2Fv2%2Fcategories&post=77672"},{"taxonomy":"post_tag","embeddable":true,"href":"https:\/\/folhadosudeste.com\/site\/index.php?rest_route=%2Fwp%2Fv2%2Ftags&post=77672"}],"curies":[{"name":"wp","href":"https:\/\/api.w.org\/{rel}","templated":true}]}}