{"id":77791,"date":"2021-10-06T01:18:00","date_gmt":"2021-10-06T01:18:00","guid":{"rendered":"http:\/\/folhadosudeste.com\/site\/?p=77791"},"modified":"2021-10-06T01:18:00","modified_gmt":"2021-10-06T01:18:00","slug":"covid-19-em-muriae-segue-com-tendencia-de-queda","status":"publish","type":"post","link":"https:\/\/folhadosudeste.com\/site\/?p=77791","title":{"rendered":"Covid-19 em Muria\u00e9 segue com tend\u00eancia de queda"},"content":{"rendered":"<div><a href=\"http:\/\/folhadosudeste.com\/site\/wp-content\/uploads\/2021\/10\/05102021-1.jpeg\"><img loading=\"lazy\" decoding=\"async\" class=\"alignnone size-full wp-image-77792\" src=\"http:\/\/folhadosudeste.com\/site\/wp-content\/uploads\/2021\/10\/05102021-1.jpeg\" alt=\"\" width=\"1080\" height=\"1080\" srcset=\"https:\/\/folhadosudeste.com\/site\/wp-content\/uploads\/2021\/10\/05102021-1.jpeg 1080w, https:\/\/folhadosudeste.com\/site\/wp-content\/uploads\/2021\/10\/05102021-1-150x150.jpeg 150w, https:\/\/folhadosudeste.com\/site\/wp-content\/uploads\/2021\/10\/05102021-1-300x300.jpeg 300w, https:\/\/folhadosudeste.com\/site\/wp-content\/uploads\/2021\/10\/05102021-1-768x768.jpeg 768w, https:\/\/folhadosudeste.com\/site\/wp-content\/uploads\/2021\/10\/05102021-1-1024x1024.jpeg 1024w\" sizes=\"auto, (max-width: 1080px) 100vw, 1080px\" \/><\/a><\/div>\n<div>&nbsp;<\/div>\n<div style=\"text-align: justify;\">O cen\u00e1rio da covid-19 em Muria\u00e9 segue com tend\u00eancia de queda, conforme mostra o boletim desta ter\u00e7a-feira.<\/div>\n<div style=\"text-align: justify;\">&nbsp;<\/div>\n<div style=\"text-align: justify;\">A m\u00e9dia m\u00f3vel atual \u00e9 de 7,14 casos por dia (considerando apenas os dados das \u00faltimas duas semanas, ou seja, desde 22 de setembro). A redu\u00e7\u00e3o em rela\u00e7\u00e3o ao per\u00edodo anterior foi de 41%.<\/div>\n<div style=\"text-align: justify;\">&nbsp;<\/div>\n<div style=\"text-align: justify;\">O n\u00famero de pacientes ativos permanece igual ao de ontem, com 24 pessoas em recupera\u00e7\u00e3o da doen\u00e7a, das quais cinco est\u00e3o internadas &#8211; uma na enfermaria e quatro em UTIs. Nenhum paciente est\u00e1 intubado.<\/div>\n<div style=\"text-align: justify;\">&nbsp;<\/div>\n<div style=\"text-align: justify;\">N\u00fameros completos de hoje (05\/10\/2021):<\/div>\n<div style=\"text-align: justify;\">&nbsp;<\/div>\n<div style=\"text-align: justify;\">VACINA\u00c7\u00c3O (at\u00e9 04\/10)<\/div>\n<div style=\"text-align: justify;\">Parcialmente vacinados: 83.677 pessoas (76,49% da popula\u00e7\u00e3o)<\/div>\n<div style=\"text-align: justify;\">Totalmente vacinados: 51.613 pessoas (47,19% da popula\u00e7\u00e3o)<\/div>\n<div style=\"text-align: justify;\">Dose de Refor\u00e7o: 1.161 pessoas (1,06% da popula\u00e7\u00e3o)<\/div>\n<div style=\"text-align: justify;\">&nbsp;<\/div>\n<p style=\"text-align: justify;\"><!--more--><\/p>\n<div style=\"text-align: justify;\">&nbsp;<\/div>\n<div style=\"text-align: justify;\">CASOS<\/div>\n<div style=\"text-align: justify;\">Total de casos confirmados: 11.836 (+11)<\/div>\n<div style=\"text-align: justify;\">Pacientes ativos: 24<\/div>\n<div style=\"text-align: justify;\">Pacientes curados: 11.497<\/div>\n<div style=\"text-align: justify;\">\u00d3bitos: 315<\/div>\n<div style=\"text-align: justify;\">Investigados \/ Monitorados: 34<\/div>\n<div style=\"text-align: justify;\">Negativos: 14.467<\/div>\n","protected":false},"excerpt":{"rendered":"<p>&nbsp; O cen\u00e1rio da covid-19 em Muria\u00e9 segue com tend\u00eancia de queda, conforme mostra o boletim desta ter\u00e7a-feira. &nbsp; A m\u00e9dia m\u00f3vel atual \u00e9 de 7,14 casos por dia (considerando apenas os dados das \u00faltimas duas semanas, ou seja, desde 22 de setembro). A redu\u00e7\u00e3o em rela\u00e7\u00e3o ao per\u00edodo anterior foi de 41%. &nbsp; O [&hellip;]<\/p>\n","protected":false},"author":6,"featured_media":0,"comment_status":"open","ping_status":"closed","sticky":false,"template":"","format":"standard","meta":{"_joinchat":[],"footnotes":""},"categories":[1],"tags":[],"class_list":["post-77791","post","type-post","status-publish","format-standard","hentry","category-sem-categoria"],"_links":{"self":[{"href":"https:\/\/folhadosudeste.com\/site\/index.php?rest_route=\/wp\/v2\/posts\/77791","targetHints":{"allow":["GET"]}}],"collection":[{"href":"https:\/\/folhadosudeste.com\/site\/index.php?rest_route=\/wp\/v2\/posts"}],"about":[{"href":"https:\/\/folhadosudeste.com\/site\/index.php?rest_route=\/wp\/v2\/types\/post"}],"author":[{"embeddable":true,"href":"https:\/\/folhadosudeste.com\/site\/index.php?rest_route=\/wp\/v2\/users\/6"}],"replies":[{"embeddable":true,"href":"https:\/\/folhadosudeste.com\/site\/index.php?rest_route=%2Fwp%2Fv2%2Fcomments&post=77791"}],"version-history":[{"count":1,"href":"https:\/\/folhadosudeste.com\/site\/index.php?rest_route=\/wp\/v2\/posts\/77791\/revisions"}],"predecessor-version":[{"id":77793,"href":"https:\/\/folhadosudeste.com\/site\/index.php?rest_route=\/wp\/v2\/posts\/77791\/revisions\/77793"}],"wp:attachment":[{"href":"https:\/\/folhadosudeste.com\/site\/index.php?rest_route=%2Fwp%2Fv2%2Fmedia&parent=77791"}],"wp:term":[{"taxonomy":"category","embeddable":true,"href":"https:\/\/folhadosudeste.com\/site\/index.php?rest_route=%2Fwp%2Fv2%2Fcategories&post=77791"},{"taxonomy":"post_tag","embeddable":true,"href":"https:\/\/folhadosudeste.com\/site\/index.php?rest_route=%2Fwp%2Fv2%2Ftags&post=77791"}],"curies":[{"name":"wp","href":"https:\/\/api.w.org\/{rel}","templated":true}]}}