{"id":77839,"date":"2021-10-07T01:21:49","date_gmt":"2021-10-07T01:21:49","guid":{"rendered":"http:\/\/folhadosudeste.com\/site\/?p=77839"},"modified":"2021-10-07T01:21:49","modified_gmt":"2021-10-07T01:21:49","slug":"procon-realiza-operacao-dia-das-criancas","status":"publish","type":"post","link":"https:\/\/folhadosudeste.com\/site\/?p=77839","title":{"rendered":"Procon realiza \u201copera\u00e7\u00e3o Dia das Crian\u00e7as\u201d"},"content":{"rendered":"<div id=\":ti\" class=\"ii gt\">\n<div id=\":tf\" class=\"a3s aiL \">\n<div>\n<div>\n<div>\n<p><a href=\"http:\/\/folhadosudeste.com\/site\/wp-content\/uploads\/2021\/10\/kiki.3.jpg\"><img loading=\"lazy\" decoding=\"async\" class=\"alignnone size-full wp-image-77840\" src=\"http:\/\/folhadosudeste.com\/site\/wp-content\/uploads\/2021\/10\/kiki.3.jpg\" alt=\"\" width=\"2048\" height=\"1536\" srcset=\"https:\/\/folhadosudeste.com\/site\/wp-content\/uploads\/2021\/10\/kiki.3.jpg 2048w, https:\/\/folhadosudeste.com\/site\/wp-content\/uploads\/2021\/10\/kiki.3-300x225.jpg 300w, https:\/\/folhadosudeste.com\/site\/wp-content\/uploads\/2021\/10\/kiki.3-768x576.jpg 768w, https:\/\/folhadosudeste.com\/site\/wp-content\/uploads\/2021\/10\/kiki.3-1024x768.jpg 1024w\" sizes=\"auto, (max-width: 2048px) 100vw, 2048px\" \/><\/a><\/p>\n<p style=\"text-align: justify;\">O Procon de Muria\u00e9 vem realizando desde 30 de setembro, a\u00e7\u00f5es de fiscaliza\u00e7\u00e3o com foco no \u2018Dia das Crian\u00e7as\u2019, comemorado na pr\u00f3xima ter\u00e7a-feira, 12 de outubro. Trata-se de uma opera\u00e7\u00e3o de of\u00edcio em raz\u00e3o de datas comemorativas, com o objetivo de educar os fornecedores quanto \u00e0s pr\u00e1ticas legais no com\u00e9rcio, segundo o C\u00f3digo de Defesa do Consumidor (CDC) e demais legisla\u00e7\u00f5es consumeristas, tais como Lei n\u00ba 10.962\/04 e o Decreto n\u00ba 5.903\/06. Atitude visa evitar maiores transtornos para o consumidor.<\/p>\n<p style=\"text-align: justify;\">Segundo o coordenador do Procon Muria\u00e9, Cristiano Assis, o principal objetivo da opera\u00e7\u00e3o \u00e9 a verifica\u00e7\u00e3o do pre\u00e7o dos produtos expostos \u201cem vitrines, g\u00f4ndolas, ilhas, prateleiras e balc\u00f5es das lojas, bem como a exist\u00eancia das placas informativas sobre a disponibiliza\u00e7\u00e3o do CDC no estabelecimento e as formas de pagamento. Nessas opera\u00e7\u00f5es verifica-se se os pre\u00e7os est\u00e3o vis\u00edveis ao consumidor e de acordo com a legisla\u00e7\u00e3o\u201d, esclareceu.<\/p>\n<\/div>\n<\/div>\n<\/div>\n<\/div>\n<\/div>\n<p style=\"text-align: justify;\"><!--more--><\/p>\n<p style=\"text-align: justify;\">Os principais problemas encontrados at\u00e9 agora foram a inexist\u00eancia de pre\u00e7os nas vitrines e de pre\u00e7os \u00e0 vista dos produtos de forma clara, ostensiva, correta e precisa, no interior das lojas. \u201cAl\u00e9m disso, alguns estabelecimentos n\u00e3o possu\u00edam o exemplar do CDC dispon\u00edvel, nem a placa que identifica a exist\u00eancia do mesmo, previsto no Art. 1\u00ba, Lei 12.291\/2010\u201d, enfatizou a fiscal do consumidor, Carolina Benini.<\/p>\n<p style=\"text-align: justify;\">O assessor do \u00f3rg\u00e3o, advogado Erick Barbosa, ressalta a import\u00e2ncia de pesquisar os diferentes estabelecimentos observando as diferen\u00e7as de pre\u00e7o, formas de pagamento e vantagens ofertadas. \u201cAl\u00e9m disso, devem se atentar a idade recomendada no brinquedo com a idade da crian\u00e7a, e, se o mesmo, possui selo do InMetro que garante a sua seguran\u00e7a\u201d, esclareceu.<\/p>\n<div><a href=\"http:\/\/folhadosudeste.com\/site\/wp-content\/uploads\/2021\/10\/kiki.4.jpg\"><img loading=\"lazy\" decoding=\"async\" class=\"alignnone size-full wp-image-77841\" src=\"http:\/\/folhadosudeste.com\/site\/wp-content\/uploads\/2021\/10\/kiki.4.jpg\" alt=\"\" width=\"2048\" height=\"1536\" srcset=\"https:\/\/folhadosudeste.com\/site\/wp-content\/uploads\/2021\/10\/kiki.4.jpg 2048w, https:\/\/folhadosudeste.com\/site\/wp-content\/uploads\/2021\/10\/kiki.4-300x225.jpg 300w, https:\/\/folhadosudeste.com\/site\/wp-content\/uploads\/2021\/10\/kiki.4-768x576.jpg 768w, https:\/\/folhadosudeste.com\/site\/wp-content\/uploads\/2021\/10\/kiki.4-1024x768.jpg 1024w\" sizes=\"auto, (max-width: 2048px) 100vw, 2048px\" \/><\/a> <a href=\"http:\/\/folhadosudeste.com\/site\/wp-content\/uploads\/2021\/10\/kiki.1.jpg\"><img loading=\"lazy\" decoding=\"async\" class=\"alignnone size-full wp-image-77842\" src=\"http:\/\/folhadosudeste.com\/site\/wp-content\/uploads\/2021\/10\/kiki.1.jpg\" alt=\"\" width=\"2048\" height=\"1536\" srcset=\"https:\/\/folhadosudeste.com\/site\/wp-content\/uploads\/2021\/10\/kiki.1.jpg 2048w, https:\/\/folhadosudeste.com\/site\/wp-content\/uploads\/2021\/10\/kiki.1-300x225.jpg 300w, https:\/\/folhadosudeste.com\/site\/wp-content\/uploads\/2021\/10\/kiki.1-768x576.jpg 768w, https:\/\/folhadosudeste.com\/site\/wp-content\/uploads\/2021\/10\/kiki.1-1024x768.jpg 1024w\" sizes=\"auto, (max-width: 2048px) 100vw, 2048px\" \/><\/a><\/div>\n","protected":false},"excerpt":{"rendered":"<p>O Procon de Muria\u00e9 vem realizando desde 30 de setembro, a\u00e7\u00f5es de fiscaliza\u00e7\u00e3o com foco no \u2018Dia das Crian\u00e7as\u2019, comemorado na pr\u00f3xima ter\u00e7a-feira, 12 de outubro. Trata-se de uma opera\u00e7\u00e3o de of\u00edcio em raz\u00e3o de datas comemorativas, com o objetivo de educar os fornecedores quanto \u00e0s pr\u00e1ticas legais no com\u00e9rcio, segundo o C\u00f3digo de Defesa [&hellip;]<\/p>\n","protected":false},"author":6,"featured_media":0,"comment_status":"open","ping_status":"closed","sticky":false,"template":"","format":"standard","meta":{"_joinchat":[],"footnotes":""},"categories":[1],"tags":[],"class_list":["post-77839","post","type-post","status-publish","format-standard","hentry","category-sem-categoria"],"_links":{"self":[{"href":"https:\/\/folhadosudeste.com\/site\/index.php?rest_route=\/wp\/v2\/posts\/77839","targetHints":{"allow":["GET"]}}],"collection":[{"href":"https:\/\/folhadosudeste.com\/site\/index.php?rest_route=\/wp\/v2\/posts"}],"about":[{"href":"https:\/\/folhadosudeste.com\/site\/index.php?rest_route=\/wp\/v2\/types\/post"}],"author":[{"embeddable":true,"href":"https:\/\/folhadosudeste.com\/site\/index.php?rest_route=\/wp\/v2\/users\/6"}],"replies":[{"embeddable":true,"href":"https:\/\/folhadosudeste.com\/site\/index.php?rest_route=%2Fwp%2Fv2%2Fcomments&post=77839"}],"version-history":[{"count":1,"href":"https:\/\/folhadosudeste.com\/site\/index.php?rest_route=\/wp\/v2\/posts\/77839\/revisions"}],"predecessor-version":[{"id":77843,"href":"https:\/\/folhadosudeste.com\/site\/index.php?rest_route=\/wp\/v2\/posts\/77839\/revisions\/77843"}],"wp:attachment":[{"href":"https:\/\/folhadosudeste.com\/site\/index.php?rest_route=%2Fwp%2Fv2%2Fmedia&parent=77839"}],"wp:term":[{"taxonomy":"category","embeddable":true,"href":"https:\/\/folhadosudeste.com\/site\/index.php?rest_route=%2Fwp%2Fv2%2Fcategories&post=77839"},{"taxonomy":"post_tag","embeddable":true,"href":"https:\/\/folhadosudeste.com\/site\/index.php?rest_route=%2Fwp%2Fv2%2Ftags&post=77839"}],"curies":[{"name":"wp","href":"https:\/\/api.w.org\/{rel}","templated":true}]}}