{"id":77885,"date":"2021-10-07T11:49:19","date_gmt":"2021-10-07T11:49:19","guid":{"rendered":"http:\/\/folhadosudeste.com\/site\/?p=77885"},"modified":"2021-10-07T11:49:19","modified_gmt":"2021-10-07T11:49:19","slug":"carreata-em-defesa-da-vida-e-contra-a-mineracao","status":"publish","type":"post","link":"https:\/\/folhadosudeste.com\/site\/?p=77885","title":{"rendered":"CARREATA EM DEFESA DA VIDA E CONTRA A MINERA\u00c7\u00c3O"},"content":{"rendered":"<p><a href=\"http:\/\/folhadosudeste.com\/site\/wp-content\/uploads\/2021\/10\/WhatsApp-Image-2021-10-07-at-01.34.55.jpeg\"><img loading=\"lazy\" decoding=\"async\" class=\"alignnone size-full wp-image-77886\" src=\"http:\/\/folhadosudeste.com\/site\/wp-content\/uploads\/2021\/10\/WhatsApp-Image-2021-10-07-at-01.34.55.jpeg\" alt=\"\" width=\"927\" height=\"1280\" srcset=\"https:\/\/folhadosudeste.com\/site\/wp-content\/uploads\/2021\/10\/WhatsApp-Image-2021-10-07-at-01.34.55.jpeg 927w, https:\/\/folhadosudeste.com\/site\/wp-content\/uploads\/2021\/10\/WhatsApp-Image-2021-10-07-at-01.34.55-217x300.jpeg 217w, https:\/\/folhadosudeste.com\/site\/wp-content\/uploads\/2021\/10\/WhatsApp-Image-2021-10-07-at-01.34.55-768x1060.jpeg 768w, https:\/\/folhadosudeste.com\/site\/wp-content\/uploads\/2021\/10\/WhatsApp-Image-2021-10-07-at-01.34.55-742x1024.jpeg 742w\" sizes=\"auto, (max-width: 927px) 100vw, 927px\" \/><\/a><\/p>\n<p>A regi\u00e3o da Serra do Brigadeiro e o munic\u00edpio de Divino est\u00e3o amea\u00e7ados pela minera\u00e7\u00e3o de bauxita da CBA e da Curimbaba. Um projeto de morte, que destr\u00f3i a agricultura familiar, o potencial tur\u00edstico, a riqueza h\u00eddrica, a cultura popular e a religiosidade do nosso lugar.<br \/>\nVenha lutar em defesa da vida e contra esse projeto de morte. Essa luta tamb\u00e9m \u00e9 sua!<\/p>\n<p>S\u00e1bado, 16\/10, \u00e0s 08h, no Parque de Exposi\u00e7\u00f5es de Divino.<\/p>\n<p>MINERA\u00c7\u00c3O, AQUI N\u00c3O!<\/p>\n<p>SERRA DO BRIGADEIRO<br \/>\nTERRIT\u00d3RIO LIVRE DA MINERA\u00c7\u00c3O<\/p>\n","protected":false},"excerpt":{"rendered":"<p>A regi\u00e3o da Serra do Brigadeiro e o munic\u00edpio de Divino est\u00e3o amea\u00e7ados pela minera\u00e7\u00e3o de bauxita da CBA e da Curimbaba. Um projeto de morte, que destr\u00f3i a agricultura familiar, o potencial tur\u00edstico, a riqueza h\u00eddrica, a cultura popular e a religiosidade do nosso lugar. Venha lutar em defesa da vida e contra esse [&hellip;]<\/p>\n","protected":false},"author":6,"featured_media":0,"comment_status":"open","ping_status":"closed","sticky":false,"template":"","format":"standard","meta":{"_joinchat":[],"footnotes":""},"categories":[1],"tags":[],"class_list":["post-77885","post","type-post","status-publish","format-standard","hentry","category-sem-categoria"],"_links":{"self":[{"href":"https:\/\/folhadosudeste.com\/site\/index.php?rest_route=\/wp\/v2\/posts\/77885","targetHints":{"allow":["GET"]}}],"collection":[{"href":"https:\/\/folhadosudeste.com\/site\/index.php?rest_route=\/wp\/v2\/posts"}],"about":[{"href":"https:\/\/folhadosudeste.com\/site\/index.php?rest_route=\/wp\/v2\/types\/post"}],"author":[{"embeddable":true,"href":"https:\/\/folhadosudeste.com\/site\/index.php?rest_route=\/wp\/v2\/users\/6"}],"replies":[{"embeddable":true,"href":"https:\/\/folhadosudeste.com\/site\/index.php?rest_route=%2Fwp%2Fv2%2Fcomments&post=77885"}],"version-history":[{"count":1,"href":"https:\/\/folhadosudeste.com\/site\/index.php?rest_route=\/wp\/v2\/posts\/77885\/revisions"}],"predecessor-version":[{"id":77887,"href":"https:\/\/folhadosudeste.com\/site\/index.php?rest_route=\/wp\/v2\/posts\/77885\/revisions\/77887"}],"wp:attachment":[{"href":"https:\/\/folhadosudeste.com\/site\/index.php?rest_route=%2Fwp%2Fv2%2Fmedia&parent=77885"}],"wp:term":[{"taxonomy":"category","embeddable":true,"href":"https:\/\/folhadosudeste.com\/site\/index.php?rest_route=%2Fwp%2Fv2%2Fcategories&post=77885"},{"taxonomy":"post_tag","embeddable":true,"href":"https:\/\/folhadosudeste.com\/site\/index.php?rest_route=%2Fwp%2Fv2%2Ftags&post=77885"}],"curies":[{"name":"wp","href":"https:\/\/api.w.org\/{rel}","templated":true}]}}