{"id":77888,"date":"2021-10-07T11:52:32","date_gmt":"2021-10-07T11:52:32","guid":{"rendered":"http:\/\/folhadosudeste.com\/site\/?p=77888"},"modified":"2021-10-07T11:52:32","modified_gmt":"2021-10-07T11:52:32","slug":"comissao-de-enfrentamento-a-mineracao-se-reune-com-4-vereadores-de-muriae-e-cria-frente-parlamentar-em-defesa-do-meio-ambiente","status":"publish","type":"post","link":"https:\/\/folhadosudeste.com\/site\/?p=77888","title":{"rendered":"COMISS\u00c3O DE ENFRENTAMENTO \u00c0 MINERA\u00c7\u00c3O SE RE\u00daNE COM 4 VEREADORES DE MURIA\u00c9 E CRIA FRENTE PARLAMENTAR EM DEFESA DO MEIO AMBIENTE"},"content":{"rendered":"<p style=\"text-align: justify;\"><a href=\"http:\/\/folhadosudeste.com\/site\/wp-content\/uploads\/2021\/10\/WhatsApp-Image-2021-10-07-at-01.34.56.jpeg\"><img loading=\"lazy\" decoding=\"async\" class=\"alignnone  wp-image-77889\" src=\"http:\/\/folhadosudeste.com\/site\/wp-content\/uploads\/2021\/10\/WhatsApp-Image-2021-10-07-at-01.34.56.jpeg\" alt=\"\" width=\"788\" height=\"768\" srcset=\"https:\/\/folhadosudeste.com\/site\/wp-content\/uploads\/2021\/10\/WhatsApp-Image-2021-10-07-at-01.34.56.jpeg 548w, https:\/\/folhadosudeste.com\/site\/wp-content\/uploads\/2021\/10\/WhatsApp-Image-2021-10-07-at-01.34.56-300x292.jpeg 300w\" sizes=\"auto, (max-width: 788px) 100vw, 788px\" \/><\/a><\/p>\n<p style=\"text-align: justify;\">Na tarde de ontem, 05\/10, representantes do MAM (Jean Carlos), do IF Sudeste (Lucas Magno), da Associa\u00e7\u00e3o dos Franciscanos (Frei Gilberto) e da CPT (Reinaldo Barberine), organiza\u00e7\u00f5es que integram a Comiss\u00e3o Regional de Enfrentamento \u00e0 Minera\u00e7\u00e3o na Serra do Brigadeiro, se reuniram com os vereadores Delegado Rangel, Anderson da Caixa, Christian Tanus e Dra. Miriam para exporem a preocupa\u00e7\u00e3o a respeito da minera\u00e7\u00e3o em nossa regi\u00e3o.<br \/>\nNa reuni\u00e3o os vereadores e a vereadora afirmaram que ap\u00f3iam a causa e se comprometeram a atuar firme na causa.<br \/>\nAo final da conversa ficou encaminhada a cria\u00e7\u00e3o de uma Frente Parlamentar em Defesa do Meio Ambiente e que essa frente ir\u00e1 trabalhar para aprova\u00e7\u00e3o de leis municipais de prote\u00e7\u00e3o ambiental frente \u00e0 minera\u00e7\u00e3o.<br \/>\nEssa \u00e9 mais uma vit\u00f3ria do povo da Serra do Brigadeiro!<\/p>\n<p style=\"text-align: justify;\">Serra do Brigadeiro: Territ\u00f3rio Livre da Minera\u00e7\u00e3o<br \/>\nMinera\u00e7\u00e3o Aqui N\u00e3o!<\/p>\n<p><!--more--><\/p>\n<p><a href=\"http:\/\/folhadosudeste.com\/site\/wp-content\/uploads\/2021\/10\/WhatsApp-Image-2021-10-07-at-01.34.56-1.jpeg\"><img loading=\"lazy\" decoding=\"async\" class=\"alignnone  wp-image-77890\" src=\"http:\/\/folhadosudeste.com\/site\/wp-content\/uploads\/2021\/10\/WhatsApp-Image-2021-10-07-at-01.34.56-1.jpeg\" alt=\"\" width=\"780\" height=\"548\" srcset=\"https:\/\/folhadosudeste.com\/site\/wp-content\/uploads\/2021\/10\/WhatsApp-Image-2021-10-07-at-01.34.56-1.jpeg 497w, https:\/\/folhadosudeste.com\/site\/wp-content\/uploads\/2021\/10\/WhatsApp-Image-2021-10-07-at-01.34.56-1-300x211.jpeg 300w\" sizes=\"auto, (max-width: 780px) 100vw, 780px\" \/><\/a> <a href=\"http:\/\/folhadosudeste.com\/site\/wp-content\/uploads\/2021\/10\/WhatsApp-Image-2021-10-07-at-01.34.56-2.jpeg\"><img loading=\"lazy\" decoding=\"async\" class=\"alignnone  wp-image-77891\" src=\"http:\/\/folhadosudeste.com\/site\/wp-content\/uploads\/2021\/10\/WhatsApp-Image-2021-10-07-at-01.34.56-2.jpeg\" alt=\"\" width=\"781\" height=\"746\" srcset=\"https:\/\/folhadosudeste.com\/site\/wp-content\/uploads\/2021\/10\/WhatsApp-Image-2021-10-07-at-01.34.56-2.jpeg 558w, https:\/\/folhadosudeste.com\/site\/wp-content\/uploads\/2021\/10\/WhatsApp-Image-2021-10-07-at-01.34.56-2-300x287.jpeg 300w\" sizes=\"auto, (max-width: 781px) 100vw, 781px\" \/><\/a> <a href=\"http:\/\/folhadosudeste.com\/site\/wp-content\/uploads\/2021\/10\/WhatsApp-Image-2021-10-07-at-01.34.56-3.jpeg\"><img loading=\"lazy\" decoding=\"async\" class=\"alignnone  wp-image-77892\" src=\"http:\/\/folhadosudeste.com\/site\/wp-content\/uploads\/2021\/10\/WhatsApp-Image-2021-10-07-at-01.34.56-3.jpeg\" alt=\"\" width=\"784\" height=\"546\" srcset=\"https:\/\/folhadosudeste.com\/site\/wp-content\/uploads\/2021\/10\/WhatsApp-Image-2021-10-07-at-01.34.56-3.jpeg 652w, https:\/\/folhadosudeste.com\/site\/wp-content\/uploads\/2021\/10\/WhatsApp-Image-2021-10-07-at-01.34.56-3-300x209.jpeg 300w\" sizes=\"auto, (max-width: 784px) 100vw, 784px\" \/><\/a><\/p>\n","protected":false},"excerpt":{"rendered":"<p>Na tarde de ontem, 05\/10, representantes do MAM (Jean Carlos), do IF Sudeste (Lucas Magno), da Associa\u00e7\u00e3o dos Franciscanos (Frei Gilberto) e da CPT (Reinaldo Barberine), organiza\u00e7\u00f5es que integram a Comiss\u00e3o Regional de Enfrentamento \u00e0 Minera\u00e7\u00e3o na Serra do Brigadeiro, se reuniram com os vereadores Delegado Rangel, Anderson da Caixa, Christian Tanus e Dra. Miriam [&hellip;]<\/p>\n","protected":false},"author":6,"featured_media":0,"comment_status":"open","ping_status":"closed","sticky":false,"template":"","format":"standard","meta":{"_joinchat":[],"footnotes":""},"categories":[1],"tags":[],"class_list":["post-77888","post","type-post","status-publish","format-standard","hentry","category-sem-categoria"],"_links":{"self":[{"href":"https:\/\/folhadosudeste.com\/site\/index.php?rest_route=\/wp\/v2\/posts\/77888","targetHints":{"allow":["GET"]}}],"collection":[{"href":"https:\/\/folhadosudeste.com\/site\/index.php?rest_route=\/wp\/v2\/posts"}],"about":[{"href":"https:\/\/folhadosudeste.com\/site\/index.php?rest_route=\/wp\/v2\/types\/post"}],"author":[{"embeddable":true,"href":"https:\/\/folhadosudeste.com\/site\/index.php?rest_route=\/wp\/v2\/users\/6"}],"replies":[{"embeddable":true,"href":"https:\/\/folhadosudeste.com\/site\/index.php?rest_route=%2Fwp%2Fv2%2Fcomments&post=77888"}],"version-history":[{"count":1,"href":"https:\/\/folhadosudeste.com\/site\/index.php?rest_route=\/wp\/v2\/posts\/77888\/revisions"}],"predecessor-version":[{"id":77893,"href":"https:\/\/folhadosudeste.com\/site\/index.php?rest_route=\/wp\/v2\/posts\/77888\/revisions\/77893"}],"wp:attachment":[{"href":"https:\/\/folhadosudeste.com\/site\/index.php?rest_route=%2Fwp%2Fv2%2Fmedia&parent=77888"}],"wp:term":[{"taxonomy":"category","embeddable":true,"href":"https:\/\/folhadosudeste.com\/site\/index.php?rest_route=%2Fwp%2Fv2%2Fcategories&post=77888"},{"taxonomy":"post_tag","embeddable":true,"href":"https:\/\/folhadosudeste.com\/site\/index.php?rest_route=%2Fwp%2Fv2%2Ftags&post=77888"}],"curies":[{"name":"wp","href":"https:\/\/api.w.org\/{rel}","templated":true}]}}