{"id":77933,"date":"2021-10-08T01:03:58","date_gmt":"2021-10-08T01:03:58","guid":{"rendered":"http:\/\/folhadosudeste.com\/site\/?p=77933"},"modified":"2021-10-08T01:03:58","modified_gmt":"2021-10-08T01:03:58","slug":"audiencia-publica-na-camara-debate-criacao-de-centro-socioeducativo-para-menores","status":"publish","type":"post","link":"https:\/\/folhadosudeste.com\/site\/?p=77933","title":{"rendered":"Audi\u00eancia p\u00fablica na C\u00e2mara debate cria\u00e7\u00e3o de Centro Socioeducativo para menores"},"content":{"rendered":"<p class=\"s3\" style=\"text-align: justify;\"><span class=\"s4\"><span class=\"bumpedFont15\"><a href=\"http:\/\/folhadosudeste.com\/site\/wp-content\/uploads\/2021\/10\/7C34480B-788B-486E-BF4B-C4DFD799986E.jpeg\"><img loading=\"lazy\" decoding=\"async\" class=\"alignnone size-full wp-image-77934\" src=\"http:\/\/folhadosudeste.com\/site\/wp-content\/uploads\/2021\/10\/7C34480B-788B-486E-BF4B-C4DFD799986E.jpeg\" alt=\"\" width=\"1280\" height=\"872\" srcset=\"https:\/\/folhadosudeste.com\/site\/wp-content\/uploads\/2021\/10\/7C34480B-788B-486E-BF4B-C4DFD799986E.jpeg 1280w, https:\/\/folhadosudeste.com\/site\/wp-content\/uploads\/2021\/10\/7C34480B-788B-486E-BF4B-C4DFD799986E-300x204.jpeg 300w, https:\/\/folhadosudeste.com\/site\/wp-content\/uploads\/2021\/10\/7C34480B-788B-486E-BF4B-C4DFD799986E-768x523.jpeg 768w, https:\/\/folhadosudeste.com\/site\/wp-content\/uploads\/2021\/10\/7C34480B-788B-486E-BF4B-C4DFD799986E-1024x698.jpeg 1024w, https:\/\/folhadosudeste.com\/site\/wp-content\/uploads\/2021\/10\/7C34480B-788B-486E-BF4B-C4DFD799986E-220x150.jpeg 220w\" sizes=\"auto, (max-width: 1280px) 100vw, 1280px\" \/><\/a><br \/>\nCom ampla participa\u00e7\u00e3o de autoridades e da popula\u00e7\u00e3o, <\/span><\/span><span class=\"s4\"><span class=\"bumpedFont15\">uma <\/span><\/span><span class=\"s4\"><span class=\"bumpedFont15\">audi\u00eancia p\u00fablica realizada em plen\u00e1rio da C\u00e2mara<\/span><\/span><span class=\"s4\"><span class=\"bumpedFont15\">,<\/span><\/span><span class=\"s4\"><span class=\"bumpedFont15\">nesta quarta-feira, dia 6, debateu sobre a cria\u00e7\u00e3o de Centro Socioeducativo em Muria\u00e9 para a cust\u00f3dia de menores em conflito com a lei. &nbsp;A audi\u00eancia \u00e9 uma realiza\u00e7\u00e3o da <\/span><\/span><span class=\"s4\"><span class=\"bumpedFont15\">Casa Legislativa<\/span><\/span><span class=\"s4\"><span class=\"bumpedFont15\">, atrav\u00e9s da Comiss\u00e3o de Seguran\u00e7a P\u00fablica,<\/span><\/span><span class=\"s4\"><span class=\"bumpedFont15\"> e Secretaria Municipal de Desenvolvimento Social (SMDS).<\/span><\/span><\/p>\n<p><!--more--><\/p>\n<p class=\"s3\" style=\"text-align: justify;\"><span class=\"s4\"><span class=\"bumpedFont15\">Durante aproximadamente duas horas, <\/span><\/span><span class=\"s4\"><span class=\"bumpedFont15\">os componentes da mesa diretora <\/span><\/span><span class=\"s4\"><span class=\"bumpedFont15\">puderam expor a necessidade e a import\u00e2ncia da implanta\u00e7\u00e3o deste <\/span><\/span><span class=\"s4\"><span class=\"bumpedFont15\">estabelecimento<\/span><\/span><span class=\"s4\"><span class=\"bumpedFont15\"> na cidade<\/span><\/span><span class=\"s4\"><span class=\"bumpedFont15\">. As autoridades <\/span><\/span><span class=\"s4\"><span class=\"bumpedFont15\">apresentaram \u00edndices<\/span><\/span><span class=\"s4\"><span class=\"bumpedFont15\"> e relatos de situa\u00e7\u00f5es que enfrentam no dia a dia devido \u00e0 dificuldade que encontram <\/span><\/span><span class=\"s4\"><span class=\"bumpedFont15\">com os menores que cometem atos infracionais <\/span><\/span><span class=\"s4\"><span class=\"bumpedFont15\">ao n\u00e3o ter um local adequado na cidade para cust\u00f3dia <\/span><\/span><span class=\"s4\"><span class=\"bumpedFont15\">destes adolescentes<\/span><\/span><span class=\"s4\"><span class=\"bumpedFont15\">.<\/span><\/span><\/p>\n<p class=\"s3\" style=\"text-align: justify;\"><span class=\"s4\"><span class=\"bumpedFont15\">A mesa foi composta pelo <\/span><\/span><span class=\"s4\"><span class=\"bumpedFont15\">presidente da Comiss\u00e3o de Seguran\u00e7a P\u00fablica, vereador Del<\/span><\/span><span class=\"s4\"><span class=\"bumpedFont15\">egado Rangel (PSB);<\/span><\/span> <span class=\"s4\"><span class=\"bumpedFont15\">juiz titular da Vara da Inf\u00e2ncia e da Juventude da Comarca de Muria\u00e9, Juliano Carneiro Veiga; promotora da 1\u00aa Promotoria da Inf\u00e2ncia e Juventude da Comarca de Muria\u00e9, <\/span><\/span><span class=\"s4\"><span class=\"bumpedFont15\">Jackeliny<\/span><\/span><span class=\"s4\"><span class=\"bumpedFont15\"> Ferreira Rangel; secret\u00e1rio Municipal de Governo, Paulo S\u00e9rgio Pires do Amaral, que na ocasi\u00e3o representou o prefeito Jos\u00e9 Braz; vice-prefeito e secret\u00e1rio Municipal de Sa\u00fade, Marcos <\/span><\/span><span class=\"s4\"><span class=\"bumpedFont15\">Guarino<\/span><\/span><span class=\"s4\"><span class=\"bumpedFont15\"> de Oliveira; secret\u00e1ria Municipal de Desenvolvimento Social, Eveline Castro do Amaral; <\/span><\/span><span class=\"s4\"><span class=\"bumpedFont15\">e pela <\/span><\/span><span class=\"s4\"><span class=\"bumpedFont15\">assessora t\u00e9cnica da Secretaria Municipal de Desenvolvimento Social e <\/span><\/span><span class=\"s4\"><span class=\"bumpedFont15\">p<\/span><\/span><span class=\"s4\"><span class=\"bumpedFont15\">residente do Conselho Municipal dos Direitos da Crian\u00e7a e Adolescente (CMDCA), Poliana Furtado <\/span><\/span><span class=\"s4\"><span class=\"bumpedFont15\">Montezano<\/span><\/span><span class=\"s4\"><span class=\"bumpedFont15\">.<\/span><\/span><span class=\"s4\"><span class=\"bumpedFont15\">Antes de come\u00e7ar os trabalhos, o presidente da C\u00e2mara, Afonso da Sa\u00fade (PTB), abriu oficialmente a audi\u00eancia e deu boas-vindas ao p\u00fablico.<\/span><\/span><\/p>\n<p class=\"s3\" style=\"text-align: justify;\"><span class=\"s4\"><span class=\"bumpedFont15\">O vereador Delegado Rangel <\/span><\/span><span class=\"s4\"><span class=\"bumpedFont15\">explicou no evento<\/span><\/span><span class=\"s4\"><span class=\"bumpedFont15\"> que a ideia com a cria\u00e7\u00e3o deste Centro Socioeducativo \u00e9 dar cumprimento ao que preconiza o Estatuto da Crian\u00e7a e do Adolescente (ECA), o qual estabelece locais adequados para cust\u00f3dia e acompanhamento do adolescente em conflito com a lei.<\/span><\/span><\/p>\n<p class=\"s3\" style=\"text-align: justify;\"><span class=\"s4\"><span class=\"bumpedFont15\">\u201cConsidero a<\/span><\/span><span class=\"s4\"><span class=\"bumpedFont15\"> audi\u00eancia p\u00fablica muito exitosa. Tivemos <\/span><\/span><span class=\"s4\"><span class=\"bumpedFont15\">a <\/span><\/span><span class=\"s4\"><span class=\"bumpedFont15\">oportunidade de dialogar com v\u00e1rios segmentos da sociedade sobre a <\/span><\/span><span class=\"s4\"><span class=\"bumpedFont15\">import\u00e2ncia da cria<\/span><\/span><span class=\"s4\"><span class=\"bumpedFont15\">\u00e7\u00e3o de um Centro Soci<\/span><\/span><span class=\"s4\"><span class=\"bumpedFont15\">o<\/span><\/span><span class=\"s4\"><span class=\"bumpedFont15\">educativo<\/span><\/span> <span class=\"s4\"><span class=\"bumpedFont15\">em Muria\u00e9 <\/span><\/span><span class=\"s4\"><span class=\"bumpedFont15\">para acautelamento de adolescentes em conflito com a lei. Tivemos apoio de todos esses segmentos para a implanta\u00e7\u00e3o deste espa\u00e7o<\/span><\/span><span class=\"s4\"><span class=\"bumpedFont15\">\u201d, comenta o vereador<\/span><\/span><span class=\"s4\"><span class=\"bumpedFont15\">.<\/span><\/span><\/p>\n<p class=\"s3\" style=\"text-align: justify;\"><span class=\"s4\"><span class=\"bumpedFont15\">Segundo informado na audi\u00eancia, o<\/span><\/span><span class=\"s4\"><span class=\"bumpedFont15\"> munic\u00edpio j\u00e1 cedeu o terreno e est\u00e1 alinhando com o Estado<\/span><\/span><span class=\"s4\"><span class=\"bumpedFont15\">,<\/span><\/span><span class=\"s4\"><span class=\"bumpedFont15\"> com a colabora\u00e7\u00e3o do Instituto Social Acreditar e Lutar (ISAL)<\/span><\/span><span class=\"s4\"><span class=\"bumpedFont15\">, para a constru\u00e7\u00e3o das futuras instala\u00e7\u00f5es do Centro.<\/span><\/span><\/p>\n<p class=\"s3\" style=\"text-align: justify;\"><span class=\"s4\"><span class=\"bumpedFont15\">\u201cHoje em Muria\u00e9 n\u00e3o temos um local adequado para o cumprimento da medida socioeducativa de interna\u00e7\u00e3o. Sujeitam-se a essa medida aqueles adolescentes que cometeram atos infracionais an\u00e1logos a crimes grav\u00edssimos, crimes praticados com viol\u00eancia ou grave amea\u00e7a. Al\u00e9m da vantagem de<\/span><\/span><span class=\"s4\"><span class=\"bumpedFont15\"> podermos<\/span><\/span><span class=\"s4\"><span class=\"bumpedFont15\"> contar com um estabelecimento <\/span><\/span><span class=\"s4\"><span class=\"bumpedFont15\">que ir\u00e1 segregar esse infrator,<\/span><\/span><span class=\"s4\"><span class=\"bumpedFont15\"> o Centro<\/span><\/span><span class=\"s4\"><span class=\"bumpedFont15\">contar\u00e1 com uma equipe multidisciplinar, que ir\u00e1 <\/span><\/span><span class=\"s4\"><span class=\"bumpedFont15\">educ\u00e1<\/span><\/span><span class=\"s4\"><span class=\"bumpedFont15\">-lo, dar<\/span><\/span><span class=\"s4\"><span class=\"bumpedFont15\"> a ele<\/span><\/span><span class=\"s4\"><span class=\"bumpedFont15\"> apoio psicossocial e o atendimento que necessita. Al\u00e9m disso, assistiremos a fam\u00edlia, que hoje tem que se deslocar a outras <\/span><\/span><span class=\"s4\"><span class=\"bumpedFont15\">cidades para fazer visitas ao adolescente de Muria\u00e9 internado<\/span><\/span><span class=\"s4\"><span class=\"bumpedFont15\">s<\/span><\/span><span class=\"s4\"><span class=\"bumpedFont15\"> em outros munic\u00edpios, j\u00e1 que <\/span><\/span><span class=\"s4\"><span class=\"bumpedFont15\">a cidade<\/span><\/span><span class=\"s4\"><span class=\"bumpedFont15\"> n\u00e3o existe vaga, por n\u00e3o existir este Centro<\/span><\/span><span class=\"s4\"><span class=\"bumpedFont15\">\u201d, analisa<\/span><\/span><span class=\"s4\"><span class=\"bumpedFont15\">. &nbsp;<\/span><\/span><\/p>\n<p class=\"s3\" style=\"text-align: justify;\"><span class=\"s4\"><span class=\"bumpedFont15\">Durante os debates, os vereadores puderam fazer apontamentos e esclarecer d\u00favidas. <\/span><\/span><span class=\"s4\"><span class=\"bumpedFont15\">Ao final, foi aberto espa\u00e7o para participa\u00e7\u00e3o popular, quando os presentes puderam fazer perguntas <\/span><\/span><span class=\"s4\"><span class=\"bumpedFont15\">e considera\u00e7\u00f5es<\/span><\/span><span class=\"s4\"><span class=\"bumpedFont15\"> \u00e0s autoridades<\/span><\/span><span class=\"s4\"><span class=\"bumpedFont15\">acerca do tema.<\/span><\/span><\/p>\n<p class=\"s3\" style=\"text-align: justify;\"><span class=\"s4\"><span class=\"bumpedFont15\">Participaram da audi\u00eancia representantes das pol\u00edcias Civil, Militar e Penal, sistema prisional, Pres\u00eddio de Muria\u00e9, Defensoria P\u00fablica, Tiro de Guerra<\/span><\/span><span class=\"s4\"><span class=\"bumpedFont15\"> 04-016<\/span><\/span><span class=\"s4\"><span class=\"bumpedFont15\">, Polo de Evolu\u00e7\u00e3o de Medidas Socioeducativas (<\/span><\/span><span class=\"s4\"><span class=\"bumpedFont15\">Pemse<\/span><\/span><span class=\"s4\"><span class=\"bumpedFont15\">), 36\u00aa Subse\u00e7\u00e3o da Ordem dos Advogados do Brasil (OAB\/Muria\u00e9), C\u00e2mara de Dirigentes Lojistas (CDL), Conselho Tutelar, Prefeitura de Muria\u00e9, Conselho Municipal de Sa\u00fade e diretores do ISAL.<\/span><\/span><\/p>\n<p><a href=\"http:\/\/folhadosudeste.com\/site\/wp-content\/uploads\/2021\/10\/B4FF8F8B-94B6-4DBD-A30F-80EEF90B894E.jpeg\"><img loading=\"lazy\" decoding=\"async\" class=\"alignnone size-full wp-image-77935\" src=\"http:\/\/folhadosudeste.com\/site\/wp-content\/uploads\/2021\/10\/B4FF8F8B-94B6-4DBD-A30F-80EEF90B894E.jpeg\" alt=\"\" width=\"1280\" height=\"890\" srcset=\"https:\/\/folhadosudeste.com\/site\/wp-content\/uploads\/2021\/10\/B4FF8F8B-94B6-4DBD-A30F-80EEF90B894E.jpeg 1280w, https:\/\/folhadosudeste.com\/site\/wp-content\/uploads\/2021\/10\/B4FF8F8B-94B6-4DBD-A30F-80EEF90B894E-300x209.jpeg 300w, https:\/\/folhadosudeste.com\/site\/wp-content\/uploads\/2021\/10\/B4FF8F8B-94B6-4DBD-A30F-80EEF90B894E-768x534.jpeg 768w, https:\/\/folhadosudeste.com\/site\/wp-content\/uploads\/2021\/10\/B4FF8F8B-94B6-4DBD-A30F-80EEF90B894E-1024x712.jpeg 1024w\" sizes=\"auto, (max-width: 1280px) 100vw, 1280px\" \/><\/a> <a href=\"http:\/\/folhadosudeste.com\/site\/wp-content\/uploads\/2021\/10\/89AA9766-B989-4E46-9DF2-EBCB739D4EA2.jpeg\"><img loading=\"lazy\" decoding=\"async\" class=\"alignnone size-full wp-image-77936\" src=\"http:\/\/folhadosudeste.com\/site\/wp-content\/uploads\/2021\/10\/89AA9766-B989-4E46-9DF2-EBCB739D4EA2.jpeg\" alt=\"\" width=\"1280\" height=\"864\" srcset=\"https:\/\/folhadosudeste.com\/site\/wp-content\/uploads\/2021\/10\/89AA9766-B989-4E46-9DF2-EBCB739D4EA2.jpeg 1280w, https:\/\/folhadosudeste.com\/site\/wp-content\/uploads\/2021\/10\/89AA9766-B989-4E46-9DF2-EBCB739D4EA2-300x203.jpeg 300w, https:\/\/folhadosudeste.com\/site\/wp-content\/uploads\/2021\/10\/89AA9766-B989-4E46-9DF2-EBCB739D4EA2-768x518.jpeg 768w, https:\/\/folhadosudeste.com\/site\/wp-content\/uploads\/2021\/10\/89AA9766-B989-4E46-9DF2-EBCB739D4EA2-1024x691.jpeg 1024w, https:\/\/folhadosudeste.com\/site\/wp-content\/uploads\/2021\/10\/89AA9766-B989-4E46-9DF2-EBCB739D4EA2-120x80.jpeg 120w, https:\/\/folhadosudeste.com\/site\/wp-content\/uploads\/2021\/10\/89AA9766-B989-4E46-9DF2-EBCB739D4EA2-220x150.jpeg 220w\" sizes=\"auto, (max-width: 1280px) 100vw, 1280px\" \/><\/a> <a href=\"http:\/\/folhadosudeste.com\/site\/wp-content\/uploads\/2021\/10\/A05BB8D9-B9A8-4B04-BAC6-1B63C80B16D8.jpeg\"><img loading=\"lazy\" decoding=\"async\" class=\"alignnone size-full wp-image-77937\" src=\"http:\/\/folhadosudeste.com\/site\/wp-content\/uploads\/2021\/10\/A05BB8D9-B9A8-4B04-BAC6-1B63C80B16D8.jpeg\" alt=\"\" width=\"1280\" height=\"855\" srcset=\"https:\/\/folhadosudeste.com\/site\/wp-content\/uploads\/2021\/10\/A05BB8D9-B9A8-4B04-BAC6-1B63C80B16D8.jpeg 1280w, https:\/\/folhadosudeste.com\/site\/wp-content\/uploads\/2021\/10\/A05BB8D9-B9A8-4B04-BAC6-1B63C80B16D8-300x200.jpeg 300w, https:\/\/folhadosudeste.com\/site\/wp-content\/uploads\/2021\/10\/A05BB8D9-B9A8-4B04-BAC6-1B63C80B16D8-768x513.jpeg 768w, https:\/\/folhadosudeste.com\/site\/wp-content\/uploads\/2021\/10\/A05BB8D9-B9A8-4B04-BAC6-1B63C80B16D8-1024x684.jpeg 1024w, https:\/\/folhadosudeste.com\/site\/wp-content\/uploads\/2021\/10\/A05BB8D9-B9A8-4B04-BAC6-1B63C80B16D8-120x80.jpeg 120w, https:\/\/folhadosudeste.com\/site\/wp-content\/uploads\/2021\/10\/A05BB8D9-B9A8-4B04-BAC6-1B63C80B16D8-345x230.jpeg 345w\" sizes=\"auto, (max-width: 1280px) 100vw, 1280px\" \/><\/a> <a href=\"http:\/\/folhadosudeste.com\/site\/wp-content\/uploads\/2021\/10\/90667D3D-B966-461C-B2E6-F58615F5B065.jpeg\"><img loading=\"lazy\" decoding=\"async\" class=\"alignnone size-full wp-image-77938\" src=\"http:\/\/folhadosudeste.com\/site\/wp-content\/uploads\/2021\/10\/90667D3D-B966-461C-B2E6-F58615F5B065.jpeg\" alt=\"\" width=\"1280\" height=\"897\" srcset=\"https:\/\/folhadosudeste.com\/site\/wp-content\/uploads\/2021\/10\/90667D3D-B966-461C-B2E6-F58615F5B065.jpeg 1280w, https:\/\/folhadosudeste.com\/site\/wp-content\/uploads\/2021\/10\/90667D3D-B966-461C-B2E6-F58615F5B065-300x210.jpeg 300w, https:\/\/folhadosudeste.com\/site\/wp-content\/uploads\/2021\/10\/90667D3D-B966-461C-B2E6-F58615F5B065-768x538.jpeg 768w, https:\/\/folhadosudeste.com\/site\/wp-content\/uploads\/2021\/10\/90667D3D-B966-461C-B2E6-F58615F5B065-1024x718.jpeg 1024w\" sizes=\"auto, (max-width: 1280px) 100vw, 1280px\" \/><\/a> <a href=\"http:\/\/folhadosudeste.com\/site\/wp-content\/uploads\/2021\/10\/0E51E7C9-CDE6-480C-9FFC-0ED92F66D858.jpeg\"><img loading=\"lazy\" decoding=\"async\" class=\"alignnone size-full wp-image-77939\" src=\"http:\/\/folhadosudeste.com\/site\/wp-content\/uploads\/2021\/10\/0E51E7C9-CDE6-480C-9FFC-0ED92F66D858.jpeg\" alt=\"\" width=\"1280\" height=\"923\" srcset=\"https:\/\/folhadosudeste.com\/site\/wp-content\/uploads\/2021\/10\/0E51E7C9-CDE6-480C-9FFC-0ED92F66D858.jpeg 1280w, https:\/\/folhadosudeste.com\/site\/wp-content\/uploads\/2021\/10\/0E51E7C9-CDE6-480C-9FFC-0ED92F66D858-300x216.jpeg 300w, https:\/\/folhadosudeste.com\/site\/wp-content\/uploads\/2021\/10\/0E51E7C9-CDE6-480C-9FFC-0ED92F66D858-768x554.jpeg 768w, https:\/\/folhadosudeste.com\/site\/wp-content\/uploads\/2021\/10\/0E51E7C9-CDE6-480C-9FFC-0ED92F66D858-1024x738.jpeg 1024w\" sizes=\"auto, (max-width: 1280px) 100vw, 1280px\" \/><\/a> <a href=\"http:\/\/folhadosudeste.com\/site\/wp-content\/uploads\/2021\/10\/7FE2B3BC-58CD-4DFC-AAA3-4EA1729CF9E2.jpeg\"><img loading=\"lazy\" decoding=\"async\" class=\"alignnone size-full wp-image-77940\" src=\"http:\/\/folhadosudeste.com\/site\/wp-content\/uploads\/2021\/10\/7FE2B3BC-58CD-4DFC-AAA3-4EA1729CF9E2.jpeg\" alt=\"\" width=\"1280\" height=\"872\" srcset=\"https:\/\/folhadosudeste.com\/site\/wp-content\/uploads\/2021\/10\/7FE2B3BC-58CD-4DFC-AAA3-4EA1729CF9E2.jpeg 1280w, https:\/\/folhadosudeste.com\/site\/wp-content\/uploads\/2021\/10\/7FE2B3BC-58CD-4DFC-AAA3-4EA1729CF9E2-300x204.jpeg 300w, https:\/\/folhadosudeste.com\/site\/wp-content\/uploads\/2021\/10\/7FE2B3BC-58CD-4DFC-AAA3-4EA1729CF9E2-768x523.jpeg 768w, https:\/\/folhadosudeste.com\/site\/wp-content\/uploads\/2021\/10\/7FE2B3BC-58CD-4DFC-AAA3-4EA1729CF9E2-1024x698.jpeg 1024w, https:\/\/folhadosudeste.com\/site\/wp-content\/uploads\/2021\/10\/7FE2B3BC-58CD-4DFC-AAA3-4EA1729CF9E2-220x150.jpeg 220w\" sizes=\"auto, (max-width: 1280px) 100vw, 1280px\" \/><\/a> <a href=\"http:\/\/folhadosudeste.com\/site\/wp-content\/uploads\/2021\/10\/242D85A8-3445-4664-8652-BA47C7293148.jpeg\"><img loading=\"lazy\" decoding=\"async\" class=\"alignnone size-full wp-image-77941\" src=\"http:\/\/folhadosudeste.com\/site\/wp-content\/uploads\/2021\/10\/242D85A8-3445-4664-8652-BA47C7293148.jpeg\" alt=\"\" width=\"1280\" height=\"855\" srcset=\"https:\/\/folhadosudeste.com\/site\/wp-content\/uploads\/2021\/10\/242D85A8-3445-4664-8652-BA47C7293148.jpeg 1280w, https:\/\/folhadosudeste.com\/site\/wp-content\/uploads\/2021\/10\/242D85A8-3445-4664-8652-BA47C7293148-300x200.jpeg 300w, https:\/\/folhadosudeste.com\/site\/wp-content\/uploads\/2021\/10\/242D85A8-3445-4664-8652-BA47C7293148-768x513.jpeg 768w, https:\/\/folhadosudeste.com\/site\/wp-content\/uploads\/2021\/10\/242D85A8-3445-4664-8652-BA47C7293148-1024x684.jpeg 1024w, https:\/\/folhadosudeste.com\/site\/wp-content\/uploads\/2021\/10\/242D85A8-3445-4664-8652-BA47C7293148-120x80.jpeg 120w, https:\/\/folhadosudeste.com\/site\/wp-content\/uploads\/2021\/10\/242D85A8-3445-4664-8652-BA47C7293148-345x230.jpeg 345w\" sizes=\"auto, (max-width: 1280px) 100vw, 1280px\" \/><\/a> <a href=\"http:\/\/folhadosudeste.com\/site\/wp-content\/uploads\/2021\/10\/DC3FB94B-46B8-4CE3-B8C0-73553AE6FA06.jpeg\"><img loading=\"lazy\" decoding=\"async\" class=\"alignnone size-full wp-image-77942\" src=\"http:\/\/folhadosudeste.com\/site\/wp-content\/uploads\/2021\/10\/DC3FB94B-46B8-4CE3-B8C0-73553AE6FA06.jpeg\" alt=\"\" width=\"1280\" height=\"907\" srcset=\"https:\/\/folhadosudeste.com\/site\/wp-content\/uploads\/2021\/10\/DC3FB94B-46B8-4CE3-B8C0-73553AE6FA06.jpeg 1280w, https:\/\/folhadosudeste.com\/site\/wp-content\/uploads\/2021\/10\/DC3FB94B-46B8-4CE3-B8C0-73553AE6FA06-300x213.jpeg 300w, https:\/\/folhadosudeste.com\/site\/wp-content\/uploads\/2021\/10\/DC3FB94B-46B8-4CE3-B8C0-73553AE6FA06-768x544.jpeg 768w, https:\/\/folhadosudeste.com\/site\/wp-content\/uploads\/2021\/10\/DC3FB94B-46B8-4CE3-B8C0-73553AE6FA06-1024x726.jpeg 1024w\" sizes=\"auto, (max-width: 1280px) 100vw, 1280px\" \/><\/a> <a href=\"http:\/\/folhadosudeste.com\/site\/wp-content\/uploads\/2021\/10\/E5DC82A0-9BEF-4AF9-8A39-6239DE6C65E0.jpeg\"><img loading=\"lazy\" decoding=\"async\" class=\"alignnone size-full wp-image-77943\" src=\"http:\/\/folhadosudeste.com\/site\/wp-content\/uploads\/2021\/10\/E5DC82A0-9BEF-4AF9-8A39-6239DE6C65E0.jpeg\" alt=\"\" width=\"1280\" height=\"855\" srcset=\"https:\/\/folhadosudeste.com\/site\/wp-content\/uploads\/2021\/10\/E5DC82A0-9BEF-4AF9-8A39-6239DE6C65E0.jpeg 1280w, https:\/\/folhadosudeste.com\/site\/wp-content\/uploads\/2021\/10\/E5DC82A0-9BEF-4AF9-8A39-6239DE6C65E0-300x200.jpeg 300w, https:\/\/folhadosudeste.com\/site\/wp-content\/uploads\/2021\/10\/E5DC82A0-9BEF-4AF9-8A39-6239DE6C65E0-768x513.jpeg 768w, https:\/\/folhadosudeste.com\/site\/wp-content\/uploads\/2021\/10\/E5DC82A0-9BEF-4AF9-8A39-6239DE6C65E0-1024x684.jpeg 1024w, https:\/\/folhadosudeste.com\/site\/wp-content\/uploads\/2021\/10\/E5DC82A0-9BEF-4AF9-8A39-6239DE6C65E0-120x80.jpeg 120w, https:\/\/folhadosudeste.com\/site\/wp-content\/uploads\/2021\/10\/E5DC82A0-9BEF-4AF9-8A39-6239DE6C65E0-345x230.jpeg 345w\" sizes=\"auto, (max-width: 1280px) 100vw, 1280px\" \/><\/a> <a href=\"http:\/\/folhadosudeste.com\/site\/wp-content\/uploads\/2021\/10\/A764B6EB-A6FE-4344-9C90-9B49D1591F89.jpeg\"><img loading=\"lazy\" decoding=\"async\" class=\"alignnone size-full wp-image-77944\" src=\"http:\/\/folhadosudeste.com\/site\/wp-content\/uploads\/2021\/10\/A764B6EB-A6FE-4344-9C90-9B49D1591F89.jpeg\" alt=\"\" width=\"1280\" height=\"866\" srcset=\"https:\/\/folhadosudeste.com\/site\/wp-content\/uploads\/2021\/10\/A764B6EB-A6FE-4344-9C90-9B49D1591F89.jpeg 1280w, https:\/\/folhadosudeste.com\/site\/wp-content\/uploads\/2021\/10\/A764B6EB-A6FE-4344-9C90-9B49D1591F89-300x203.jpeg 300w, https:\/\/folhadosudeste.com\/site\/wp-content\/uploads\/2021\/10\/A764B6EB-A6FE-4344-9C90-9B49D1591F89-768x520.jpeg 768w, https:\/\/folhadosudeste.com\/site\/wp-content\/uploads\/2021\/10\/A764B6EB-A6FE-4344-9C90-9B49D1591F89-1024x693.jpeg 1024w, https:\/\/folhadosudeste.com\/site\/wp-content\/uploads\/2021\/10\/A764B6EB-A6FE-4344-9C90-9B49D1591F89-120x80.jpeg 120w, https:\/\/folhadosudeste.com\/site\/wp-content\/uploads\/2021\/10\/A764B6EB-A6FE-4344-9C90-9B49D1591F89-220x150.jpeg 220w\" sizes=\"auto, (max-width: 1280px) 100vw, 1280px\" \/><\/a> <a href=\"http:\/\/folhadosudeste.com\/site\/wp-content\/uploads\/2021\/10\/642D413E-D9A6-4622-8F94-A956F558EA01.jpeg\"><img loading=\"lazy\" decoding=\"async\" class=\"alignnone size-full wp-image-77945\" src=\"http:\/\/folhadosudeste.com\/site\/wp-content\/uploads\/2021\/10\/642D413E-D9A6-4622-8F94-A956F558EA01.jpeg\" alt=\"\" width=\"1280\" height=\"849\" srcset=\"https:\/\/folhadosudeste.com\/site\/wp-content\/uploads\/2021\/10\/642D413E-D9A6-4622-8F94-A956F558EA01.jpeg 1280w, https:\/\/folhadosudeste.com\/site\/wp-content\/uploads\/2021\/10\/642D413E-D9A6-4622-8F94-A956F558EA01-300x199.jpeg 300w, https:\/\/folhadosudeste.com\/site\/wp-content\/uploads\/2021\/10\/642D413E-D9A6-4622-8F94-A956F558EA01-768x509.jpeg 768w, https:\/\/folhadosudeste.com\/site\/wp-content\/uploads\/2021\/10\/642D413E-D9A6-4622-8F94-A956F558EA01-1024x679.jpeg 1024w, https:\/\/folhadosudeste.com\/site\/wp-content\/uploads\/2021\/10\/642D413E-D9A6-4622-8F94-A956F558EA01-120x80.jpeg 120w, https:\/\/folhadosudeste.com\/site\/wp-content\/uploads\/2021\/10\/642D413E-D9A6-4622-8F94-A956F558EA01-345x230.jpeg 345w, https:\/\/folhadosudeste.com\/site\/wp-content\/uploads\/2021\/10\/642D413E-D9A6-4622-8F94-A956F558EA01-590x390.jpeg 590w\" sizes=\"auto, (max-width: 1280px) 100vw, 1280px\" \/><\/a> <a href=\"http:\/\/folhadosudeste.com\/site\/wp-content\/uploads\/2021\/10\/CF1EE460-282E-4E80-BFDF-47A3C957C1C2.jpeg\"><img loading=\"lazy\" decoding=\"async\" class=\"alignnone size-full wp-image-77946\" src=\"http:\/\/folhadosudeste.com\/site\/wp-content\/uploads\/2021\/10\/CF1EE460-282E-4E80-BFDF-47A3C957C1C2.jpeg\" alt=\"\" width=\"1280\" height=\"913\" srcset=\"https:\/\/folhadosudeste.com\/site\/wp-content\/uploads\/2021\/10\/CF1EE460-282E-4E80-BFDF-47A3C957C1C2.jpeg 1280w, https:\/\/folhadosudeste.com\/site\/wp-content\/uploads\/2021\/10\/CF1EE460-282E-4E80-BFDF-47A3C957C1C2-300x214.jpeg 300w, https:\/\/folhadosudeste.com\/site\/wp-content\/uploads\/2021\/10\/CF1EE460-282E-4E80-BFDF-47A3C957C1C2-768x548.jpeg 768w, https:\/\/folhadosudeste.com\/site\/wp-content\/uploads\/2021\/10\/CF1EE460-282E-4E80-BFDF-47A3C957C1C2-1024x730.jpeg 1024w\" sizes=\"auto, (max-width: 1280px) 100vw, 1280px\" \/><\/a> <a href=\"http:\/\/folhadosudeste.com\/site\/wp-content\/uploads\/2021\/10\/4BE83143-7DE5-4250-93BD-5D187167B1D5.jpeg\"><img loading=\"lazy\" decoding=\"async\" class=\"alignnone size-full wp-image-77947\" src=\"http:\/\/folhadosudeste.com\/site\/wp-content\/uploads\/2021\/10\/4BE83143-7DE5-4250-93BD-5D187167B1D5.jpeg\" alt=\"\" width=\"1280\" height=\"816\" srcset=\"https:\/\/folhadosudeste.com\/site\/wp-content\/uploads\/2021\/10\/4BE83143-7DE5-4250-93BD-5D187167B1D5.jpeg 1280w, https:\/\/folhadosudeste.com\/site\/wp-content\/uploads\/2021\/10\/4BE83143-7DE5-4250-93BD-5D187167B1D5-300x191.jpeg 300w, https:\/\/folhadosudeste.com\/site\/wp-content\/uploads\/2021\/10\/4BE83143-7DE5-4250-93BD-5D187167B1D5-768x490.jpeg 768w, https:\/\/folhadosudeste.com\/site\/wp-content\/uploads\/2021\/10\/4BE83143-7DE5-4250-93BD-5D187167B1D5-1024x653.jpeg 1024w\" sizes=\"auto, (max-width: 1280px) 100vw, 1280px\" \/><\/a><\/p>\n","protected":false},"excerpt":{"rendered":"<p>Com ampla participa\u00e7\u00e3o de autoridades e da popula\u00e7\u00e3o, uma audi\u00eancia p\u00fablica realizada em plen\u00e1rio da C\u00e2mara,nesta quarta-feira, dia 6, debateu sobre a cria\u00e7\u00e3o de Centro Socioeducativo em Muria\u00e9 para a cust\u00f3dia de menores em conflito com a lei. &nbsp;A audi\u00eancia \u00e9 uma realiza\u00e7\u00e3o da Casa Legislativa, atrav\u00e9s da Comiss\u00e3o de Seguran\u00e7a P\u00fablica, e Secretaria Municipal [&hellip;]<\/p>\n","protected":false},"author":6,"featured_media":0,"comment_status":"open","ping_status":"closed","sticky":false,"template":"","format":"standard","meta":{"_joinchat":[],"footnotes":""},"categories":[1],"tags":[],"class_list":["post-77933","post","type-post","status-publish","format-standard","hentry","category-sem-categoria"],"_links":{"self":[{"href":"https:\/\/folhadosudeste.com\/site\/index.php?rest_route=\/wp\/v2\/posts\/77933","targetHints":{"allow":["GET"]}}],"collection":[{"href":"https:\/\/folhadosudeste.com\/site\/index.php?rest_route=\/wp\/v2\/posts"}],"about":[{"href":"https:\/\/folhadosudeste.com\/site\/index.php?rest_route=\/wp\/v2\/types\/post"}],"author":[{"embeddable":true,"href":"https:\/\/folhadosudeste.com\/site\/index.php?rest_route=\/wp\/v2\/users\/6"}],"replies":[{"embeddable":true,"href":"https:\/\/folhadosudeste.com\/site\/index.php?rest_route=%2Fwp%2Fv2%2Fcomments&post=77933"}],"version-history":[{"count":1,"href":"https:\/\/folhadosudeste.com\/site\/index.php?rest_route=\/wp\/v2\/posts\/77933\/revisions"}],"predecessor-version":[{"id":77948,"href":"https:\/\/folhadosudeste.com\/site\/index.php?rest_route=\/wp\/v2\/posts\/77933\/revisions\/77948"}],"wp:attachment":[{"href":"https:\/\/folhadosudeste.com\/site\/index.php?rest_route=%2Fwp%2Fv2%2Fmedia&parent=77933"}],"wp:term":[{"taxonomy":"category","embeddable":true,"href":"https:\/\/folhadosudeste.com\/site\/index.php?rest_route=%2Fwp%2Fv2%2Fcategories&post=77933"},{"taxonomy":"post_tag","embeddable":true,"href":"https:\/\/folhadosudeste.com\/site\/index.php?rest_route=%2Fwp%2Fv2%2Ftags&post=77933"}],"curies":[{"name":"wp","href":"https:\/\/api.w.org\/{rel}","templated":true}]}}