{"id":77958,"date":"2021-10-08T14:56:53","date_gmt":"2021-10-08T14:56:53","guid":{"rendered":"http:\/\/folhadosudeste.com\/site\/?p=77958"},"modified":"2021-10-08T14:56:53","modified_gmt":"2021-10-08T14:56:53","slug":"cba-apresenta-projeto-de-mineracao-sustentavel-de-bauxita-em-audiencia-publica","status":"publish","type":"post","link":"https:\/\/folhadosudeste.com\/site\/?p=77958","title":{"rendered":"CBA apresenta projeto de minera\u00e7\u00e3o sustent\u00e1vel de bauxita em audi\u00eancia p\u00fablica"},"content":{"rendered":"<p><a href=\"http:\/\/folhadosudeste.com\/site\/wp-content\/uploads\/2021\/10\/Logo-CBA.jpg\"><img loading=\"lazy\" decoding=\"async\" class=\"alignnone size-full wp-image-77959\" src=\"http:\/\/folhadosudeste.com\/site\/wp-content\/uploads\/2021\/10\/Logo-CBA.jpg\" alt=\"\" width=\"930\" height=\"616\" srcset=\"https:\/\/folhadosudeste.com\/site\/wp-content\/uploads\/2021\/10\/Logo-CBA.jpg 930w, https:\/\/folhadosudeste.com\/site\/wp-content\/uploads\/2021\/10\/Logo-CBA-300x199.jpg 300w, https:\/\/folhadosudeste.com\/site\/wp-content\/uploads\/2021\/10\/Logo-CBA-768x509.jpg 768w, https:\/\/folhadosudeste.com\/site\/wp-content\/uploads\/2021\/10\/Logo-CBA-120x80.jpg 120w, https:\/\/folhadosudeste.com\/site\/wp-content\/uploads\/2021\/10\/Logo-CBA-345x230.jpg 345w, https:\/\/folhadosudeste.com\/site\/wp-content\/uploads\/2021\/10\/Logo-CBA-590x390.jpg 590w\" sizes=\"auto, (max-width: 930px) 100vw, 930px\" \/><\/a><\/p>\n<p style=\"font-weight: 400; text-align: justify;\"><em>Nesta quinta-feira, 7, a Empresa destacou que o projeto objetiva dar continuidade \u00e0s opera\u00e7\u00f5es e \u00e0s a\u00e7\u00f5es socioambientais na regi\u00e3o da Zona da Mata Mineira<\/em><\/p>\n<p style=\"font-weight: 400; text-align: justify;\">&nbsp;<\/p>\n<p style=\"font-weight: 400; text-align: justify;\">A Companhia Brasileira de Alum\u00ednio (CBA) apresentou o projeto \u201cProdu\u00e7\u00e3o Sustent\u00e1vel de Bauxita na Zona da Mata\u201d em audi\u00eancia p\u00fablica realizada na noite desta quinta-feira (7). O projeto integra o processo de licenciamento ambiental de dez direitos miner\u00e1rios nos munic\u00edpios de Mira\u00ed, Muria\u00e9, Ros\u00e1rio da Limeira e S\u00e3o Sebasti\u00e3o da Vargem Alegre.<\/p>\n<p style=\"font-weight: 400; text-align: justify;\">Durante a sess\u00e3o, coordenada pela Superintend\u00eancia de Projetos Priorit\u00e1rios (Suppri), \u00f3rg\u00e3o respons\u00e1vel pelo processo de licenciamento ambiental, a CBA ratificou seu compromisso com a atua\u00e7\u00e3o sustent\u00e1vel na regi\u00e3o, com a continuidade e o avan\u00e7o de suas opera\u00e7\u00f5es e a consequente manuten\u00e7\u00e3o de empregos diretos e indiretos, gera\u00e7\u00e3o de impostos e distribui\u00e7\u00e3o de renda.<\/p>\n<p style=\"font-weight: 400; text-align: justify;\">\u201cEsta continuidade representa tamb\u00e9m a manuten\u00e7\u00e3o de nosso trabalho voltado para o desenvolvimento ambiental, social e econ\u00f4mico do territ\u00f3rio, assegurado por nossas pol\u00edticas e programas que j\u00e1 s\u00e3o desenvolvidos, de forma s\u00f3lida, com as comunidades e produtores rurais, em parceria com o Instituto Votorantim e a Universidade Federal de Vi\u00e7osa\u201d, afirma Christian Fonseca de Andrade, gerente das unidades da CBA na Zona da Mata.<\/p>\n<p><!--more--><\/p>\n<p style=\"font-weight: 400; text-align: justify;\">A consultoria Brandt Meio Ambiente foi a respons\u00e1vel pelos estudos ambientais apresentados na audi\u00eancia, com destaque para a Avalia\u00e7\u00e3o Ambiental Integrada, uma metodologia de an\u00e1lise estrat\u00e9gica do territ\u00f3rio. A CBA apresentou em detalhes o modelo de reabilita\u00e7\u00e3o de \u00e1reas mineradas, desenvolvido em parceria com a UFV, que estabelece uma rela\u00e7\u00e3o sustent\u00e1vel entre minera\u00e7\u00e3o, meio ambiente e agricultura. A UFV participou com os seus estudos cient\u00edficos nas \u00e1reas de minera\u00e7\u00e3o e discorreu sobre os benef\u00edcios do trabalho realizado, sob o olhar da comunidade acad\u00eamica e do desenvolvimento cient\u00edfico nacional.<\/p>\n<p style=\"font-weight: 400; text-align: justify;\">A CBA atua desde a d\u00e9cada de 80 na Zona da Mata de forma \u00e9tica e transparente, contribuindo para a autonomia dos territ\u00f3rios e a conserva\u00e7\u00e3o do meio ambiente. A Companhia trabalha para ser refer\u00eancia em pr\u00e1ticas ambientais, sociais e de governan\u00e7a e acredita na constru\u00e7\u00e3o colaborativa de um futuro melhor e mais sustent\u00e1vel.<\/p>\n<p style=\"font-weight: 400; text-align: justify;\">&nbsp;<\/p>\n<p style=\"font-weight: 400; text-align: justify;\"><strong>Projetos de reabilita\u00e7\u00e3o ambiental<\/strong><\/p>\n<p style=\"font-weight: 400; text-align: justify;\">Desde 2008, por meio de parceria com a Universidade Federal de Vi\u00e7osa (UFV), a CBA possui um processo robusto de reabilita\u00e7\u00e3o ambiental, realizado a partir de conhecimentos e tecnologias desenvolvidos nas tr\u00eas linhas de pesquisas: Reabilita\u00e7\u00e3o Ambiental, Restaura\u00e7\u00e3o Florestal e Conserva\u00e7\u00e3o H\u00eddrica, a fim de aprimorar sempre as atividades agr\u00e1rias e da agricultura familiar t\u00edpicas da regi\u00e3o da Zona da Mata.<\/p>\n<p style=\"font-weight: 400; text-align: justify;\"><strong>Sobre a CBA<\/strong><\/p>\n<p style=\"font-weight: 400; text-align: justify;\">Desde 1955, a Companhia Brasileira de Alum\u00ednio (CBA) produz alum\u00ednio de alta qualidade de forma integrada e sustent\u00e1vel. Com capacidade instalada para produzir&nbsp;100% de energia vinda de hidroel\u00e9tricas pr\u00f3prias, a CBA minera a bauxita, transforma em alum\u00ednio prim\u00e1rio (lingotes, tarugos, vergalh\u00f5es e placas) e produtos transformados (chapas, bobinas, folhas e perfis). Em estreita parceria com seus clientes, a CBA desenvolve solu\u00e7\u00f5es e servi\u00e7os para os mercados de embalagens e de transportes, conferindo mais leveza, durabilidade e uma vida melhor. A CBA est\u00e1 bem perto de voc\u00ea. Acesse:&nbsp;<a href=\"http:\/\/www.cba.com.br\/\" data-saferedirecturl=\"https:\/\/www.google.com\/url?q=http:\/\/www.cba.com.br&amp;source=gmail&amp;ust=1633790762057000&amp;usg=AFQjCNFDgla35_BmwShYRTGh1IwTJ1dynA\">www.cba.com.br<\/a>.<\/p>\n<p style=\"font-weight: 400; text-align: justify;\"><strong>&nbsp;<\/strong><\/p>\n","protected":false},"excerpt":{"rendered":"<p>Nesta quinta-feira, 7, a Empresa destacou que o projeto objetiva dar continuidade \u00e0s opera\u00e7\u00f5es e \u00e0s a\u00e7\u00f5es socioambientais na regi\u00e3o da Zona da Mata Mineira &nbsp; A Companhia Brasileira de Alum\u00ednio (CBA) apresentou o projeto \u201cProdu\u00e7\u00e3o Sustent\u00e1vel de Bauxita na Zona da Mata\u201d em audi\u00eancia p\u00fablica realizada na noite desta quinta-feira (7). O projeto integra [&hellip;]<\/p>\n","protected":false},"author":6,"featured_media":0,"comment_status":"open","ping_status":"closed","sticky":false,"template":"","format":"standard","meta":{"_joinchat":[],"footnotes":""},"categories":[1],"tags":[],"class_list":["post-77958","post","type-post","status-publish","format-standard","hentry","category-sem-categoria"],"_links":{"self":[{"href":"https:\/\/folhadosudeste.com\/site\/index.php?rest_route=\/wp\/v2\/posts\/77958","targetHints":{"allow":["GET"]}}],"collection":[{"href":"https:\/\/folhadosudeste.com\/site\/index.php?rest_route=\/wp\/v2\/posts"}],"about":[{"href":"https:\/\/folhadosudeste.com\/site\/index.php?rest_route=\/wp\/v2\/types\/post"}],"author":[{"embeddable":true,"href":"https:\/\/folhadosudeste.com\/site\/index.php?rest_route=\/wp\/v2\/users\/6"}],"replies":[{"embeddable":true,"href":"https:\/\/folhadosudeste.com\/site\/index.php?rest_route=%2Fwp%2Fv2%2Fcomments&post=77958"}],"version-history":[{"count":1,"href":"https:\/\/folhadosudeste.com\/site\/index.php?rest_route=\/wp\/v2\/posts\/77958\/revisions"}],"predecessor-version":[{"id":77960,"href":"https:\/\/folhadosudeste.com\/site\/index.php?rest_route=\/wp\/v2\/posts\/77958\/revisions\/77960"}],"wp:attachment":[{"href":"https:\/\/folhadosudeste.com\/site\/index.php?rest_route=%2Fwp%2Fv2%2Fmedia&parent=77958"}],"wp:term":[{"taxonomy":"category","embeddable":true,"href":"https:\/\/folhadosudeste.com\/site\/index.php?rest_route=%2Fwp%2Fv2%2Fcategories&post=77958"},{"taxonomy":"post_tag","embeddable":true,"href":"https:\/\/folhadosudeste.com\/site\/index.php?rest_route=%2Fwp%2Fv2%2Ftags&post=77958"}],"curies":[{"name":"wp","href":"https:\/\/api.w.org\/{rel}","templated":true}]}}