{"id":77961,"date":"2021-10-08T15:00:39","date_gmt":"2021-10-08T15:00:39","guid":{"rendered":"http:\/\/folhadosudeste.com\/site\/?p=77961"},"modified":"2021-10-08T15:00:39","modified_gmt":"2021-10-08T15:00:39","slug":"camara-de-muriae-assina-termo-de-uso-de-terreno-para-construcao-de-nova-sede","status":"publish","type":"post","link":"https:\/\/folhadosudeste.com\/site\/?p=77961","title":{"rendered":"C\u00e2mara de Muria\u00e9 assina termo de uso de terreno para constru\u00e7\u00e3o de nova sede"},"content":{"rendered":"<p><a href=\"http:\/\/folhadosudeste.com\/site\/wp-content\/uploads\/2021\/10\/DSC_0589.jpg\"><img loading=\"lazy\" decoding=\"async\" class=\"alignnone size-full wp-image-77962\" src=\"http:\/\/folhadosudeste.com\/site\/wp-content\/uploads\/2021\/10\/DSC_0589.jpg\" alt=\"\" width=\"1500\" height=\"939\" srcset=\"https:\/\/folhadosudeste.com\/site\/wp-content\/uploads\/2021\/10\/DSC_0589.jpg 1500w, https:\/\/folhadosudeste.com\/site\/wp-content\/uploads\/2021\/10\/DSC_0589-300x188.jpg 300w, https:\/\/folhadosudeste.com\/site\/wp-content\/uploads\/2021\/10\/DSC_0589-768x481.jpg 768w, https:\/\/folhadosudeste.com\/site\/wp-content\/uploads\/2021\/10\/DSC_0589-1024x641.jpg 1024w\" sizes=\"auto, (max-width: 1500px) 100vw, 1500px\" \/><\/a><\/p>\n<p style=\"font-weight: 400; text-align: justify;\">O primeiro passo para a constru\u00e7\u00e3o de uma nova sede da C\u00e2mara de Muria\u00e9 foi dado. Na manh\u00e3 de hoje, sexta-feira, dia 8, o presidente da Casa, Afonso da Sa\u00fade (PTB), e o prefeito Jos\u00e9 Braz assinaram no Centro Administrativo o termo de cess\u00e3o gratuita, por parte do munic\u00edpio, do terreno onde futuramente ser\u00e1 instalado o novo pr\u00e9dio do Poder Legislativo municipal.<\/p>\n<p style=\"font-weight: 400; text-align: justify;\">A \u00e1rea cedida possui 3.600 m\u00b2 e est\u00e1 localizada no final do prolongamento da Avenida Constantino Pinto (final da avenida).<\/p>\n<p style=\"font-weight: 400; text-align: justify;\">Os principais objetivos do novo espa\u00e7o s\u00e3o adequar aos crit\u00e9rios de acessibilidade para pessoas com defici\u00eancia previstos em lei e proporcionar mais conforto e seguran\u00e7a para servidores e melhor atendimento \u00e0 popula\u00e7\u00e3o. O pr\u00e9dio atual foi constru\u00eddo em 1970 (portanto, h\u00e1 51 anos), no mandato do ex-prefeito Jo\u00e3o Braz, e j\u00e1 n\u00e3o comporta mais o volume de servi\u00e7os a serem prestados aos muriaeenses.<\/p>\n<p style=\"font-weight: 400; text-align: justify;\">\u201cO espa\u00e7o atual da C\u00e2mara j\u00e1 est\u00e1 defasado e n\u00e3o comporta mais os servi\u00e7os a serem prestados, bem como o n\u00famero de vereadores e popula\u00e7\u00e3o a ser atendida. Muria\u00e9 j\u00e1 est\u00e1 em outro patamar em termos de economia e popula\u00e7\u00e3o, por isso, os muriaeenses merecem um local maior e mais confort\u00e1vel para acompanhar o trabalho do Legislativo. Essa \u00e9 uma conquista de todos\u201d, destaca o presidente. \u201cAgrade\u00e7o o prefeito Jos\u00e9 Braz e o vice Marcos Guarino por esse ato conjunto em prol da popula\u00e7\u00e3o de Muria\u00e9. Agrade\u00e7o tamb\u00e9m a todos os meus colegas vereadores que aprovaram o projeto de lei autorizando o munic\u00edpio a ceder o terreno para a constru\u00e7\u00e3o da nova C\u00e2mara\u201d, completa. &nbsp;<\/p>\n<p><!--more--><\/p>\n<p style=\"font-weight: 400; text-align: justify;\">As estruturas f\u00edsica, el\u00e9trica e hidr\u00e1ulica est\u00e3o comprometidas. Constantemente o im\u00f3vel apresenta rachaduras e vazamentos. \u201cAp\u00f3s estudos concluiu-se que uma reforma \u00e9 totalmente invi\u00e1vel e n\u00e3o resolveria o problema. A maneira que encontramos foi construir uma nova sede, como tem sido feito em diversas Casas Legislativas na regi\u00e3o e em todo o estado\u201d, analisa Afonso.<\/p>\n<p style=\"font-weight: 400; text-align: justify;\">\u201cCom muito orgulho assinamos esse termo, para que a C\u00e2mara possa executar as obras dentro dos padr\u00f5es que se necessita, tanto para os vereadores quanto para o p\u00fablico em geral\u201d, diz o prefeito Jos\u00e9 Braz.<\/p>\n<p style=\"font-weight: 400; text-align: justify;\">Al\u00e9m do presidente Afonso da Sa\u00fade e do prefeito de Muria\u00e9, estiveram presentes na assinatura o diretor-geral da Casa, Genir Carneiro da Rocha, os vereadores Christian Tanus Bahia (PTB) Devail (PP) e Dr. Gerson Varella Neto (PSL), al\u00e9m de secret\u00e1rios municipais.<\/p>\n<p style=\"text-align: justify;\"><a href=\"http:\/\/folhadosudeste.com\/site\/wp-content\/uploads\/2021\/10\/DSC_0580.jpg\"><img loading=\"lazy\" decoding=\"async\" class=\"alignnone size-full wp-image-77963\" src=\"http:\/\/folhadosudeste.com\/site\/wp-content\/uploads\/2021\/10\/DSC_0580.jpg\" alt=\"\" width=\"1500\" height=\"1034\" srcset=\"https:\/\/folhadosudeste.com\/site\/wp-content\/uploads\/2021\/10\/DSC_0580.jpg 1500w, https:\/\/folhadosudeste.com\/site\/wp-content\/uploads\/2021\/10\/DSC_0580-300x207.jpg 300w, https:\/\/folhadosudeste.com\/site\/wp-content\/uploads\/2021\/10\/DSC_0580-768x529.jpg 768w, https:\/\/folhadosudeste.com\/site\/wp-content\/uploads\/2021\/10\/DSC_0580-1024x706.jpg 1024w\" sizes=\"auto, (max-width: 1500px) 100vw, 1500px\" \/><\/a> <a href=\"http:\/\/folhadosudeste.com\/site\/wp-content\/uploads\/2021\/10\/DSC_0578.jpg\"><img loading=\"lazy\" decoding=\"async\" class=\"alignnone size-full wp-image-77964\" src=\"http:\/\/folhadosudeste.com\/site\/wp-content\/uploads\/2021\/10\/DSC_0578.jpg\" alt=\"\" width=\"1500\" height=\"950\" srcset=\"https:\/\/folhadosudeste.com\/site\/wp-content\/uploads\/2021\/10\/DSC_0578.jpg 1500w, https:\/\/folhadosudeste.com\/site\/wp-content\/uploads\/2021\/10\/DSC_0578-300x190.jpg 300w, https:\/\/folhadosudeste.com\/site\/wp-content\/uploads\/2021\/10\/DSC_0578-768x486.jpg 768w, https:\/\/folhadosudeste.com\/site\/wp-content\/uploads\/2021\/10\/DSC_0578-1024x649.jpg 1024w\" sizes=\"auto, (max-width: 1500px) 100vw, 1500px\" \/><\/a> <a href=\"http:\/\/folhadosudeste.com\/site\/wp-content\/uploads\/2021\/10\/DSC_0576.jpg\"><img loading=\"lazy\" decoding=\"async\" class=\"alignnone size-full wp-image-77965\" src=\"http:\/\/folhadosudeste.com\/site\/wp-content\/uploads\/2021\/10\/DSC_0576.jpg\" alt=\"\" width=\"1500\" height=\"1013\" srcset=\"https:\/\/folhadosudeste.com\/site\/wp-content\/uploads\/2021\/10\/DSC_0576.jpg 1500w, https:\/\/folhadosudeste.com\/site\/wp-content\/uploads\/2021\/10\/DSC_0576-300x203.jpg 300w, https:\/\/folhadosudeste.com\/site\/wp-content\/uploads\/2021\/10\/DSC_0576-768x519.jpg 768w, https:\/\/folhadosudeste.com\/site\/wp-content\/uploads\/2021\/10\/DSC_0576-1024x692.jpg 1024w, https:\/\/folhadosudeste.com\/site\/wp-content\/uploads\/2021\/10\/DSC_0576-120x80.jpg 120w, https:\/\/folhadosudeste.com\/site\/wp-content\/uploads\/2021\/10\/DSC_0576-220x150.jpg 220w\" sizes=\"auto, (max-width: 1500px) 100vw, 1500px\" \/><\/a> <a href=\"http:\/\/folhadosudeste.com\/site\/wp-content\/uploads\/2021\/10\/DSC_0574.jpg\"><img loading=\"lazy\" decoding=\"async\" class=\"alignnone size-full wp-image-77966\" src=\"http:\/\/folhadosudeste.com\/site\/wp-content\/uploads\/2021\/10\/DSC_0574.jpg\" alt=\"\" width=\"1500\" height=\"1023\" srcset=\"https:\/\/folhadosudeste.com\/site\/wp-content\/uploads\/2021\/10\/DSC_0574.jpg 1500w, https:\/\/folhadosudeste.com\/site\/wp-content\/uploads\/2021\/10\/DSC_0574-300x205.jpg 300w, https:\/\/folhadosudeste.com\/site\/wp-content\/uploads\/2021\/10\/DSC_0574-768x524.jpg 768w, https:\/\/folhadosudeste.com\/site\/wp-content\/uploads\/2021\/10\/DSC_0574-1024x698.jpg 1024w, https:\/\/folhadosudeste.com\/site\/wp-content\/uploads\/2021\/10\/DSC_0574-220x150.jpg 220w\" sizes=\"auto, (max-width: 1500px) 100vw, 1500px\" \/><\/a> <a href=\"http:\/\/folhadosudeste.com\/site\/wp-content\/uploads\/2021\/10\/DSC_0557.jpg\"><img loading=\"lazy\" decoding=\"async\" class=\"alignnone size-full wp-image-77967\" src=\"http:\/\/folhadosudeste.com\/site\/wp-content\/uploads\/2021\/10\/DSC_0557.jpg\" alt=\"\" width=\"1500\" height=\"958\" srcset=\"https:\/\/folhadosudeste.com\/site\/wp-content\/uploads\/2021\/10\/DSC_0557.jpg 1500w, https:\/\/folhadosudeste.com\/site\/wp-content\/uploads\/2021\/10\/DSC_0557-300x192.jpg 300w, https:\/\/folhadosudeste.com\/site\/wp-content\/uploads\/2021\/10\/DSC_0557-768x490.jpg 768w, https:\/\/folhadosudeste.com\/site\/wp-content\/uploads\/2021\/10\/DSC_0557-1024x654.jpg 1024w\" sizes=\"auto, (max-width: 1500px) 100vw, 1500px\" \/><\/a> <a href=\"http:\/\/folhadosudeste.com\/site\/wp-content\/uploads\/2021\/10\/DSC_0563.jpg\"><img loading=\"lazy\" decoding=\"async\" class=\"alignnone size-full wp-image-77968\" src=\"http:\/\/folhadosudeste.com\/site\/wp-content\/uploads\/2021\/10\/DSC_0563.jpg\" alt=\"\" width=\"1500\" height=\"1008\" srcset=\"https:\/\/folhadosudeste.com\/site\/wp-content\/uploads\/2021\/10\/DSC_0563.jpg 1500w, https:\/\/folhadosudeste.com\/site\/wp-content\/uploads\/2021\/10\/DSC_0563-300x202.jpg 300w, https:\/\/folhadosudeste.com\/site\/wp-content\/uploads\/2021\/10\/DSC_0563-768x516.jpg 768w, https:\/\/folhadosudeste.com\/site\/wp-content\/uploads\/2021\/10\/DSC_0563-1024x688.jpg 1024w, https:\/\/folhadosudeste.com\/site\/wp-content\/uploads\/2021\/10\/DSC_0563-120x80.jpg 120w\" sizes=\"auto, (max-width: 1500px) 100vw, 1500px\" \/><\/a> <a href=\"http:\/\/folhadosudeste.com\/site\/wp-content\/uploads\/2021\/10\/DSC_0560.jpg\"><img loading=\"lazy\" decoding=\"async\" class=\"alignnone size-full wp-image-77969\" src=\"http:\/\/folhadosudeste.com\/site\/wp-content\/uploads\/2021\/10\/DSC_0560.jpg\" alt=\"\" width=\"1500\" height=\"977\" srcset=\"https:\/\/folhadosudeste.com\/site\/wp-content\/uploads\/2021\/10\/DSC_0560.jpg 1500w, https:\/\/folhadosudeste.com\/site\/wp-content\/uploads\/2021\/10\/DSC_0560-300x195.jpg 300w, https:\/\/folhadosudeste.com\/site\/wp-content\/uploads\/2021\/10\/DSC_0560-768x500.jpg 768w, https:\/\/folhadosudeste.com\/site\/wp-content\/uploads\/2021\/10\/DSC_0560-1024x667.jpg 1024w, https:\/\/folhadosudeste.com\/site\/wp-content\/uploads\/2021\/10\/DSC_0560-1180x770.jpg 1180w\" sizes=\"auto, (max-width: 1500px) 100vw, 1500px\" \/><\/a><\/p>\n","protected":false},"excerpt":{"rendered":"<p>O primeiro passo para a constru\u00e7\u00e3o de uma nova sede da C\u00e2mara de Muria\u00e9 foi dado. Na manh\u00e3 de hoje, sexta-feira, dia 8, o presidente da Casa, Afonso da Sa\u00fade (PTB), e o prefeito Jos\u00e9 Braz assinaram no Centro Administrativo o termo de cess\u00e3o gratuita, por parte do munic\u00edpio, do terreno onde futuramente ser\u00e1 instalado [&hellip;]<\/p>\n","protected":false},"author":6,"featured_media":0,"comment_status":"open","ping_status":"closed","sticky":false,"template":"","format":"standard","meta":{"_joinchat":[],"footnotes":""},"categories":[1],"tags":[],"class_list":["post-77961","post","type-post","status-publish","format-standard","hentry","category-sem-categoria"],"_links":{"self":[{"href":"https:\/\/folhadosudeste.com\/site\/index.php?rest_route=\/wp\/v2\/posts\/77961","targetHints":{"allow":["GET"]}}],"collection":[{"href":"https:\/\/folhadosudeste.com\/site\/index.php?rest_route=\/wp\/v2\/posts"}],"about":[{"href":"https:\/\/folhadosudeste.com\/site\/index.php?rest_route=\/wp\/v2\/types\/post"}],"author":[{"embeddable":true,"href":"https:\/\/folhadosudeste.com\/site\/index.php?rest_route=\/wp\/v2\/users\/6"}],"replies":[{"embeddable":true,"href":"https:\/\/folhadosudeste.com\/site\/index.php?rest_route=%2Fwp%2Fv2%2Fcomments&post=77961"}],"version-history":[{"count":1,"href":"https:\/\/folhadosudeste.com\/site\/index.php?rest_route=\/wp\/v2\/posts\/77961\/revisions"}],"predecessor-version":[{"id":77970,"href":"https:\/\/folhadosudeste.com\/site\/index.php?rest_route=\/wp\/v2\/posts\/77961\/revisions\/77970"}],"wp:attachment":[{"href":"https:\/\/folhadosudeste.com\/site\/index.php?rest_route=%2Fwp%2Fv2%2Fmedia&parent=77961"}],"wp:term":[{"taxonomy":"category","embeddable":true,"href":"https:\/\/folhadosudeste.com\/site\/index.php?rest_route=%2Fwp%2Fv2%2Fcategories&post=77961"},{"taxonomy":"post_tag","embeddable":true,"href":"https:\/\/folhadosudeste.com\/site\/index.php?rest_route=%2Fwp%2Fv2%2Ftags&post=77961"}],"curies":[{"name":"wp","href":"https:\/\/api.w.org\/{rel}","templated":true}]}}