{"id":77976,"date":"2021-10-11T14:48:18","date_gmt":"2021-10-11T14:48:18","guid":{"rendered":"http:\/\/folhadosudeste.com\/site\/?p=77976"},"modified":"2021-10-11T14:48:18","modified_gmt":"2021-10-11T14:48:18","slug":"por-que-o-dia-das-criancas-e-comemorado-em-12-de-outubro-no-brasil","status":"publish","type":"post","link":"https:\/\/folhadosudeste.com\/site\/?p=77976","title":{"rendered":"Por que o Dia das Crian\u00e7as \u00e9 comemorado em 12 de outubro no Brasil?"},"content":{"rendered":"<p><a href=\"http:\/\/folhadosudeste.com\/site\/wp-content\/uploads\/2021\/10\/0.jpg\"><img loading=\"lazy\" decoding=\"async\" class=\"alignnone size-full wp-image-77977\" src=\"http:\/\/folhadosudeste.com\/site\/wp-content\/uploads\/2021\/10\/0.jpg\" alt=\"\" width=\"2048\" height=\"1152\" srcset=\"https:\/\/folhadosudeste.com\/site\/wp-content\/uploads\/2021\/10\/0.jpg 2048w, https:\/\/folhadosudeste.com\/site\/wp-content\/uploads\/2021\/10\/0-300x169.jpg 300w, https:\/\/folhadosudeste.com\/site\/wp-content\/uploads\/2021\/10\/0-768x432.jpg 768w, https:\/\/folhadosudeste.com\/site\/wp-content\/uploads\/2021\/10\/0-1024x576.jpg 1024w\" sizes=\"auto, (max-width: 2048px) 100vw, 2048px\" \/><\/a> <a href=\"http:\/\/folhadosudeste.com\/site\/wp-content\/uploads\/2021\/10\/1.jpg\"><img loading=\"lazy\" decoding=\"async\" class=\"alignnone size-full wp-image-77978\" src=\"http:\/\/folhadosudeste.com\/site\/wp-content\/uploads\/2021\/10\/1.jpg\" alt=\"\" width=\"2048\" height=\"1369\" srcset=\"https:\/\/folhadosudeste.com\/site\/wp-content\/uploads\/2021\/10\/1.jpg 2048w, https:\/\/folhadosudeste.com\/site\/wp-content\/uploads\/2021\/10\/1-300x201.jpg 300w, https:\/\/folhadosudeste.com\/site\/wp-content\/uploads\/2021\/10\/1-768x513.jpg 768w, https:\/\/folhadosudeste.com\/site\/wp-content\/uploads\/2021\/10\/1-1024x684.jpg 1024w, https:\/\/folhadosudeste.com\/site\/wp-content\/uploads\/2021\/10\/1-120x80.jpg 120w, https:\/\/folhadosudeste.com\/site\/wp-content\/uploads\/2021\/10\/1-345x230.jpg 345w\" sizes=\"auto, (max-width: 2048px) 100vw, 2048px\" \/><\/a><\/p>\n<p style=\"text-align: justify;\"><em>Comemora\u00e7\u00e3o do Dia das Crian\u00e7as &#8220;demorou a pegar&#8221;, mas j\u00e1 \u00e9 forte tradi\u00e7\u00e3o no pa\u00eds. Conhe\u00e7a o que est\u00e1 por tr\u00e1s da data e as comemora\u00e7\u00f5es em outros pa\u00edses<\/em><\/p>\n<p style=\"text-align: justify;\">No dia 12 de outubro de 1923, o Rio de Janeiro, ent\u00e3o capital federal, sediou um evento que reuniu estudiosos de inf\u00e2ncia e pol\u00edticos de v\u00e1rios pa\u00edses. Era o Congresso Sul-Americano da Crian\u00e7a, cuja pauta discutia quest\u00f5es educacionais, alimentares e de desenvolvimento.<br \/>\nUm pol\u00edtico notou a como\u00e7\u00e3o provocada pelo tema na \u00e9poca. No ano seguinte, o rec\u00e9m-eleito deputado federal Galdino do Valle Filho (1879-1961) prop\u00f4s uma lei instituindo, no 12 de outubro, o Dia das Crian\u00e7as no Brasil.<br \/>\nEm 5 de novembro de 1924, o ent\u00e3o presidente da Rep\u00fablica Arthur Bernardes (1875-1955) sancionou o Decreto 4.867. &#8220;Artigo \u00fanico. Fica institu\u00eddo o dia 12 de outubro para ter lugar, em todo o territ\u00f3rio nacional, a festa da crian\u00e7a, revogadas as disposi\u00e7\u00f5es em contr\u00e1rio&#8221;, diz o texto.<br \/>\nE, assim, foi criado o Dia das Crian\u00e7as. Mas a data custou a pegar. N\u00e3o havia feriado e o com\u00e9rcio n\u00e3o atentava para ela. Em 1940, o presidente Get\u00falio Vargas (1882-1954), criou um novo decreto. Por pouco, o Dia das Crian\u00e7as n\u00e3o &#8220;mudava&#8221; de data. Na lei de Vargas, que &#8220;fixava as bases da organiza\u00e7\u00e3o da prote\u00e7\u00e3o \u00e0 maternidade, \u00e0 inf\u00e2ncia e \u00e0 adolesc\u00eancia em todo o Pa\u00eds&#8221;, o artigo 17 do cap\u00edtulo 6 dizia: &#8220;ser\u00e1 comemorado em todo o Pa\u00eds, a 25 de mar\u00e7o de cada ano, o Dia da Crian\u00e7a&#8221;.<br \/>\n&#8220;Constituir\u00e1 objetivo principal dessa comemora\u00e7\u00e3o avivar na opini\u00e3o p\u00fablica a consci\u00eancia da necessidade de ser dada a mais vigilante e extensa prote\u00e7\u00e3o \u00e0 maternidade, \u00e0 inf\u00e2ncia e \u00e0 adolesc\u00eancia&#8221;, dizia o texto.<br \/>\nMas o 25 de mar\u00e7o n\u00e3o saiu do papel. Nos anos 1950, uma intensa campanha de marketing criou, de fato, o Dia das Crian\u00e7as no Brasil.<\/p>\n<p style=\"text-align: justify;\"><strong>Nossa Senhora Aparecida<\/strong><br \/>\nMas n\u00e3o se engane. O feriado brasileiro de 12 de outubro n\u00e3o tem nada a ver com o Dia das Crian\u00e7as. A data foi criada em 1980 por causa de outra comemora\u00e7\u00e3o de 12 de outubro: Nossa Senhora Aparecida.<br \/>\nA santa j\u00e1 era oficialmente padroeira do Brasil desde 1930, ap\u00f3s decreto papal. Em 30 de junho de 1980, Jo\u00e3o Paulo II (1920-2005) se tornava o primeiro papa a pisar em solo brasileiro. O presidente Jo\u00e3o Figueiredo (1918-1999), \u00faltimo da ditadura militar do Brasil, aproveitou a data para declarar feriado nacional o dia da Padroeira, 12 de outubro.<br \/>\nA partir daquele ano, portanto, ficou &#8220;declarado feriado nacional o dia 12 de outubro, para culto p\u00fablico e oficial a Nossa Senhora Aparecida, Padroeira do Brasil&#8221;, conforme o texto da lei.<br \/>\n&#8220;O Dia das Crian\u00e7as, no meu entender, n\u00e3o ofusca a festa de Nossa Senhora Aparecida. As celebra\u00e7\u00f5es, entre crian\u00e7as e a padroeira, s\u00e3o compartilhadas&#8221;, acredita o pesquisador e estudioso da vida de santos Jos\u00e9 Lu\u00eds Lira, fundador da Academia Brasileira de Hagiologia. &#8220;Vez por outra, vemos at\u00e9 a imagem de Nossa Senhora Aparecida estilizada para crian\u00e7as.&#8221;<\/p>\n<p><a href=\"http:\/\/folhadosudeste.com\/site\/wp-content\/uploads\/2021\/10\/cartao.jpg\"><img loading=\"lazy\" decoding=\"async\" class=\"alignnone size-full wp-image-77979\" src=\"http:\/\/folhadosudeste.com\/site\/wp-content\/uploads\/2021\/10\/cartao.jpg\" alt=\"\" width=\"2048\" height=\"763\" srcset=\"https:\/\/folhadosudeste.com\/site\/wp-content\/uploads\/2021\/10\/cartao.jpg 2048w, https:\/\/folhadosudeste.com\/site\/wp-content\/uploads\/2021\/10\/cartao-300x112.jpg 300w, https:\/\/folhadosudeste.com\/site\/wp-content\/uploads\/2021\/10\/cartao-768x286.jpg 768w, https:\/\/folhadosudeste.com\/site\/wp-content\/uploads\/2021\/10\/cartao-1024x382.jpg 1024w\" sizes=\"auto, (max-width: 2048px) 100vw, 2048px\" \/><\/a><\/p>\n","protected":false},"excerpt":{"rendered":"<p>Comemora\u00e7\u00e3o do Dia das Crian\u00e7as &#8220;demorou a pegar&#8221;, mas j\u00e1 \u00e9 forte tradi\u00e7\u00e3o no pa\u00eds. Conhe\u00e7a o que est\u00e1 por tr\u00e1s da data e as comemora\u00e7\u00f5es em outros pa\u00edses No dia 12 de outubro de 1923, o Rio de Janeiro, ent\u00e3o capital federal, sediou um evento que reuniu estudiosos de inf\u00e2ncia e pol\u00edticos de v\u00e1rios [&hellip;]<\/p>\n","protected":false},"author":6,"featured_media":0,"comment_status":"open","ping_status":"closed","sticky":false,"template":"","format":"standard","meta":{"_joinchat":[],"footnotes":""},"categories":[1],"tags":[],"class_list":["post-77976","post","type-post","status-publish","format-standard","hentry","category-sem-categoria"],"_links":{"self":[{"href":"https:\/\/folhadosudeste.com\/site\/index.php?rest_route=\/wp\/v2\/posts\/77976","targetHints":{"allow":["GET"]}}],"collection":[{"href":"https:\/\/folhadosudeste.com\/site\/index.php?rest_route=\/wp\/v2\/posts"}],"about":[{"href":"https:\/\/folhadosudeste.com\/site\/index.php?rest_route=\/wp\/v2\/types\/post"}],"author":[{"embeddable":true,"href":"https:\/\/folhadosudeste.com\/site\/index.php?rest_route=\/wp\/v2\/users\/6"}],"replies":[{"embeddable":true,"href":"https:\/\/folhadosudeste.com\/site\/index.php?rest_route=%2Fwp%2Fv2%2Fcomments&post=77976"}],"version-history":[{"count":1,"href":"https:\/\/folhadosudeste.com\/site\/index.php?rest_route=\/wp\/v2\/posts\/77976\/revisions"}],"predecessor-version":[{"id":77980,"href":"https:\/\/folhadosudeste.com\/site\/index.php?rest_route=\/wp\/v2\/posts\/77976\/revisions\/77980"}],"wp:attachment":[{"href":"https:\/\/folhadosudeste.com\/site\/index.php?rest_route=%2Fwp%2Fv2%2Fmedia&parent=77976"}],"wp:term":[{"taxonomy":"category","embeddable":true,"href":"https:\/\/folhadosudeste.com\/site\/index.php?rest_route=%2Fwp%2Fv2%2Fcategories&post=77976"},{"taxonomy":"post_tag","embeddable":true,"href":"https:\/\/folhadosudeste.com\/site\/index.php?rest_route=%2Fwp%2Fv2%2Ftags&post=77976"}],"curies":[{"name":"wp","href":"https:\/\/api.w.org\/{rel}","templated":true}]}}