{"id":77982,"date":"2021-10-11T15:57:20","date_gmt":"2021-10-11T15:57:20","guid":{"rendered":"http:\/\/folhadosudeste.com\/site\/?p=77982"},"modified":"2021-10-11T15:57:20","modified_gmt":"2021-10-11T15:57:20","slug":"nota-de-pesar-da-camara-de-muriae","status":"publish","type":"post","link":"https:\/\/folhadosudeste.com\/site\/?p=77982","title":{"rendered":"Nota de Pesar da C\u00e2mara de Muria\u00e9"},"content":{"rendered":"<p style=\"text-align: justify;\"><a href=\"http:\/\/folhadosudeste.com\/site\/wp-content\/uploads\/2021\/10\/CB54DD54-B891-43B3-AD17-8F9D38EF3F56.jpeg\"><img loading=\"lazy\" decoding=\"async\" class=\"alignnone size-full wp-image-77983\" src=\"http:\/\/folhadosudeste.com\/site\/wp-content\/uploads\/2021\/10\/CB54DD54-B891-43B3-AD17-8F9D38EF3F56.jpeg\" alt=\"\" width=\"1080\" height=\"1080\" srcset=\"https:\/\/folhadosudeste.com\/site\/wp-content\/uploads\/2021\/10\/CB54DD54-B891-43B3-AD17-8F9D38EF3F56.jpeg 1080w, https:\/\/folhadosudeste.com\/site\/wp-content\/uploads\/2021\/10\/CB54DD54-B891-43B3-AD17-8F9D38EF3F56-150x150.jpeg 150w, https:\/\/folhadosudeste.com\/site\/wp-content\/uploads\/2021\/10\/CB54DD54-B891-43B3-AD17-8F9D38EF3F56-300x300.jpeg 300w, https:\/\/folhadosudeste.com\/site\/wp-content\/uploads\/2021\/10\/CB54DD54-B891-43B3-AD17-8F9D38EF3F56-768x768.jpeg 768w, https:\/\/folhadosudeste.com\/site\/wp-content\/uploads\/2021\/10\/CB54DD54-B891-43B3-AD17-8F9D38EF3F56-1024x1024.jpeg 1024w\" sizes=\"auto, (max-width: 1080px) 100vw, 1080px\" \/><\/a><br \/>\n\u00c9 com profunda tristeza que a C\u00e2mara de Muria\u00e9 recebeu a not\u00edcia do falecimento do locutor e ex-vereador J\u00falio Soares.<\/p>\n<p style=\"text-align: justify;\">Por d\u00e9cadas, J\u00falio foi a companhia di\u00e1ria de milhares de muriaeenses e pessoas de toda a regi\u00e3o pelas ondas do r\u00e1dio. Mais do que um &#8220;amigo de todo dia&#8221;, J\u00falio foi um fen\u00f4meno do r\u00e1dio, deixando um grande legado na comunica\u00e7\u00e3o de Muria\u00e9.<\/p>\n<p style=\"text-align: justify;\">Em sua trajet\u00f3ria profissional, tamb\u00e9m foi vereador pelo PDS em 1982, onde cumpriu mandato de 1983 a 1988, deixando mais esta contribui\u00e7\u00e3o para a cidade.<\/p>\n<p style=\"text-align: justify;\">Aos 74 anos, o radialista deixa a esposa In\u00eas (conhecida como Preta) e os filhos S\u00e9rgio, Paulo e Juliana.<\/p>\n<p style=\"text-align: justify;\">Aos seus familiares e amigos, a C\u00e2mara deixa os mais sinceros sentimentos de pesar.<\/p>\n<p style=\"text-align: justify;\"><a href=\"http:\/\/folhadosudeste.com\/site\/wp-content\/uploads\/2021\/10\/782D9C88-5CAB-462A-80EE-C8C19B63D1E6.jpeg\"><img loading=\"lazy\" decoding=\"async\" class=\"alignnone size-full wp-image-77984\" src=\"http:\/\/folhadosudeste.com\/site\/wp-content\/uploads\/2021\/10\/782D9C88-5CAB-462A-80EE-C8C19B63D1E6.jpeg\" alt=\"\" width=\"1074\" height=\"1074\" srcset=\"https:\/\/folhadosudeste.com\/site\/wp-content\/uploads\/2021\/10\/782D9C88-5CAB-462A-80EE-C8C19B63D1E6.jpeg 1074w, https:\/\/folhadosudeste.com\/site\/wp-content\/uploads\/2021\/10\/782D9C88-5CAB-462A-80EE-C8C19B63D1E6-150x150.jpeg 150w, https:\/\/folhadosudeste.com\/site\/wp-content\/uploads\/2021\/10\/782D9C88-5CAB-462A-80EE-C8C19B63D1E6-300x300.jpeg 300w, https:\/\/folhadosudeste.com\/site\/wp-content\/uploads\/2021\/10\/782D9C88-5CAB-462A-80EE-C8C19B63D1E6-768x768.jpeg 768w, https:\/\/folhadosudeste.com\/site\/wp-content\/uploads\/2021\/10\/782D9C88-5CAB-462A-80EE-C8C19B63D1E6-1024x1024.jpeg 1024w\" sizes=\"auto, (max-width: 1074px) 100vw, 1074px\" \/><\/a><br \/>\nO jornal Folha do Sudeste tamb\u00e9m se solidariza com os familiares de J\u00falio Soares. Um amigo e companheiro que deixar\u00e1 muita saudades, que Deus lhe d\u00ea o descanso eterno. V\u00e1 em paz J\u00falio Soares!<\/p>\n","protected":false},"excerpt":{"rendered":"<p>\u00c9 com profunda tristeza que a C\u00e2mara de Muria\u00e9 recebeu a not\u00edcia do falecimento do locutor e ex-vereador J\u00falio Soares. Por d\u00e9cadas, J\u00falio foi a companhia di\u00e1ria de milhares de muriaeenses e pessoas de toda a regi\u00e3o pelas ondas do r\u00e1dio. Mais do que um &#8220;amigo de todo dia&#8221;, J\u00falio foi um fen\u00f4meno do r\u00e1dio, [&hellip;]<\/p>\n","protected":false},"author":6,"featured_media":0,"comment_status":"open","ping_status":"closed","sticky":false,"template":"","format":"standard","meta":{"_joinchat":[],"footnotes":""},"categories":[1],"tags":[],"class_list":["post-77982","post","type-post","status-publish","format-standard","hentry","category-sem-categoria"],"_links":{"self":[{"href":"https:\/\/folhadosudeste.com\/site\/index.php?rest_route=\/wp\/v2\/posts\/77982","targetHints":{"allow":["GET"]}}],"collection":[{"href":"https:\/\/folhadosudeste.com\/site\/index.php?rest_route=\/wp\/v2\/posts"}],"about":[{"href":"https:\/\/folhadosudeste.com\/site\/index.php?rest_route=\/wp\/v2\/types\/post"}],"author":[{"embeddable":true,"href":"https:\/\/folhadosudeste.com\/site\/index.php?rest_route=\/wp\/v2\/users\/6"}],"replies":[{"embeddable":true,"href":"https:\/\/folhadosudeste.com\/site\/index.php?rest_route=%2Fwp%2Fv2%2Fcomments&post=77982"}],"version-history":[{"count":1,"href":"https:\/\/folhadosudeste.com\/site\/index.php?rest_route=\/wp\/v2\/posts\/77982\/revisions"}],"predecessor-version":[{"id":77985,"href":"https:\/\/folhadosudeste.com\/site\/index.php?rest_route=\/wp\/v2\/posts\/77982\/revisions\/77985"}],"wp:attachment":[{"href":"https:\/\/folhadosudeste.com\/site\/index.php?rest_route=%2Fwp%2Fv2%2Fmedia&parent=77982"}],"wp:term":[{"taxonomy":"category","embeddable":true,"href":"https:\/\/folhadosudeste.com\/site\/index.php?rest_route=%2Fwp%2Fv2%2Fcategories&post=77982"},{"taxonomy":"post_tag","embeddable":true,"href":"https:\/\/folhadosudeste.com\/site\/index.php?rest_route=%2Fwp%2Fv2%2Ftags&post=77982"}],"curies":[{"name":"wp","href":"https:\/\/api.w.org\/{rel}","templated":true}]}}