{"id":78016,"date":"2021-10-13T15:06:26","date_gmt":"2021-10-13T15:06:26","guid":{"rendered":"http:\/\/folhadosudeste.com\/site\/?p=78016"},"modified":"2021-10-13T15:06:26","modified_gmt":"2021-10-13T15:06:26","slug":"inscricoes-abertas-para-curso-gratuito-de-manicure-e-pedicure-em-muriae","status":"publish","type":"post","link":"https:\/\/folhadosudeste.com\/site\/?p=78016","title":{"rendered":"Inscri\u00e7\u00f5es abertas para curso gratuito de manicure e pedicure em Muria\u00e9"},"content":{"rendered":"<div id=\":37i\" class=\"ii gt\">\n<div id=\":37h\" class=\"a3s aiL \">\n<div>\n<div>\n<div>\n<div><a href=\"http:\/\/folhadosudeste.com\/site\/wp-content\/uploads\/2021\/10\/PHOTO-2021-09-14-16-00-57.jpg\"><img loading=\"lazy\" decoding=\"async\" class=\"alignnone size-full wp-image-78017\" src=\"http:\/\/folhadosudeste.com\/site\/wp-content\/uploads\/2021\/10\/PHOTO-2021-09-14-16-00-57.jpg\" alt=\"\" width=\"1156\" height=\"867\" srcset=\"https:\/\/folhadosudeste.com\/site\/wp-content\/uploads\/2021\/10\/PHOTO-2021-09-14-16-00-57.jpg 1156w, https:\/\/folhadosudeste.com\/site\/wp-content\/uploads\/2021\/10\/PHOTO-2021-09-14-16-00-57-300x225.jpg 300w, https:\/\/folhadosudeste.com\/site\/wp-content\/uploads\/2021\/10\/PHOTO-2021-09-14-16-00-57-768x576.jpg 768w, https:\/\/folhadosudeste.com\/site\/wp-content\/uploads\/2021\/10\/PHOTO-2021-09-14-16-00-57-1024x768.jpg 1024w\" sizes=\"auto, (max-width: 1156px) 100vw, 1156px\" \/><\/a><\/div>\n<div>&nbsp;<\/div>\n<div style=\"text-align: justify;\">O Centro de Treinamento Profissional de Muria\u00e9 est\u00e1 com inscri\u00e7\u00f5es abertas para o curso de forma\u00e7\u00e3o de manicures e pedicures.&nbsp;<\/div>\n<div style=\"text-align: justify;\">&nbsp;<\/div>\n<div style=\"text-align: justify;\">As inscri\u00e7\u00f5es s\u00e3o gratuitas e podem ser feitas at\u00e9 o fim da pr\u00f3xima semana, na sexta-feira, dia 22 de outubro.<\/div>\n<div style=\"text-align: justify;\">&nbsp;<\/div>\n<div style=\"text-align: justify;\">Para se inscrever, \u00e9 necess\u00e1rio ter 18 anos ou mais, al\u00e9m de ter conclu\u00eddo pelo menos a antiga 5\u00aa s\u00e9rie do Ensino Fundamental (atual 6\u00ba ano).<\/div>\n<div style=\"text-align: justify;\">&nbsp;<\/div>\n<div style=\"text-align: justify;\">Os documentos para inscri\u00e7\u00e3o s\u00e3o: identidade, CPF, comprovante de resid\u00eancia atual e comprovante de escolaridade.<\/div>\n<div style=\"text-align: justify;\">&nbsp;<\/div>\n<div style=\"text-align: justify;\">A realiza\u00e7\u00e3o do curso de forma\u00e7\u00e3o de manicures e pedicures acontece pela parceria entre a Prefeitura de Muria\u00e9 (atrav\u00e9s das secretarias municipais de Desenvolvimento Econ\u00f4mico e Desenvolvimento Social) e o Senac.<\/div>\n<div style=\"text-align: justify;\">&nbsp;<\/div>\n<div style=\"text-align: justify;\">Mais informa\u00e7\u00f5es podem ser obtidas pelo telefone (32) 3721-0993 ou email&nbsp;<a href=\"mailto:muriae@uaitec.mg.gov.br\" target=\"_blank\" rel=\"noopener\">muriae@uaitec.mg.gov.br<\/a>.<\/div>\n<\/div>\n<\/div>\n<\/div>\n<\/div>\n<div class=\"yj6qo\" style=\"text-align: justify;\">&nbsp;<\/div>\n<div class=\"yj6qo\" style=\"text-align: justify;\">&nbsp;<\/div>\n<div class=\"yj6qo\" style=\"text-align: justify;\">&nbsp;<\/div>\n<\/div>\n<div id=\":38c\" class=\"hq gt a10\" style=\"text-align: justify;\">&nbsp;<\/div>\n","protected":false},"excerpt":{"rendered":"<p>&nbsp; O Centro de Treinamento Profissional de Muria\u00e9 est\u00e1 com inscri\u00e7\u00f5es abertas para o curso de forma\u00e7\u00e3o de manicures e pedicures.&nbsp; &nbsp; As inscri\u00e7\u00f5es s\u00e3o gratuitas e podem ser feitas at\u00e9 o fim da pr\u00f3xima semana, na sexta-feira, dia 22 de outubro. &nbsp; Para se inscrever, \u00e9 necess\u00e1rio ter 18 anos ou mais, al\u00e9m de [&hellip;]<\/p>\n","protected":false},"author":6,"featured_media":0,"comment_status":"open","ping_status":"closed","sticky":false,"template":"","format":"standard","meta":{"_joinchat":[],"footnotes":""},"categories":[1],"tags":[],"class_list":["post-78016","post","type-post","status-publish","format-standard","hentry","category-sem-categoria"],"_links":{"self":[{"href":"https:\/\/folhadosudeste.com\/site\/index.php?rest_route=\/wp\/v2\/posts\/78016","targetHints":{"allow":["GET"]}}],"collection":[{"href":"https:\/\/folhadosudeste.com\/site\/index.php?rest_route=\/wp\/v2\/posts"}],"about":[{"href":"https:\/\/folhadosudeste.com\/site\/index.php?rest_route=\/wp\/v2\/types\/post"}],"author":[{"embeddable":true,"href":"https:\/\/folhadosudeste.com\/site\/index.php?rest_route=\/wp\/v2\/users\/6"}],"replies":[{"embeddable":true,"href":"https:\/\/folhadosudeste.com\/site\/index.php?rest_route=%2Fwp%2Fv2%2Fcomments&post=78016"}],"version-history":[{"count":1,"href":"https:\/\/folhadosudeste.com\/site\/index.php?rest_route=\/wp\/v2\/posts\/78016\/revisions"}],"predecessor-version":[{"id":78018,"href":"https:\/\/folhadosudeste.com\/site\/index.php?rest_route=\/wp\/v2\/posts\/78016\/revisions\/78018"}],"wp:attachment":[{"href":"https:\/\/folhadosudeste.com\/site\/index.php?rest_route=%2Fwp%2Fv2%2Fmedia&parent=78016"}],"wp:term":[{"taxonomy":"category","embeddable":true,"href":"https:\/\/folhadosudeste.com\/site\/index.php?rest_route=%2Fwp%2Fv2%2Fcategories&post=78016"},{"taxonomy":"post_tag","embeddable":true,"href":"https:\/\/folhadosudeste.com\/site\/index.php?rest_route=%2Fwp%2Fv2%2Ftags&post=78016"}],"curies":[{"name":"wp","href":"https:\/\/api.w.org\/{rel}","templated":true}]}}