{"id":78042,"date":"2021-10-14T11:54:58","date_gmt":"2021-10-14T11:54:58","guid":{"rendered":"http:\/\/folhadosudeste.com\/site\/?p=78042"},"modified":"2021-10-14T11:54:58","modified_gmt":"2021-10-14T11:54:58","slug":"canteiros-no-entorno-da-prefeitura-sao-renovados","status":"publish","type":"post","link":"https:\/\/folhadosudeste.com\/site\/?p=78042","title":{"rendered":"Canteiros no entorno da Prefeitura s\u00e3o renovados"},"content":{"rendered":"<div id=\":px\" class=\"ii gt\">\n<div id=\":pw\" class=\"a3s aiL \">\n<div>\n<div>\n<div>\n<p align=\"justify\"><a href=\"http:\/\/folhadosudeste.com\/site\/wp-content\/uploads\/2021\/10\/IMG_6594.jpg\"><img loading=\"lazy\" decoding=\"async\" class=\"alignnone size-full wp-image-78043\" src=\"http:\/\/folhadosudeste.com\/site\/wp-content\/uploads\/2021\/10\/IMG_6594.jpg\" alt=\"\" width=\"2048\" height=\"1365\" srcset=\"https:\/\/folhadosudeste.com\/site\/wp-content\/uploads\/2021\/10\/IMG_6594.jpg 2048w, https:\/\/folhadosudeste.com\/site\/wp-content\/uploads\/2021\/10\/IMG_6594-300x200.jpg 300w, https:\/\/folhadosudeste.com\/site\/wp-content\/uploads\/2021\/10\/IMG_6594-768x512.jpg 768w, https:\/\/folhadosudeste.com\/site\/wp-content\/uploads\/2021\/10\/IMG_6594-1024x683.jpg 1024w, https:\/\/folhadosudeste.com\/site\/wp-content\/uploads\/2021\/10\/IMG_6594-120x80.jpg 120w, https:\/\/folhadosudeste.com\/site\/wp-content\/uploads\/2021\/10\/IMG_6594-345x230.jpg 345w\" sizes=\"auto, (max-width: 2048px) 100vw, 2048px\" \/><\/a><\/p>\n<p align=\"justify\">Os canteiros localizados nas imedia\u00e7\u00f5es do Centro Administrativo Presidente Tancredo Neves est\u00e3o recebendo revitaliza\u00e7\u00e3o, aguardando a chegada de novas esp\u00e9cies de plantas para renovar o ambiente. A paisagem est\u00e1 sendo repaginada para tornar o espa\u00e7o mais atrativo para a popula\u00e7\u00e3o que circula no local, mas tamb\u00e9m para ampliar a seguran\u00e7a dos pedestres e melhorar a visibilidade de motoristas. Neste momento, os cercadinhos de eucalipto ganham verniz para ficarem protegidos diante das mudan\u00e7as clim\u00e1ticas.<\/p>\n<p align=\"justify\">O novo modelo de jardinagem \u00e9 composto por palmeiras, grama, orqu\u00eddeas e agaves (plantas suculentas que possuem&nbsp;raiz, talo e folhas engrossados). A equipe de Paisagismo Urbano da Secretaria de Agricultura e Meio Ambiente aguarda a chegada de mudas de ics\u00f3rias (arbustos muito utilizados em regi\u00f5es de climas quentes, que possuem aspecto compacto e produzem flora\u00e7\u00e3o nas v\u00e1rias esta\u00e7\u00f5es do ano. Tem flores de colora\u00e7\u00e3o amarela, vermelha, laranja&nbsp;e&nbsp;cor-de-rosa).<\/p>\n<p align=\"justify\">As&nbsp;laterais&nbsp;do edif\u00edcio, pr\u00f3ximo&nbsp;\u00e0&nbsp;Fundarte,&nbsp;tamb\u00e9m ser\u00e3o reestruturadas. Ficar\u00e3o no espa\u00e7o apenas&nbsp;mudas de&nbsp;brom\u00e9lias,&nbsp;agaves e grama,&nbsp;sob um fundo planejado com madeiras,&nbsp;oferecendo mais rusticidade ao&nbsp;local.<\/p>\n<\/div>\n<\/div>\n<\/div>\n<\/div>\n<\/div>\n<p><!--more--><\/p>\n<p align=\"justify\">Na rotat\u00f3ria, localizada no entroncamento entre a Avenida Maestro Sans\u00e3o e o viaduto, as cercas vivas foram remodeladas, dando um certo desenho as mudas de pingo de ouro &#8211; planta arbustiva nativa amplamente cultivada como ornamental para jardins.<\/p>\n<p align=\"justify\">Algumas esp\u00e9cies que anteriormente estavam nestes locais tinham espinhos e podiam ferir os pedestres que transitam nestas regi\u00f5es. Por isto, os jardins vem sendo atualizados para ficarem mais pertinentes ao clima da cidade e oferecer maior seguran\u00e7a para pedestres.<\/p>\n<p align=\"justify\"><b>Novas mudas chegar\u00e3o em novembro<\/b><\/p>\n<p align=\"justify\">A coordena\u00e7\u00e3o de Paisagismo Urbano aguarda a finaliza\u00e7\u00e3o das licita\u00e7\u00f5es para dar continuidade ao projeto de jardinagem. \u201cEstamos com quase todos os canteiros prontos para inserir esp\u00e9cies com flores. O prefeito Jos\u00e9 Braz pediu para que acrescent\u00e1ssemos cores aos canteiros. Ent\u00e3o, vamos colocar mudas que flores\u00e7am o ano inteiro\u201d, explicou o coordenador do setor, Wendel Cruz.<\/p>\n<div id=\":rv\" class=\"hq gt\"><a href=\"http:\/\/folhadosudeste.com\/site\/wp-content\/uploads\/2021\/10\/IMG_6588.jpg\"><img loading=\"lazy\" decoding=\"async\" class=\"alignnone size-full wp-image-78044\" src=\"http:\/\/folhadosudeste.com\/site\/wp-content\/uploads\/2021\/10\/IMG_6588.jpg\" alt=\"\" width=\"2048\" height=\"1365\" srcset=\"https:\/\/folhadosudeste.com\/site\/wp-content\/uploads\/2021\/10\/IMG_6588.jpg 2048w, https:\/\/folhadosudeste.com\/site\/wp-content\/uploads\/2021\/10\/IMG_6588-300x200.jpg 300w, https:\/\/folhadosudeste.com\/site\/wp-content\/uploads\/2021\/10\/IMG_6588-768x512.jpg 768w, https:\/\/folhadosudeste.com\/site\/wp-content\/uploads\/2021\/10\/IMG_6588-1024x683.jpg 1024w, https:\/\/folhadosudeste.com\/site\/wp-content\/uploads\/2021\/10\/IMG_6588-120x80.jpg 120w, https:\/\/folhadosudeste.com\/site\/wp-content\/uploads\/2021\/10\/IMG_6588-345x230.jpg 345w\" sizes=\"auto, (max-width: 2048px) 100vw, 2048px\" \/><\/a> <a href=\"http:\/\/folhadosudeste.com\/site\/wp-content\/uploads\/2021\/10\/IMG_6582.jpg\"><img loading=\"lazy\" decoding=\"async\" class=\"alignnone size-full wp-image-78045\" src=\"http:\/\/folhadosudeste.com\/site\/wp-content\/uploads\/2021\/10\/IMG_6582.jpg\" alt=\"\" width=\"2048\" height=\"1365\" srcset=\"https:\/\/folhadosudeste.com\/site\/wp-content\/uploads\/2021\/10\/IMG_6582.jpg 2048w, https:\/\/folhadosudeste.com\/site\/wp-content\/uploads\/2021\/10\/IMG_6582-300x200.jpg 300w, https:\/\/folhadosudeste.com\/site\/wp-content\/uploads\/2021\/10\/IMG_6582-768x512.jpg 768w, https:\/\/folhadosudeste.com\/site\/wp-content\/uploads\/2021\/10\/IMG_6582-1024x683.jpg 1024w, https:\/\/folhadosudeste.com\/site\/wp-content\/uploads\/2021\/10\/IMG_6582-120x80.jpg 120w, https:\/\/folhadosudeste.com\/site\/wp-content\/uploads\/2021\/10\/IMG_6582-345x230.jpg 345w\" sizes=\"auto, (max-width: 2048px) 100vw, 2048px\" \/><\/a> <a href=\"http:\/\/folhadosudeste.com\/site\/wp-content\/uploads\/2021\/10\/IMG_6580.jpg\"><img loading=\"lazy\" decoding=\"async\" class=\"alignnone size-full wp-image-78046\" src=\"http:\/\/folhadosudeste.com\/site\/wp-content\/uploads\/2021\/10\/IMG_6580.jpg\" alt=\"\" width=\"2048\" height=\"1365\" srcset=\"https:\/\/folhadosudeste.com\/site\/wp-content\/uploads\/2021\/10\/IMG_6580.jpg 2048w, https:\/\/folhadosudeste.com\/site\/wp-content\/uploads\/2021\/10\/IMG_6580-300x200.jpg 300w, https:\/\/folhadosudeste.com\/site\/wp-content\/uploads\/2021\/10\/IMG_6580-768x512.jpg 768w, https:\/\/folhadosudeste.com\/site\/wp-content\/uploads\/2021\/10\/IMG_6580-1024x683.jpg 1024w, https:\/\/folhadosudeste.com\/site\/wp-content\/uploads\/2021\/10\/IMG_6580-120x80.jpg 120w, https:\/\/folhadosudeste.com\/site\/wp-content\/uploads\/2021\/10\/IMG_6580-345x230.jpg 345w\" sizes=\"auto, (max-width: 2048px) 100vw, 2048px\" \/><\/a><\/div>\n","protected":false},"excerpt":{"rendered":"<p>Os canteiros localizados nas imedia\u00e7\u00f5es do Centro Administrativo Presidente Tancredo Neves est\u00e3o recebendo revitaliza\u00e7\u00e3o, aguardando a chegada de novas esp\u00e9cies de plantas para renovar o ambiente. A paisagem est\u00e1 sendo repaginada para tornar o espa\u00e7o mais atrativo para a popula\u00e7\u00e3o que circula no local, mas tamb\u00e9m para ampliar a seguran\u00e7a dos pedestres e melhorar a [&hellip;]<\/p>\n","protected":false},"author":6,"featured_media":0,"comment_status":"open","ping_status":"closed","sticky":false,"template":"","format":"standard","meta":{"_joinchat":[],"footnotes":""},"categories":[1],"tags":[],"class_list":["post-78042","post","type-post","status-publish","format-standard","hentry","category-sem-categoria"],"_links":{"self":[{"href":"https:\/\/folhadosudeste.com\/site\/index.php?rest_route=\/wp\/v2\/posts\/78042","targetHints":{"allow":["GET"]}}],"collection":[{"href":"https:\/\/folhadosudeste.com\/site\/index.php?rest_route=\/wp\/v2\/posts"}],"about":[{"href":"https:\/\/folhadosudeste.com\/site\/index.php?rest_route=\/wp\/v2\/types\/post"}],"author":[{"embeddable":true,"href":"https:\/\/folhadosudeste.com\/site\/index.php?rest_route=\/wp\/v2\/users\/6"}],"replies":[{"embeddable":true,"href":"https:\/\/folhadosudeste.com\/site\/index.php?rest_route=%2Fwp%2Fv2%2Fcomments&post=78042"}],"version-history":[{"count":1,"href":"https:\/\/folhadosudeste.com\/site\/index.php?rest_route=\/wp\/v2\/posts\/78042\/revisions"}],"predecessor-version":[{"id":78047,"href":"https:\/\/folhadosudeste.com\/site\/index.php?rest_route=\/wp\/v2\/posts\/78042\/revisions\/78047"}],"wp:attachment":[{"href":"https:\/\/folhadosudeste.com\/site\/index.php?rest_route=%2Fwp%2Fv2%2Fmedia&parent=78042"}],"wp:term":[{"taxonomy":"category","embeddable":true,"href":"https:\/\/folhadosudeste.com\/site\/index.php?rest_route=%2Fwp%2Fv2%2Fcategories&post=78042"},{"taxonomy":"post_tag","embeddable":true,"href":"https:\/\/folhadosudeste.com\/site\/index.php?rest_route=%2Fwp%2Fv2%2Ftags&post=78042"}],"curies":[{"name":"wp","href":"https:\/\/api.w.org\/{rel}","templated":true}]}}