{"id":78138,"date":"2021-10-19T00:25:06","date_gmt":"2021-10-19T00:25:06","guid":{"rendered":"http:\/\/folhadosudeste.com\/site\/?p=78138"},"modified":"2021-10-19T00:25:06","modified_gmt":"2021-10-19T00:25:06","slug":"um-novo-caso-de-covid-19-foi-registrado-no-boletim-desta-segunda-feira-em-muriae","status":"publish","type":"post","link":"https:\/\/folhadosudeste.com\/site\/?p=78138","title":{"rendered":"Um novo caso de COVID-19 foi registrado no boletim desta segunda-feira em Muria\u00e9"},"content":{"rendered":"<div><a href=\"http:\/\/folhadosudeste.com\/site\/wp-content\/uploads\/2021\/10\/18102021.jpeg\"><img loading=\"lazy\" decoding=\"async\" class=\"alignnone size-full wp-image-78139\" src=\"http:\/\/folhadosudeste.com\/site\/wp-content\/uploads\/2021\/10\/18102021.jpeg\" alt=\"\" width=\"1080\" height=\"1080\" srcset=\"https:\/\/folhadosudeste.com\/site\/wp-content\/uploads\/2021\/10\/18102021.jpeg 1080w, https:\/\/folhadosudeste.com\/site\/wp-content\/uploads\/2021\/10\/18102021-150x150.jpeg 150w, https:\/\/folhadosudeste.com\/site\/wp-content\/uploads\/2021\/10\/18102021-300x300.jpeg 300w, https:\/\/folhadosudeste.com\/site\/wp-content\/uploads\/2021\/10\/18102021-768x768.jpeg 768w, https:\/\/folhadosudeste.com\/site\/wp-content\/uploads\/2021\/10\/18102021-1024x1024.jpeg 1024w\" sizes=\"auto, (max-width: 1080px) 100vw, 1080px\" \/><\/a><\/div>\n<div>&nbsp;<\/div>\n<div style=\"text-align: justify;\">Apenas um novo caso de covid-19 foi registrado no boletim desta segunda-feira em Muria\u00e9. O n\u00famero de pacientes ativos no momento caiu para seis pessoas, das quais uma est\u00e1 internada.<\/div>\n<div style=\"text-align: justify;\">&nbsp;<\/div>\n<div style=\"text-align: justify;\">A m\u00e9dia m\u00f3vel atual \u00e9 de 2,43 casos por dia ao longo das \u00faltimas duas semanas. O \u00edndice \u00e9 66% mais baixo que a m\u00e9dia do per\u00edodo anterior, o que mostra que os n\u00fameros da covid em Muria\u00e9 seguem em queda.<\/div>\n<div style=\"text-align: justify;\">&nbsp;<\/div>\n<div style=\"text-align: justify;\">Veja os n\u00fameros completos de hoje (18\/10\/2021):<\/div>\n<div style=\"text-align: justify;\">&nbsp;<\/div>\n<div style=\"text-align: justify;\">VACINA\u00c7\u00c3O (at\u00e9 15\/10)<\/div>\n<div style=\"text-align: justify;\">Parcialmente vacinados: 84.049 pessoas (76,83% da popula\u00e7\u00e3o)<\/div>\n<div style=\"text-align: justify;\">Totalmente vacinados: 56.486 pessoas (51,64% da popula\u00e7\u00e3o)<\/div>\n<div style=\"text-align: justify;\">Dose de refor\u00e7o \/ adicional: 2.239 pessoas (2,05% da popula\u00e7\u00e3o)<\/div>\n<div style=\"text-align: justify;\">&nbsp;<\/div>\n<div style=\"text-align: justify;\">CASOS<\/div>\n<div style=\"text-align: justify;\">Total de casos confirmados: 11.859 (+01)<\/div>\n<div style=\"text-align: justify;\">Pacientes ativos: 06<\/div>\n<div style=\"text-align: justify;\">Pacientes curados: 11.538<\/div>\n<div style=\"text-align: justify;\">\u00d3bitos: 315<\/div>\n<div style=\"text-align: justify;\">Investigados \/ Monitorados: 34<\/div>\n<div style=\"text-align: justify;\">Negativos: 14.722<\/div>\n","protected":false},"excerpt":{"rendered":"<p>&nbsp; Apenas um novo caso de covid-19 foi registrado no boletim desta segunda-feira em Muria\u00e9. O n\u00famero de pacientes ativos no momento caiu para seis pessoas, das quais uma est\u00e1 internada. &nbsp; A m\u00e9dia m\u00f3vel atual \u00e9 de 2,43 casos por dia ao longo das \u00faltimas duas semanas. O \u00edndice \u00e9 66% mais baixo que [&hellip;]<\/p>\n","protected":false},"author":6,"featured_media":0,"comment_status":"open","ping_status":"closed","sticky":false,"template":"","format":"standard","meta":{"_joinchat":[],"footnotes":""},"categories":[1],"tags":[],"class_list":["post-78138","post","type-post","status-publish","format-standard","hentry","category-sem-categoria"],"_links":{"self":[{"href":"https:\/\/folhadosudeste.com\/site\/index.php?rest_route=\/wp\/v2\/posts\/78138","targetHints":{"allow":["GET"]}}],"collection":[{"href":"https:\/\/folhadosudeste.com\/site\/index.php?rest_route=\/wp\/v2\/posts"}],"about":[{"href":"https:\/\/folhadosudeste.com\/site\/index.php?rest_route=\/wp\/v2\/types\/post"}],"author":[{"embeddable":true,"href":"https:\/\/folhadosudeste.com\/site\/index.php?rest_route=\/wp\/v2\/users\/6"}],"replies":[{"embeddable":true,"href":"https:\/\/folhadosudeste.com\/site\/index.php?rest_route=%2Fwp%2Fv2%2Fcomments&post=78138"}],"version-history":[{"count":1,"href":"https:\/\/folhadosudeste.com\/site\/index.php?rest_route=\/wp\/v2\/posts\/78138\/revisions"}],"predecessor-version":[{"id":78140,"href":"https:\/\/folhadosudeste.com\/site\/index.php?rest_route=\/wp\/v2\/posts\/78138\/revisions\/78140"}],"wp:attachment":[{"href":"https:\/\/folhadosudeste.com\/site\/index.php?rest_route=%2Fwp%2Fv2%2Fmedia&parent=78138"}],"wp:term":[{"taxonomy":"category","embeddable":true,"href":"https:\/\/folhadosudeste.com\/site\/index.php?rest_route=%2Fwp%2Fv2%2Fcategories&post=78138"},{"taxonomy":"post_tag","embeddable":true,"href":"https:\/\/folhadosudeste.com\/site\/index.php?rest_route=%2Fwp%2Fv2%2Ftags&post=78138"}],"curies":[{"name":"wp","href":"https:\/\/api.w.org\/{rel}","templated":true}]}}