{"id":78148,"date":"2021-10-19T00:32:56","date_gmt":"2021-10-19T00:32:56","guid":{"rendered":"http:\/\/folhadosudeste.com\/site\/?p=78148"},"modified":"2021-10-19T00:34:58","modified_gmt":"2021-10-19T00:34:58","slug":"inscricoes-abertas-para-concurso-publico-da-prefeitura-de-uba","status":"publish","type":"post","link":"https:\/\/folhadosudeste.com\/site\/?p=78148","title":{"rendered":"Inscri\u00e7\u00f5es abertas para concurso p\u00fablico da Prefeitura de Ub\u00e1"},"content":{"rendered":"<p style=\"text-align: justify;\" align=\"justify\"><a href=\"http:\/\/folhadosudeste.com\/site\/wp-content\/uploads\/2021\/10\/Inscri\u00e7\u00f5es-abertas-concurso-Prefeitura-de-Ub\u00e1-1.jpeg\"><img loading=\"lazy\" decoding=\"async\" class=\"alignnone size-full wp-image-78149\" src=\"http:\/\/folhadosudeste.com\/site\/wp-content\/uploads\/2021\/10\/Inscri\u00e7\u00f5es-abertas-concurso-Prefeitura-de-Ub\u00e1-1.jpeg\" alt=\"\" width=\"1280\" height=\"1265\" srcset=\"https:\/\/folhadosudeste.com\/site\/wp-content\/uploads\/2021\/10\/Inscri\u00e7\u00f5es-abertas-concurso-Prefeitura-de-Ub\u00e1-1.jpeg 1280w, https:\/\/folhadosudeste.com\/site\/wp-content\/uploads\/2021\/10\/Inscri\u00e7\u00f5es-abertas-concurso-Prefeitura-de-Ub\u00e1-1-300x296.jpeg 300w, https:\/\/folhadosudeste.com\/site\/wp-content\/uploads\/2021\/10\/Inscri\u00e7\u00f5es-abertas-concurso-Prefeitura-de-Ub\u00e1-1-768x759.jpeg 768w, https:\/\/folhadosudeste.com\/site\/wp-content\/uploads\/2021\/10\/Inscri\u00e7\u00f5es-abertas-concurso-Prefeitura-de-Ub\u00e1-1-1024x1012.jpeg 1024w\" sizes=\"auto, (max-width: 1280px) 100vw, 1280px\" \/><\/a><\/p>\n<p style=\"text-align: justify;\">Est\u00e3o abertas at\u00e9 o dia 16 de novembro as inscri\u00e7\u00f5es do concurso p\u00fablico para provimento de 175 vagas no Quadro Permanente de Pessoal da Administra\u00e7\u00e3o P\u00fablica Municipal. As inscri\u00e7\u00f5es podem ser&nbsp;realizadas atrav\u00e9s do site&nbsp;www.gestaodeconcursos.com.br.<\/p>\n<p style=\"text-align: justify;\">Ap\u00f3s a realiza\u00e7\u00e3o do cadastro, o candidato dever\u00e1 pagar a taxa de inscri\u00e7\u00e3o que varia de acordo com o cargo pretendido, sendo R$50,00 para cargos de N\u00edvel Fundamental, R$70,00 de N\u00edvel M\u00e9dio e M\u00e9dio T\u00e9cnico&nbsp;e R$100,00 para&nbsp;cargos de N\u00edvel Superior. O candidato doador de sangue ou aquele que, em raz\u00e3o de limita\u00e7\u00f5es de ordem financeira, n\u00e3o puder arcar com o pagamento do valor de inscri\u00e7\u00e3o tem at\u00e9 o dia 21 de outubro para solicitar a isen\u00e7\u00e3o do pagamento do valor da taxa de inscri\u00e7\u00e3o. Para tanto, o candidato deve seguir o disposto no item 5.4 do edital.<\/p>\n<p style=\"text-align: justify;\">O candidato poder\u00e1 concorrer a dois cargos distintos,&nbsp;de diferentes n\u00edveis de escolaridade, sendo&nbsp;observado os turnos&nbsp;para realiza\u00e7\u00e3o da prova:&nbsp;Turno&nbsp;A&nbsp;&#8211;&nbsp;N\u00edvel Fundamental e N\u00edvel Superior&nbsp;e Turno&nbsp;B&nbsp;&#8211;&nbsp;N\u00edvel M\u00e9dio ou N\u00edvel M\u00e9dio \/T\u00e9cnico.<\/p>\n<p style=\"text-align: justify;\"><!--more--><\/p>\n<p style=\"text-align: justify;\">Para os candidatos que n\u00e3o tiverem acesso \u00e0 internet, ser\u00e1 disponibilizado, atrav\u00e9s da Escola do Legislativo da C\u00e2mara Municipal de Ub\u00e1, computador e impressora para que possam realizar inscri\u00e7\u00f5es, requerimentos, solicita\u00e7\u00f5es e\/ou recursos. O candidato deve se direcionar \u00e0 C\u00e2mara Municipal, localizada na Rua Santa Cruz, 301, centro, nos dias \u00fateis, no hor\u00e1rio de 8h \u00e0s 11h e de 13h \u00e0s 17h.<\/p>\n<p style=\"text-align: justify;\">A prova objetiva ocorrer\u00e1 no dia 19 de dezembro de 2021, com dura\u00e7\u00e3o total de quatro horas de prova para todos os cargos. O local e hor\u00e1rio da realiza\u00e7\u00e3o das provas ser\u00e1 disponibilizado atrav\u00e9s do Comprovante Definitivo de Inscri\u00e7\u00e3o que poder\u00e1 ser acessado no site&nbsp;www.gestaodeconcursos.com.br, para consulta e impress\u00e3o.<\/p>\n<p style=\"text-align: justify;\">Confira o Edital 01\/2020 em&nbsp;www.uba.mg.gov.br<\/p>\n","protected":false},"excerpt":{"rendered":"<p>Est\u00e3o abertas at\u00e9 o dia 16 de novembro as inscri\u00e7\u00f5es do concurso p\u00fablico para provimento de 175 vagas no Quadro Permanente de Pessoal da Administra\u00e7\u00e3o P\u00fablica Municipal. As inscri\u00e7\u00f5es podem ser&nbsp;realizadas atrav\u00e9s do site&nbsp;www.gestaodeconcursos.com.br. Ap\u00f3s a realiza\u00e7\u00e3o do cadastro, o candidato dever\u00e1 pagar a taxa de inscri\u00e7\u00e3o que varia de acordo com o cargo pretendido, [&hellip;]<\/p>\n","protected":false},"author":6,"featured_media":0,"comment_status":"open","ping_status":"closed","sticky":false,"template":"","format":"standard","meta":{"_joinchat":[],"footnotes":""},"categories":[1],"tags":[],"class_list":["post-78148","post","type-post","status-publish","format-standard","hentry","category-sem-categoria"],"_links":{"self":[{"href":"https:\/\/folhadosudeste.com\/site\/index.php?rest_route=\/wp\/v2\/posts\/78148","targetHints":{"allow":["GET"]}}],"collection":[{"href":"https:\/\/folhadosudeste.com\/site\/index.php?rest_route=\/wp\/v2\/posts"}],"about":[{"href":"https:\/\/folhadosudeste.com\/site\/index.php?rest_route=\/wp\/v2\/types\/post"}],"author":[{"embeddable":true,"href":"https:\/\/folhadosudeste.com\/site\/index.php?rest_route=\/wp\/v2\/users\/6"}],"replies":[{"embeddable":true,"href":"https:\/\/folhadosudeste.com\/site\/index.php?rest_route=%2Fwp%2Fv2%2Fcomments&post=78148"}],"version-history":[{"count":2,"href":"https:\/\/folhadosudeste.com\/site\/index.php?rest_route=\/wp\/v2\/posts\/78148\/revisions"}],"predecessor-version":[{"id":78151,"href":"https:\/\/folhadosudeste.com\/site\/index.php?rest_route=\/wp\/v2\/posts\/78148\/revisions\/78151"}],"wp:attachment":[{"href":"https:\/\/folhadosudeste.com\/site\/index.php?rest_route=%2Fwp%2Fv2%2Fmedia&parent=78148"}],"wp:term":[{"taxonomy":"category","embeddable":true,"href":"https:\/\/folhadosudeste.com\/site\/index.php?rest_route=%2Fwp%2Fv2%2Fcategories&post=78148"},{"taxonomy":"post_tag","embeddable":true,"href":"https:\/\/folhadosudeste.com\/site\/index.php?rest_route=%2Fwp%2Fv2%2Ftags&post=78148"}],"curies":[{"name":"wp","href":"https:\/\/api.w.org\/{rel}","templated":true}]}}