{"id":78186,"date":"2021-10-20T22:50:52","date_gmt":"2021-10-20T22:50:52","guid":{"rendered":"http:\/\/folhadosudeste.com\/site\/?p=78186"},"modified":"2021-10-20T22:50:52","modified_gmt":"2021-10-20T22:50:52","slug":"camara-promovera-audiencia-para-debater-sobre-transporte-publico","status":"publish","type":"post","link":"https:\/\/folhadosudeste.com\/site\/?p=78186","title":{"rendered":"C\u00e2mara promover\u00e1 audi\u00eancia para debater sobre transporte p\u00fablico"},"content":{"rendered":"<p><a href=\"http:\/\/folhadosudeste.com\/site\/wp-content\/uploads\/2021\/10\/WhatsApp-Image-2021-10-20-at-10.47.56.jpeg\"><img loading=\"lazy\" decoding=\"async\" class=\"alignnone size-full wp-image-78187\" src=\"http:\/\/folhadosudeste.com\/site\/wp-content\/uploads\/2021\/10\/WhatsApp-Image-2021-10-20-at-10.47.56.jpeg\" alt=\"\" width=\"1280\" height=\"769\" srcset=\"https:\/\/folhadosudeste.com\/site\/wp-content\/uploads\/2021\/10\/WhatsApp-Image-2021-10-20-at-10.47.56.jpeg 1280w, https:\/\/folhadosudeste.com\/site\/wp-content\/uploads\/2021\/10\/WhatsApp-Image-2021-10-20-at-10.47.56-300x180.jpeg 300w, https:\/\/folhadosudeste.com\/site\/wp-content\/uploads\/2021\/10\/WhatsApp-Image-2021-10-20-at-10.47.56-768x461.jpeg 768w, https:\/\/folhadosudeste.com\/site\/wp-content\/uploads\/2021\/10\/WhatsApp-Image-2021-10-20-at-10.47.56-1024x615.jpeg 1024w\" sizes=\"auto, (max-width: 1280px) 100vw, 1280px\" \/><\/a><\/p>\n<p style=\"text-align: justify;\"><strong><em>Evento acontece no dia 28, a partir das 18h, no plen\u00e1rio da Casa<\/em><\/strong><\/p>\n<p style=\"text-align: justify;\">Discuss\u00e3o sobre o sistema de transporte p\u00fablico coletivo ser\u00e1 realizada pela C\u00e2mara de Muria\u00e9, atrav\u00e9s da Comiss\u00e3o de Transporte P\u00fablico e Sistema Vi\u00e1rio, no dia 28 de outubro (quinta-feira). A audi\u00eancia p\u00fablica acontece a partir das 18h, no plen\u00e1rio da Casa Legislativa.<\/p>\n<p style=\"text-align: justify;\">\u201cDiante da grave crise do transporte coletivo na nossa cidade, e atendendo requerimento de colegas vereadores e da popula\u00e7\u00e3o, marcamos essa audi\u00eancia p\u00fablica, que ser\u00e1 a oportunidade para, juntamente com representantes de v\u00e1rios segmentos e Poderes de Muria\u00e9, buscar uma solu\u00e7\u00e3o para este problema\u201d, afirma o vereador Valdinei Lacerda, presidente da Comiss\u00e3o de Transporte P\u00fablico e Sistema Vi\u00e1rio.<\/p>\n<p style=\"text-align: justify;\">Diversas autoridades, representantes dos Poderes Legislativo e Executivo, Minist\u00e9rio P\u00fablico, pol\u00edcias Civil e Militar e das empresas que prestam o servi\u00e7o na cidade, entre outras \u00e1reas afins, al\u00e9m de membros da sociedade civil foram convidadas a participar dos debates.<\/p>\n<p><!--more--><\/p>\n<p style=\"text-align: justify;\">Vale frisar que todos os protocolos sanit\u00e1rios ser\u00e3o obedecidos. O uso de m\u00e1scara \u00e9 obrigat\u00f3rio para todos os presentes.<\/p>\n<p style=\"text-align: justify;\">A audi\u00eancia ser\u00e1 transmitida ao vivo pelo canal da C\u00e2mara no YouTube: camaramunicipaldemuriae.<\/p>\n","protected":false},"excerpt":{"rendered":"<p>Evento acontece no dia 28, a partir das 18h, no plen\u00e1rio da Casa Discuss\u00e3o sobre o sistema de transporte p\u00fablico coletivo ser\u00e1 realizada pela C\u00e2mara de Muria\u00e9, atrav\u00e9s da Comiss\u00e3o de Transporte P\u00fablico e Sistema Vi\u00e1rio, no dia 28 de outubro (quinta-feira). A audi\u00eancia p\u00fablica acontece a partir das 18h, no plen\u00e1rio da Casa Legislativa. [&hellip;]<\/p>\n","protected":false},"author":6,"featured_media":0,"comment_status":"open","ping_status":"closed","sticky":false,"template":"","format":"standard","meta":{"_joinchat":[],"footnotes":""},"categories":[1],"tags":[],"class_list":["post-78186","post","type-post","status-publish","format-standard","hentry","category-sem-categoria"],"_links":{"self":[{"href":"https:\/\/folhadosudeste.com\/site\/index.php?rest_route=\/wp\/v2\/posts\/78186","targetHints":{"allow":["GET"]}}],"collection":[{"href":"https:\/\/folhadosudeste.com\/site\/index.php?rest_route=\/wp\/v2\/posts"}],"about":[{"href":"https:\/\/folhadosudeste.com\/site\/index.php?rest_route=\/wp\/v2\/types\/post"}],"author":[{"embeddable":true,"href":"https:\/\/folhadosudeste.com\/site\/index.php?rest_route=\/wp\/v2\/users\/6"}],"replies":[{"embeddable":true,"href":"https:\/\/folhadosudeste.com\/site\/index.php?rest_route=%2Fwp%2Fv2%2Fcomments&post=78186"}],"version-history":[{"count":1,"href":"https:\/\/folhadosudeste.com\/site\/index.php?rest_route=\/wp\/v2\/posts\/78186\/revisions"}],"predecessor-version":[{"id":78188,"href":"https:\/\/folhadosudeste.com\/site\/index.php?rest_route=\/wp\/v2\/posts\/78186\/revisions\/78188"}],"wp:attachment":[{"href":"https:\/\/folhadosudeste.com\/site\/index.php?rest_route=%2Fwp%2Fv2%2Fmedia&parent=78186"}],"wp:term":[{"taxonomy":"category","embeddable":true,"href":"https:\/\/folhadosudeste.com\/site\/index.php?rest_route=%2Fwp%2Fv2%2Fcategories&post=78186"},{"taxonomy":"post_tag","embeddable":true,"href":"https:\/\/folhadosudeste.com\/site\/index.php?rest_route=%2Fwp%2Fv2%2Ftags&post=78186"}],"curies":[{"name":"wp","href":"https:\/\/api.w.org\/{rel}","templated":true}]}}