{"id":78189,"date":"2021-10-20T22:52:38","date_gmt":"2021-10-20T22:52:38","guid":{"rendered":"http:\/\/folhadosudeste.com\/site\/?p=78189"},"modified":"2021-10-20T22:52:38","modified_gmt":"2021-10-20T22:52:38","slug":"prorrogadas-inscricoes-para-projetos-que-levem-cultura-para-periferia","status":"publish","type":"post","link":"https:\/\/folhadosudeste.com\/site\/?p=78189","title":{"rendered":"Prorrogadas inscri\u00e7\u00f5es para projetos que levem cultura para periferia"},"content":{"rendered":"<p align=\"justify\"><a href=\"http:\/\/folhadosudeste.com\/site\/wp-content\/uploads\/2021\/10\/prorrogado-conex\u00e3o-periferia.jpg\"><img loading=\"lazy\" decoding=\"async\" class=\"alignnone size-full wp-image-78190\" src=\"http:\/\/folhadosudeste.com\/site\/wp-content\/uploads\/2021\/10\/prorrogado-conex\u00e3o-periferia.jpg\" alt=\"\" width=\"1024\" height=\"1280\" srcset=\"https:\/\/folhadosudeste.com\/site\/wp-content\/uploads\/2021\/10\/prorrogado-conex\u00e3o-periferia.jpg 1024w, https:\/\/folhadosudeste.com\/site\/wp-content\/uploads\/2021\/10\/prorrogado-conex\u00e3o-periferia-240x300.jpg 240w, https:\/\/folhadosudeste.com\/site\/wp-content\/uploads\/2021\/10\/prorrogado-conex\u00e3o-periferia-768x960.jpg 768w, https:\/\/folhadosudeste.com\/site\/wp-content\/uploads\/2021\/10\/prorrogado-conex\u00e3o-periferia-819x1024.jpg 819w\" sizes=\"auto, (max-width: 1024px) 100vw, 1024px\" \/><\/a><\/p>\n<p align=\"justify\">As inscri\u00e7\u00f5es para o Edital \u2018Conex\u00e3o Periferia\u2019 foram prorrogadas at\u00e9 27 de outubro. Jovens com idades entre 18 e 29 anos ou mesmo grupos com pessoas nesta faixa et\u00e1ria podem cadastrar os projetos no programa que prioriza o desenvolvimento de oficinas em Muria\u00e9, estimulando novos talentos no mundo das artes e cultura.<\/p>\n<p align=\"justify\">Os proponentes podem participar nas \u00e1reas de artes visuais e designer, artes c\u00eanicas, artesanato, audiovisual, novas m\u00eddias, fotografia, grupos \u00e9tnicos, grupos de g\u00eanero, literatura, leitura, m\u00fasica, patrim\u00f4nio, tradi\u00e7\u00f5es, produ\u00e7\u00f5es culturais, t\u00e9cnicas da cultura e artes integradas. As oficinas dever\u00e3o ser direcionadas para bairros que tenham elevado n\u00famero de fam\u00edlias em situa\u00e7\u00e3o de vulnerabilidade social. Alguns poder\u00e3o ser idealizados para as regi\u00f5es pr\u00f3ximas aos Centros de Refer\u00eancia de Assist\u00eancia Social \u2013 CRAS.<\/p>\n<p align=\"justify\"><!--more--><\/p>\n<p align=\"justify\">O edital&nbsp;da&nbsp;Funda\u00e7\u00e3o de Cultura e Artes da&nbsp;Prefeitura de Muria\u00e9&nbsp;permitir\u00e1&nbsp;que&nbsp;agentes culturais desenvolvam&nbsp;projetos&nbsp;atrav\u00e9s&nbsp;do \u2018Fundo Municipal de Cultura Alcyr Pires Vermelho\u2019.&nbsp;Os recursos para as premia\u00e7\u00f5es chegam a R$&nbsp;98.000,00&nbsp;e&nbsp;dever\u00e3o ser&nbsp;subdivididos&nbsp;entre&nbsp;as&nbsp;10&nbsp;propostas&nbsp;escolhidas. \u201cDesejamos&nbsp;incentivar&nbsp;iniciantes na&nbsp;\u00e1rea de&nbsp;cultura para que&nbsp;eles tenham a oportunidade&nbsp;de&nbsp;realizar oficinas&nbsp;nas&nbsp;partes&nbsp;perif\u00e9ricas&nbsp;da cidade, assim como nos&nbsp;distritos. Queremos&nbsp;levar mais conhecimentos para este p\u00fablico que precisa interagir com&nbsp;o&nbsp;mundo art\u00edstico\u201d,&nbsp;explica&nbsp;a diretora da Fundarte, Gilca Napier.<\/p>\n<p align=\"justify\">A inscri\u00e7\u00e3o pode ser feita no endere\u00e7o&nbsp;<a href=\"http:\/\/www.prosas.com.br\/editais\" target=\"_blank\" rel=\"noopener\" data-saferedirecturl=\"https:\/\/www.google.com\/url?q=http:\/\/www.prosas.com.br\/editais&amp;source=gmail&amp;ust=1634856677983000&amp;usg=AFQjCNH2dxNnQq6EKpzqMe46fyfqdxJi8g\">www.prosas.com.br\/editais<\/a>&nbsp;ou&nbsp;<a href=\"mailto:projetos@fundarte.muriae.mg.gov.br\" target=\"_blank\" rel=\"noopener\">projetos@fundarte.muriae.mg.<wbr>gov.br<\/a>.&nbsp;Dentro da&nbsp;plataforma&nbsp;que ser\u00e1 aberta, os jovens poder\u00e3o&nbsp;descrever&nbsp;as&nbsp;suas propostas e anexarem&nbsp;suas&nbsp;documenta\u00e7\u00f5es.&nbsp;Os&nbsp;interessados&nbsp;precisam&nbsp;estar com o cadastro&nbsp;de cultura&nbsp;atualizado na Fundarte,&nbsp;institui\u00e7\u00e3o&nbsp;localizada na&nbsp;Avenida&nbsp;Constantino Pinto, 400, Centro \u2013&nbsp;ao lado do Centro Administrativo Municipal Presidente Tancredo Neves.<\/p>\n","protected":false},"excerpt":{"rendered":"<p>As inscri\u00e7\u00f5es para o Edital \u2018Conex\u00e3o Periferia\u2019 foram prorrogadas at\u00e9 27 de outubro. Jovens com idades entre 18 e 29 anos ou mesmo grupos com pessoas nesta faixa et\u00e1ria podem cadastrar os projetos no programa que prioriza o desenvolvimento de oficinas em Muria\u00e9, estimulando novos talentos no mundo das artes e cultura. Os proponentes podem [&hellip;]<\/p>\n","protected":false},"author":6,"featured_media":0,"comment_status":"open","ping_status":"closed","sticky":false,"template":"","format":"standard","meta":{"_joinchat":[],"footnotes":""},"categories":[1],"tags":[],"class_list":["post-78189","post","type-post","status-publish","format-standard","hentry","category-sem-categoria"],"_links":{"self":[{"href":"https:\/\/folhadosudeste.com\/site\/index.php?rest_route=\/wp\/v2\/posts\/78189","targetHints":{"allow":["GET"]}}],"collection":[{"href":"https:\/\/folhadosudeste.com\/site\/index.php?rest_route=\/wp\/v2\/posts"}],"about":[{"href":"https:\/\/folhadosudeste.com\/site\/index.php?rest_route=\/wp\/v2\/types\/post"}],"author":[{"embeddable":true,"href":"https:\/\/folhadosudeste.com\/site\/index.php?rest_route=\/wp\/v2\/users\/6"}],"replies":[{"embeddable":true,"href":"https:\/\/folhadosudeste.com\/site\/index.php?rest_route=%2Fwp%2Fv2%2Fcomments&post=78189"}],"version-history":[{"count":1,"href":"https:\/\/folhadosudeste.com\/site\/index.php?rest_route=\/wp\/v2\/posts\/78189\/revisions"}],"predecessor-version":[{"id":78191,"href":"https:\/\/folhadosudeste.com\/site\/index.php?rest_route=\/wp\/v2\/posts\/78189\/revisions\/78191"}],"wp:attachment":[{"href":"https:\/\/folhadosudeste.com\/site\/index.php?rest_route=%2Fwp%2Fv2%2Fmedia&parent=78189"}],"wp:term":[{"taxonomy":"category","embeddable":true,"href":"https:\/\/folhadosudeste.com\/site\/index.php?rest_route=%2Fwp%2Fv2%2Fcategories&post=78189"},{"taxonomy":"post_tag","embeddable":true,"href":"https:\/\/folhadosudeste.com\/site\/index.php?rest_route=%2Fwp%2Fv2%2Ftags&post=78189"}],"curies":[{"name":"wp","href":"https:\/\/api.w.org\/{rel}","templated":true}]}}