{"id":78200,"date":"2021-10-21T14:20:32","date_gmt":"2021-10-21T14:20:32","guid":{"rendered":"http:\/\/folhadosudeste.com\/site\/?p=78200"},"modified":"2021-10-21T14:20:32","modified_gmt":"2021-10-21T14:20:32","slug":"protecao-ambiental-e-mineracao-em-muriae-e-tema-de-audiencia-publica-na-camara","status":"publish","type":"post","link":"https:\/\/folhadosudeste.com\/site\/?p=78200","title":{"rendered":"\u201cProte\u00e7\u00e3o Ambiental e Minera\u00e7\u00e3o em Muria\u00e9\u201d \u00e9 tema de audi\u00eancia p\u00fablica na C\u00e2mara"},"content":{"rendered":"<p><a href=\"http:\/\/folhadosudeste.com\/site\/wp-content\/uploads\/2021\/10\/Vereador-Anderson-Presidente-da-Comiss\u00e3o-de-Meio-Ambiente-e-da-Comiss\u00e3o-de-Legisla\u00e7\u00e3o-Participativa.jpg\"><img loading=\"lazy\" decoding=\"async\" class=\"alignnone size-full wp-image-78201\" src=\"http:\/\/folhadosudeste.com\/site\/wp-content\/uploads\/2021\/10\/Vereador-Anderson-Presidente-da-Comiss\u00e3o-de-Meio-Ambiente-e-da-Comiss\u00e3o-de-Legisla\u00e7\u00e3o-Participativa.jpg\" alt=\"\" width=\"1500\" height=\"1061\" srcset=\"https:\/\/folhadosudeste.com\/site\/wp-content\/uploads\/2021\/10\/Vereador-Anderson-Presidente-da-Comiss\u00e3o-de-Meio-Ambiente-e-da-Comiss\u00e3o-de-Legisla\u00e7\u00e3o-Participativa.jpg 1500w, https:\/\/folhadosudeste.com\/site\/wp-content\/uploads\/2021\/10\/Vereador-Anderson-Presidente-da-Comiss\u00e3o-de-Meio-Ambiente-e-da-Comiss\u00e3o-de-Legisla\u00e7\u00e3o-Participativa-300x212.jpg 300w, https:\/\/folhadosudeste.com\/site\/wp-content\/uploads\/2021\/10\/Vereador-Anderson-Presidente-da-Comiss\u00e3o-de-Meio-Ambiente-e-da-Comiss\u00e3o-de-Legisla\u00e7\u00e3o-Participativa-768x543.jpg 768w, https:\/\/folhadosudeste.com\/site\/wp-content\/uploads\/2021\/10\/Vereador-Anderson-Presidente-da-Comiss\u00e3o-de-Meio-Ambiente-e-da-Comiss\u00e3o-de-Legisla\u00e7\u00e3o-Participativa-1024x724.jpg 1024w\" sizes=\"auto, (max-width: 1500px) 100vw, 1500px\" \/><\/a><\/p>\n<p style=\"text-align: justify;\"><i>Evento acontecer\u00e1 dia 27 de outubro, \u00e0s 17h, no plen\u00e1rio da Casa<\/i><\/p>\n<p style=\"text-align: justify;\">&nbsp;<\/p>\n<p style=\"text-align: justify;\">A C\u00e2mara de Muria\u00e9 realizar\u00e1 na pr\u00f3xima quarta-feira, dia 27, audi\u00eancia p\u00fablica para discutir o tema &#8220;Prote\u00e7\u00e3o Ambiental e Minera\u00e7\u00e3o em Muria\u00e9 &#8211; Atendendo pleito de Movimentos Sociais em prol da prote\u00e7\u00e3o ao meio ambiente\u201d. O evento acontece a partir das 17h, no plen\u00e1rio da Casa, com transmiss\u00e3o ao vivo pelo YouTube: camaramunicipaldemuriae.<\/p>\n<p style=\"text-align: justify;\">A Audi\u00eancia foi requerida pelo vereador Anderson, presidente da Comiss\u00e3o de Meio Ambiente e da Comiss\u00e3o de Legisla\u00e7\u00e3o Participativa, ap\u00f3s solicita\u00e7\u00e3o de movimentos sociais. \u201cO objetivo \u00e9 dar conhecimento e publicidade \u00e0 popula\u00e7\u00e3o sobre a tem\u00e1tica e voz aos interessados neste tema, com a perspectiva de desenvolvimento da nossa cidade e da preserva\u00e7\u00e3o ao nosso meio ambiente\u201d, comenta o vereador Anderson.<\/p>\n<p style=\"text-align: justify;\">Diversas autoridades, representantes dos Poderes Legislativo e Executivo, Minist\u00e9rio P\u00fablico, Pol\u00edcia Militar de Meio Ambiente, Corpo de Bombeiros, membros da sociedade civil e representantes de movimentos sociais foram convidadas a participar dos debates.<\/p>\n<p style=\"text-align: justify;\">Todos os protocolos sanit\u00e1rios ser\u00e3o obedecidos. O uso de m\u00e1scara \u00e9 obrigat\u00f3rio para todos os presentes.<\/p>\n<div style=\"text-align: justify;\">&nbsp;<\/div>\n<p style=\"text-align: justify;\">&nbsp;<\/p>\n","protected":false},"excerpt":{"rendered":"<p>Evento acontecer\u00e1 dia 27 de outubro, \u00e0s 17h, no plen\u00e1rio da Casa &nbsp; A C\u00e2mara de Muria\u00e9 realizar\u00e1 na pr\u00f3xima quarta-feira, dia 27, audi\u00eancia p\u00fablica para discutir o tema &#8220;Prote\u00e7\u00e3o Ambiental e Minera\u00e7\u00e3o em Muria\u00e9 &#8211; Atendendo pleito de Movimentos Sociais em prol da prote\u00e7\u00e3o ao meio ambiente\u201d. O evento acontece a partir das 17h, [&hellip;]<\/p>\n","protected":false},"author":6,"featured_media":0,"comment_status":"open","ping_status":"closed","sticky":false,"template":"","format":"standard","meta":{"_joinchat":[],"footnotes":""},"categories":[1],"tags":[],"class_list":["post-78200","post","type-post","status-publish","format-standard","hentry","category-sem-categoria"],"_links":{"self":[{"href":"https:\/\/folhadosudeste.com\/site\/index.php?rest_route=\/wp\/v2\/posts\/78200","targetHints":{"allow":["GET"]}}],"collection":[{"href":"https:\/\/folhadosudeste.com\/site\/index.php?rest_route=\/wp\/v2\/posts"}],"about":[{"href":"https:\/\/folhadosudeste.com\/site\/index.php?rest_route=\/wp\/v2\/types\/post"}],"author":[{"embeddable":true,"href":"https:\/\/folhadosudeste.com\/site\/index.php?rest_route=\/wp\/v2\/users\/6"}],"replies":[{"embeddable":true,"href":"https:\/\/folhadosudeste.com\/site\/index.php?rest_route=%2Fwp%2Fv2%2Fcomments&post=78200"}],"version-history":[{"count":1,"href":"https:\/\/folhadosudeste.com\/site\/index.php?rest_route=\/wp\/v2\/posts\/78200\/revisions"}],"predecessor-version":[{"id":78202,"href":"https:\/\/folhadosudeste.com\/site\/index.php?rest_route=\/wp\/v2\/posts\/78200\/revisions\/78202"}],"wp:attachment":[{"href":"https:\/\/folhadosudeste.com\/site\/index.php?rest_route=%2Fwp%2Fv2%2Fmedia&parent=78200"}],"wp:term":[{"taxonomy":"category","embeddable":true,"href":"https:\/\/folhadosudeste.com\/site\/index.php?rest_route=%2Fwp%2Fv2%2Fcategories&post=78200"},{"taxonomy":"post_tag","embeddable":true,"href":"https:\/\/folhadosudeste.com\/site\/index.php?rest_route=%2Fwp%2Fv2%2Ftags&post=78200"}],"curies":[{"name":"wp","href":"https:\/\/api.w.org\/{rel}","templated":true}]}}