{"id":78214,"date":"2021-10-25T11:38:47","date_gmt":"2021-10-25T11:38:47","guid":{"rendered":"http:\/\/folhadosudeste.com\/site\/?p=78214"},"modified":"2021-10-25T11:38:47","modified_gmt":"2021-10-25T11:38:47","slug":"ana-paula-coelho-professora-protagonista-de-minisserie-muriaeense-vence-concurso-em-entrevista-ao-jornal-folha-do-sudeste-fala-sobre-o-impacto-da-pandemia-na-educacao","status":"publish","type":"post","link":"https:\/\/folhadosudeste.com\/site\/?p=78214","title":{"rendered":"Ana Paula Coelho, Professora protagonista de miniss\u00e9rie muriaeense vence concurso em entrevista ao jornal Folha do Sudeste, fala sobre o impacto da pandemia na educa\u00e7\u00e3o"},"content":{"rendered":"<p><a href=\"http:\/\/folhadosudeste.com\/site\/wp-content\/uploads\/2021\/10\/WhatsApp-Image-2021-10-23-at-21.45.50.jpeg\"><img loading=\"lazy\" decoding=\"async\" class=\"alignnone size-full wp-image-78215\" src=\"http:\/\/folhadosudeste.com\/site\/wp-content\/uploads\/2021\/10\/WhatsApp-Image-2021-10-23-at-21.45.50.jpeg\" alt=\"\" width=\"1019\" height=\"1104\" srcset=\"https:\/\/folhadosudeste.com\/site\/wp-content\/uploads\/2021\/10\/WhatsApp-Image-2021-10-23-at-21.45.50.jpeg 1019w, https:\/\/folhadosudeste.com\/site\/wp-content\/uploads\/2021\/10\/WhatsApp-Image-2021-10-23-at-21.45.50-277x300.jpeg 277w, https:\/\/folhadosudeste.com\/site\/wp-content\/uploads\/2021\/10\/WhatsApp-Image-2021-10-23-at-21.45.50-768x832.jpeg 768w, https:\/\/folhadosudeste.com\/site\/wp-content\/uploads\/2021\/10\/WhatsApp-Image-2021-10-23-at-21.45.50-945x1024.jpeg 945w\" sizes=\"auto, (max-width: 1019px) 100vw, 1019px\" \/><\/a><\/p>\n<p style=\"text-align: justify;\">Em comemora\u00e7\u00e3o ao Dia dos Professores, que ocorreu na sexta-feira (15), a Prefeitura de Muria\u00e9, iniciativa da Secretaria Municipal de Educa\u00e7\u00e3o, prepararam um grande concurso para homenagear a classe dos docentes, que precisou reinventar-se profissionalmente em raz\u00e3o da adapta\u00e7\u00e3o para o sistema de ensino remoto, ocasionado pelas medidas de distanciamento social para conten\u00e7\u00e3o do cont\u00e1gio por Covid-19. Denominado &#8220;Minha Hist\u00f3ria no Digital&#8221;, o concurso consistiu em premiar os melhores relatos sobre o processo de adequa\u00e7\u00e3o ao ambiente digital. Foram cinco epis\u00f3dios emocionantes sobre os desafios, as experi\u00eancias e os aprendizados vivenciados pelos professores durante a pandemia, e todos podem ser assistidos atrav\u00e9s do YouTube. O primeiro lugar foi conquistado pela professora Ana Paula Marinho Batista Coelho, da Escola Municipal Professora Terezinha Maria Oliveira Ribeiro. Os outros finalistas foram os professores: Francisco Augusto Ricardo, Karina Gisele da Silva, Marianne Oliveira da Silva e Simone Santos da Silva Apolin\u00e1rio. Nesta entrevista, ela d\u00e1 detalhes sobre sua experi\u00eancia e partilha pensamentos sobre os novos contextos de aprendizagem.<\/p>\n<p style=\"text-align: justify;\">JFdS: Inicialmente, voc\u00ea teve medo quanto \u00e0 necessidade de reinventar-se profissionalmente devido \u00e0 pandemia? Se sim, o que fez para super\u00e1-lo?<\/p>\n<p style=\"text-align: justify;\">AP: Com certeza, a pandemia chegou trazendo medo, inseguran\u00e7a, desconforto em todos os aspectos e n\u00e3o foi diferente em rela\u00e7\u00e3o ao profissional. Os desafios foram enormes, principalmente para a educa\u00e7\u00e3o infantil em que o aprendizado acontece atrav\u00e9s da intera\u00e7\u00e3o, da troca, do concreto e trazer isso para o ensino remoto foi muito dif\u00edcil. Foi necess\u00e1rio muita pesquisa, persist\u00eancia, criatividade e trazer a fam\u00edlia para mais perto, pois dependia totalmente da fam\u00edlia investir tempo e realizar nossas propostas.<\/p>\n<p style=\"text-align: justify;\">JFdS: Qual foi o aspecto em que voc\u00ea sentiu a maior diferen\u00e7a na adapta\u00e7\u00e3o para o ensino remoto?<br \/>\nAP: A maior diferen\u00e7a ou dificuldade foi falar para uma c\u00e2mera, n\u00e3o ter meu aluno diante de mim. E a necessidade de buscar e utilizar aquilo que os alunos tinham em casa para realizarem as atividades. Tudo era pensado de maneira que a fam\u00edlia tivesse condi\u00e7\u00e3o de atender. Muitas vezes fazia adapta\u00e7\u00f5es para que isso acontecesse e o aprendizado se concretizasse.<\/p>\n<p><!--more--><\/p>\n<p style=\"text-align: justify;\">JFdS: No seu epis\u00f3dio da miniss\u00e9rie, voc\u00ea aparenta demonstrar bastante carinho com seus alunos. Como tem sido o feedback? Foi dif\u00edcil manter os v\u00ednculos?<\/p>\n<p style=\"text-align: justify;\">AP: Realmente sou uma professora muito apaixonada, amo minha profiss\u00e3o e gosto de contato. Penso que a crian\u00e7a sabe quando somos verdadeiras e as tratamos com respeito e amor. E foi justamente o feedback delas que n\u00e3o me deixou desanimar. Recebi muito carinho, \u00e1udios, v\u00eddeos, homenagens, incentivos. Cada v\u00eddeo que eles me enviavam enchia meu cora\u00e7\u00e3o de alegria e coragem para prosseguir. A maioria dos alunos esteve lado a lado comigo. N\u00e3o foi f\u00e1cil, mas juntos fizemos muitas coisas e a aprendizagem foi acontecendo.<\/p>\n<p style=\"text-align: justify;\">JFdS: Houve diferen\u00e7a na rela\u00e7\u00e3o com os pais? Com o ensino \u00e0 dist\u00e2ncia, eles se tornaram mais presentes no processo de educa\u00e7\u00e3o dos filhos?<\/p>\n<p style=\"text-align: justify;\">AP: Especialmente na educa\u00e7\u00e3o infantil os pais foram essenciais e se envolveram mais na educa\u00e7\u00e3o dos filhos. As crian\u00e7as necessitavam do aux\u00edlio do respons\u00e1vel e muitos deles se transformaram em professores, claro que havia a inseguran\u00e7a, muitas vezes a falta de paci\u00eancia, mas com jeitinho n\u00f3s \u00edamos trocando ideias, sempre que eles precisavam, me ligavam, n\u00f3s convers\u00e1vamos e busc\u00e1vamos solu\u00e7\u00f5es. T\u00ednhamos que entender a crian\u00e7a, que perdeu seu espa\u00e7o e os pais que de repente se transformaram em professores. Eu estava passando pelos mesmos desafios com dois filhos em idade escolar dentro de casa, ent\u00e3o busc\u00e1vamos trocar nossas experi\u00eancias e encontrar o caminho juntos. O desafio era gigante e, infelizmente, algumas fam\u00edlias n\u00e3o conseguiram.<\/p>\n<p style=\"text-align: justify;\">JFdS: Al\u00e9m de que a pandemia se trate de um evento de circunst\u00e2ncias excepcionais, houve algum aspecto ou situa\u00e7\u00e3o que a surpreendeu durante o ensino remoto?<\/p>\n<p style=\"text-align: justify;\">AP: O que me surpreendeu foi o envolvimento das crian\u00e7as, pois quando gravei o primeiro v\u00eddeo pensei que eles n\u00e3o teriam paci\u00eancia de parar para assistir, mas eles gostaram, ficaram felizes. De repente est\u00e1vamos interagindo por uma c\u00e2mera, um celular. O retorno deles me surpreendeu muito. E a maneira de se reinventar e fazer a educa\u00e7\u00e3o acontecer foi fant\u00e1stico.<\/p>\n<p style=\"text-align: justify;\">JFdS: Voc\u00ea enxerga alguma consequ\u00eancia da pandemia de Covid-19 para a educa\u00e7\u00e3o brasileira em um futuro pr\u00f3ximo?<\/p>\n<p style=\"text-align: justify;\">AP: Infelizmente o impacto ser\u00e1 enorme. A defasagem, o abandono, at\u00e9 mesmo a evas\u00e3o escolar, muitos alunos ficaram perdidos. Eu trabalho com os anos finais do ensino fundamental e acho que para eles foi ainda pior. A dificuldade da aprendizagem, o desinteresse, muitas vezes a falta da tecnologia, nem todos tinham acesso aos aplicativos, a internet e ficaram perdidos. Como s\u00e3o maiores, a maioria n\u00e3o teve o apoio familiar. As fam\u00edlias n\u00e3o tinham condi\u00e7\u00e3o de assumir o papel do professor, tinham seus afazeres e dificuldades em acompanhar os filhos e, com isso eles acabaram sendo muito prejudicados. Com certeza teremos que ter planejamentos e estrat\u00e9gias para recuperar a aprendizagem.<\/p>\n<p style=\"text-align: justify;\">JFdS: Qual foi a sua rea\u00e7\u00e3o ao saber que venceu o concurso? J\u00e1 esperava por isso?<\/p>\n<p style=\"text-align: justify;\">AP: Na verdade n\u00e3o esperava nem passar pela primeira fase do concurso e de repente estava l\u00e1 entre os 5 selecionados. Todas as hist\u00f3rias contadas foram lindas e cheias de verdade, de humanidade, de amor e de supera\u00e7\u00e3o. Falamos sobre o que vivemos, ent\u00e3o qualquer um de n\u00f3s podia ganhar e era merecido. Quando foi para a vota\u00e7\u00e3o popular eu achei que n\u00e3o teria chance, n\u00e3o sou t\u00e3o conhecida assim. Mas recebi tanto carinho, tanto apoio da minha fam\u00edlia, dos meus amigos, das minhas escolas, dos meus alunos, da minha igreja&#8230; Foi algo inexplic\u00e1vel, o tempo todo eu recebia mensagens de pessoas que nem esperava demonstrando apoio e dizendo &#8220;estou votando muito em voc\u00ea&#8221;. Eu vivi dias incr\u00edveis, cheios de amor e carinho chegando de todos os lugares. Foi uma experi\u00eancia \u00edmpar que ficar\u00e1 guardada em meu cora\u00e7\u00e3o, marcou minha vida.<\/p>\n<p><a href=\"http:\/\/folhadosudeste.com\/site\/wp-content\/uploads\/2021\/10\/WhatsApp-Image-2021-10-23-at-21.45.49.jpeg\"><img loading=\"lazy\" decoding=\"async\" class=\"alignnone size-full wp-image-78216\" src=\"http:\/\/folhadosudeste.com\/site\/wp-content\/uploads\/2021\/10\/WhatsApp-Image-2021-10-23-at-21.45.49.jpeg\" alt=\"\" width=\"847\" height=\"1280\" srcset=\"https:\/\/folhadosudeste.com\/site\/wp-content\/uploads\/2021\/10\/WhatsApp-Image-2021-10-23-at-21.45.49.jpeg 847w, https:\/\/folhadosudeste.com\/site\/wp-content\/uploads\/2021\/10\/WhatsApp-Image-2021-10-23-at-21.45.49-199x300.jpeg 199w, https:\/\/folhadosudeste.com\/site\/wp-content\/uploads\/2021\/10\/WhatsApp-Image-2021-10-23-at-21.45.49-768x1161.jpeg 768w, https:\/\/folhadosudeste.com\/site\/wp-content\/uploads\/2021\/10\/WhatsApp-Image-2021-10-23-at-21.45.49-678x1024.jpeg 678w\" sizes=\"auto, (max-width: 847px) 100vw, 847px\" \/><\/a><\/p>\n","protected":false},"excerpt":{"rendered":"<p>Em comemora\u00e7\u00e3o ao Dia dos Professores, que ocorreu na sexta-feira (15), a Prefeitura de Muria\u00e9, iniciativa da Secretaria Municipal de Educa\u00e7\u00e3o, prepararam um grande concurso para homenagear a classe dos docentes, que precisou reinventar-se profissionalmente em raz\u00e3o da adapta\u00e7\u00e3o para o sistema de ensino remoto, ocasionado pelas medidas de distanciamento social para conten\u00e7\u00e3o do cont\u00e1gio [&hellip;]<\/p>\n","protected":false},"author":6,"featured_media":0,"comment_status":"open","ping_status":"closed","sticky":false,"template":"","format":"standard","meta":{"_joinchat":[],"footnotes":""},"categories":[1],"tags":[],"class_list":["post-78214","post","type-post","status-publish","format-standard","hentry","category-sem-categoria"],"_links":{"self":[{"href":"https:\/\/folhadosudeste.com\/site\/index.php?rest_route=\/wp\/v2\/posts\/78214","targetHints":{"allow":["GET"]}}],"collection":[{"href":"https:\/\/folhadosudeste.com\/site\/index.php?rest_route=\/wp\/v2\/posts"}],"about":[{"href":"https:\/\/folhadosudeste.com\/site\/index.php?rest_route=\/wp\/v2\/types\/post"}],"author":[{"embeddable":true,"href":"https:\/\/folhadosudeste.com\/site\/index.php?rest_route=\/wp\/v2\/users\/6"}],"replies":[{"embeddable":true,"href":"https:\/\/folhadosudeste.com\/site\/index.php?rest_route=%2Fwp%2Fv2%2Fcomments&post=78214"}],"version-history":[{"count":1,"href":"https:\/\/folhadosudeste.com\/site\/index.php?rest_route=\/wp\/v2\/posts\/78214\/revisions"}],"predecessor-version":[{"id":78217,"href":"https:\/\/folhadosudeste.com\/site\/index.php?rest_route=\/wp\/v2\/posts\/78214\/revisions\/78217"}],"wp:attachment":[{"href":"https:\/\/folhadosudeste.com\/site\/index.php?rest_route=%2Fwp%2Fv2%2Fmedia&parent=78214"}],"wp:term":[{"taxonomy":"category","embeddable":true,"href":"https:\/\/folhadosudeste.com\/site\/index.php?rest_route=%2Fwp%2Fv2%2Fcategories&post=78214"},{"taxonomy":"post_tag","embeddable":true,"href":"https:\/\/folhadosudeste.com\/site\/index.php?rest_route=%2Fwp%2Fv2%2Ftags&post=78214"}],"curies":[{"name":"wp","href":"https:\/\/api.w.org\/{rel}","templated":true}]}}