{"id":78314,"date":"2021-10-25T22:38:20","date_gmt":"2021-10-25T22:38:20","guid":{"rendered":"http:\/\/folhadosudeste.com\/site\/?p=78314"},"modified":"2021-10-25T22:38:59","modified_gmt":"2021-10-25T22:38:59","slug":"muriae-chegou-nesta-segunda-feira-ao-24o-dia-seguido-sem-mortes-provocadas-pela-covid-19","status":"publish","type":"post","link":"https:\/\/folhadosudeste.com\/site\/?p=78314","title":{"rendered":"Muria\u00e9 chegou nesta segunda-feira ao 24\u00ba dia seguido sem mortes provocadas pela covid-19."},"content":{"rendered":"<div><a href=\"http:\/\/folhadosudeste.com\/site\/wp-content\/uploads\/2021\/10\/25102021.jpeg\"><img loading=\"lazy\" decoding=\"async\" class=\"alignnone size-full wp-image-78315\" src=\"http:\/\/folhadosudeste.com\/site\/wp-content\/uploads\/2021\/10\/25102021.jpeg\" alt=\"\" width=\"1080\" height=\"1080\" srcset=\"https:\/\/folhadosudeste.com\/site\/wp-content\/uploads\/2021\/10\/25102021.jpeg 1080w, https:\/\/folhadosudeste.com\/site\/wp-content\/uploads\/2021\/10\/25102021-150x150.jpeg 150w, https:\/\/folhadosudeste.com\/site\/wp-content\/uploads\/2021\/10\/25102021-300x300.jpeg 300w, https:\/\/folhadosudeste.com\/site\/wp-content\/uploads\/2021\/10\/25102021-768x768.jpeg 768w, https:\/\/folhadosudeste.com\/site\/wp-content\/uploads\/2021\/10\/25102021-1024x1024.jpeg 1024w\" sizes=\"auto, (max-width: 1080px) 100vw, 1080px\" \/><\/a><\/div>\n<div>&nbsp;<\/div>\n<div style=\"text-align: justify;\">Desde o \u00faltimo boletim, publicado na sexta-feira, tr\u00eas novos casos foram confirmados na cidade. O n\u00famero de pacientes ativos, por\u00e9m, permaneceu igual: oito no total, dos quais dois est\u00e3o internados.<\/div>\n<div style=\"text-align: justify;\">&nbsp;<\/div>\n<div style=\"text-align: justify;\">A m\u00e9dia m\u00f3vel, que considera apenas dados dos \u00faltimos 14 dias, segue em queda: atualmente, \u00e9 de 1,21 casos di\u00e1rios. O \u00edndice \u00e9 69% mais baixo que a m\u00e9dia do per\u00edodo anterior.<\/div>\n<div style=\"text-align: justify;\">&nbsp;<\/div>\n<div style=\"text-align: justify;\">Veja os n\u00fameros completos de hoje (25\/10\/2021):<\/div>\n<div style=\"text-align: justify;\">&nbsp;<\/div>\n<div style=\"text-align: justify;\">VACINA\u00c7\u00c3O (at\u00e9 22\/10)<\/div>\n<div style=\"text-align: justify;\">Parcialmente vacinados: 84.191 pessoas (76,96%)<\/div>\n<div style=\"text-align: justify;\">Totalmente vacinados: 58.139 pessoas (53,15%)<\/div>\n<div style=\"text-align: justify;\">Dose de refor\u00e7o \/ adicional: 4.689 pessoas (4,29%)<\/div>\n<div style=\"text-align: justify;\">&nbsp;<\/div>\n<div style=\"text-align: justify;\">CASOS<\/div>\n<div style=\"text-align: justify;\">Total de casos confirmados: 11.867 (+03)<\/div>\n<div style=\"text-align: justify;\">Pacientes ativos: 08<\/div>\n<div style=\"text-align: justify;\">Pacientes curados: 11.543<\/div>\n<div style=\"text-align: justify;\">\u00d3bitos: 316<\/div>\n<div style=\"text-align: justify;\">Investigados \/ Monitorados: 25<\/div>\n<div style=\"text-align: justify;\">Negativos: 14.905<\/div>\n","protected":false},"excerpt":{"rendered":"<p>&nbsp; Desde o \u00faltimo boletim, publicado na sexta-feira, tr\u00eas novos casos foram confirmados na cidade. O n\u00famero de pacientes ativos, por\u00e9m, permaneceu igual: oito no total, dos quais dois est\u00e3o internados. &nbsp; A m\u00e9dia m\u00f3vel, que considera apenas dados dos \u00faltimos 14 dias, segue em queda: atualmente, \u00e9 de 1,21 casos di\u00e1rios. O \u00edndice \u00e9 [&hellip;]<\/p>\n","protected":false},"author":6,"featured_media":0,"comment_status":"open","ping_status":"closed","sticky":false,"template":"","format":"standard","meta":{"_joinchat":[],"footnotes":""},"categories":[1],"tags":[],"class_list":["post-78314","post","type-post","status-publish","format-standard","hentry","category-sem-categoria"],"_links":{"self":[{"href":"https:\/\/folhadosudeste.com\/site\/index.php?rest_route=\/wp\/v2\/posts\/78314","targetHints":{"allow":["GET"]}}],"collection":[{"href":"https:\/\/folhadosudeste.com\/site\/index.php?rest_route=\/wp\/v2\/posts"}],"about":[{"href":"https:\/\/folhadosudeste.com\/site\/index.php?rest_route=\/wp\/v2\/types\/post"}],"author":[{"embeddable":true,"href":"https:\/\/folhadosudeste.com\/site\/index.php?rest_route=\/wp\/v2\/users\/6"}],"replies":[{"embeddable":true,"href":"https:\/\/folhadosudeste.com\/site\/index.php?rest_route=%2Fwp%2Fv2%2Fcomments&post=78314"}],"version-history":[{"count":1,"href":"https:\/\/folhadosudeste.com\/site\/index.php?rest_route=\/wp\/v2\/posts\/78314\/revisions"}],"predecessor-version":[{"id":78316,"href":"https:\/\/folhadosudeste.com\/site\/index.php?rest_route=\/wp\/v2\/posts\/78314\/revisions\/78316"}],"wp:attachment":[{"href":"https:\/\/folhadosudeste.com\/site\/index.php?rest_route=%2Fwp%2Fv2%2Fmedia&parent=78314"}],"wp:term":[{"taxonomy":"category","embeddable":true,"href":"https:\/\/folhadosudeste.com\/site\/index.php?rest_route=%2Fwp%2Fv2%2Fcategories&post=78314"},{"taxonomy":"post_tag","embeddable":true,"href":"https:\/\/folhadosudeste.com\/site\/index.php?rest_route=%2Fwp%2Fv2%2Ftags&post=78314"}],"curies":[{"name":"wp","href":"https:\/\/api.w.org\/{rel}","templated":true}]}}