{"id":78321,"date":"2021-10-26T19:57:40","date_gmt":"2021-10-26T19:57:40","guid":{"rendered":"http:\/\/folhadosudeste.com\/site\/?p=78321"},"modified":"2021-10-26T19:57:40","modified_gmt":"2021-10-26T19:57:40","slug":"fundarte-e-gab-oferecem-aulas-de-danca-em-belisario","status":"publish","type":"post","link":"https:\/\/folhadosudeste.com\/site\/?p=78321","title":{"rendered":"Fundarte e GAB oferecem aulas de Dan\u00e7a em Belis\u00e1rio"},"content":{"rendered":"<div id=\":222\" class=\"ii gt\">\n<div id=\":221\" class=\"a3s aiL \">\n<div>\n<div>\n<div>\n<p align=\"justify\"><a href=\"http:\/\/folhadosudeste.com\/site\/wp-content\/uploads\/2021\/10\/dan\u00e7a-Belis\u00e1rio.5.jpg\"><img loading=\"lazy\" decoding=\"async\" class=\"alignnone size-full wp-image-78322\" src=\"http:\/\/folhadosudeste.com\/site\/wp-content\/uploads\/2021\/10\/dan\u00e7a-Belis\u00e1rio.5.jpg\" alt=\"\" width=\"720\" height=\"508\" srcset=\"https:\/\/folhadosudeste.com\/site\/wp-content\/uploads\/2021\/10\/dan\u00e7a-Belis\u00e1rio.5.jpg 720w, https:\/\/folhadosudeste.com\/site\/wp-content\/uploads\/2021\/10\/dan\u00e7a-Belis\u00e1rio.5-300x212.jpg 300w\" sizes=\"auto, (max-width: 720px) 100vw, 720px\" \/><\/a><\/p>\n<p align=\"justify\">Jovens e crian\u00e7as que residem em Belis\u00e1rio, distrito localizado a 33 km da \u00e1rea urbana, recebem aulas de ballet, zumba e jazz com professor do \u2018Est\u00fadio Dan\u00e7a Ballet na Serra\u2019, por meio da parceria firmada entre a Fundarte e Grupo de Artes\u00e3os de Belis\u00e1rio (GAB).<\/p>\n<p align=\"justify\">Os moradores da localidade se mostravam interessados em aulas de dan\u00e7a, mas, a op\u00e7\u00e3o at\u00e9 ent\u00e3o era a \u2018Escola de Dan\u00e7a Jorge Barroca\u2019, localizada na zona urbana, o que dificultava a participa\u00e7\u00e3o dos moradores daquele distrito. \u201cN\u00f3s firmamos esta parceria para oferecer ballet, dan\u00e7a contempor\u00e2nea e jazz de forma continuada\u201d, enfatizou a diretora da Fundarte, Gilca Napier.<\/p>\n<p align=\"justify\">As aulas de Baby Class, Preparat\u00f3rio, 1\u00ba ano ou Zumba acontecem todos os s\u00e1bados nos hor\u00e1rios de 13h30, 14h30 e 16h30. A oportunidade vem gerando uma crescente procura de vagas para novas modalidades que envolvam o p\u00fablico adulto.<\/p>\n<p align=\"justify\">A parceria entre a Funda\u00e7\u00e3o de Cultura e Artes de Muria\u00e9 e Grupo de Artes\u00e3o de Belis\u00e1rio existe desde 2005 com a realiza\u00e7\u00e3o de atividades tur\u00edsticas como Cavalgada, Festival de Queijos e Vinhos, Natal em Belis\u00e1rio, Exposi\u00e7\u00e3o Agropecu\u00e1ria, dentre outras. \u201cCom este novo conv\u00eanio firmado, fortaleceremos ainda mais a realiza\u00e7\u00e3o dos eventos de artes e entretenimento, levando cultura a todos os muriaeenses\u201d, destacou Gilca Napier lembrando que a inaugura\u00e7\u00e3o oficial do espa\u00e7o ocorrer\u00e1 no m\u00eas de novembro.<\/p>\n<\/div>\n<\/div>\n<\/div>\n<\/div>\n<\/div>\n<p><!--more--><\/p>\n<p align=\"justify\">Desde o come\u00e7o do ano a Fundarte vem mapeando os distritos de Muria\u00e9, levantando as demandas e procurando valorizar as localidades. Para isto vem implantando projetos de inclus\u00e3o social para as comunidades situadas nesta \u00e1rea da cidade, no sentido de assegurar as condi\u00e7\u00f5es saud\u00e1veis a todos, principalmente para jovens e crian\u00e7as.<\/p>\n<p align=\"justify\">A Administra\u00e7\u00e3o Municipal 2021\/2024 investe na dignidade do ser humano. \u201cOnde houver uma s\u00f3 pessoa, l\u00e1 estar\u00e1 a Prefeitura de Muria\u00e9 levando cultura, sa\u00fade, assist\u00eancia social, esporte, lazer, obras, infraestrutura e tantos outros servi\u00e7os necess\u00e1rios para garantir o bem-estar e os direitos sociais de cada morador dos distritos\u201d, acrescentou Gilca Napier.<\/p>\n<p align=\"justify\"><a href=\"http:\/\/folhadosudeste.com\/site\/wp-content\/uploads\/2021\/10\/Dan\u00e7a-Belis\u00e1rio.4.jpg\"><img loading=\"lazy\" decoding=\"async\" class=\"alignnone size-full wp-image-78323\" src=\"http:\/\/folhadosudeste.com\/site\/wp-content\/uploads\/2021\/10\/Dan\u00e7a-Belis\u00e1rio.4.jpg\" alt=\"\" width=\"1200\" height=\"1120\" srcset=\"https:\/\/folhadosudeste.com\/site\/wp-content\/uploads\/2021\/10\/Dan\u00e7a-Belis\u00e1rio.4.jpg 1200w, https:\/\/folhadosudeste.com\/site\/wp-content\/uploads\/2021\/10\/Dan\u00e7a-Belis\u00e1rio.4-300x280.jpg 300w, https:\/\/folhadosudeste.com\/site\/wp-content\/uploads\/2021\/10\/Dan\u00e7a-Belis\u00e1rio.4-768x717.jpg 768w, https:\/\/folhadosudeste.com\/site\/wp-content\/uploads\/2021\/10\/Dan\u00e7a-Belis\u00e1rio.4-1024x956.jpg 1024w\" sizes=\"auto, (max-width: 1200px) 100vw, 1200px\" \/><\/a><\/p>\n<div id=\":23d\" class=\"hq gt\">&nbsp;<\/div>\n","protected":false},"excerpt":{"rendered":"<p>Jovens e crian\u00e7as que residem em Belis\u00e1rio, distrito localizado a 33 km da \u00e1rea urbana, recebem aulas de ballet, zumba e jazz com professor do \u2018Est\u00fadio Dan\u00e7a Ballet na Serra\u2019, por meio da parceria firmada entre a Fundarte e Grupo de Artes\u00e3os de Belis\u00e1rio (GAB). Os moradores da localidade se mostravam interessados em aulas de [&hellip;]<\/p>\n","protected":false},"author":6,"featured_media":0,"comment_status":"open","ping_status":"closed","sticky":false,"template":"","format":"standard","meta":{"_joinchat":[],"footnotes":""},"categories":[1],"tags":[],"class_list":["post-78321","post","type-post","status-publish","format-standard","hentry","category-sem-categoria"],"_links":{"self":[{"href":"https:\/\/folhadosudeste.com\/site\/index.php?rest_route=\/wp\/v2\/posts\/78321","targetHints":{"allow":["GET"]}}],"collection":[{"href":"https:\/\/folhadosudeste.com\/site\/index.php?rest_route=\/wp\/v2\/posts"}],"about":[{"href":"https:\/\/folhadosudeste.com\/site\/index.php?rest_route=\/wp\/v2\/types\/post"}],"author":[{"embeddable":true,"href":"https:\/\/folhadosudeste.com\/site\/index.php?rest_route=\/wp\/v2\/users\/6"}],"replies":[{"embeddable":true,"href":"https:\/\/folhadosudeste.com\/site\/index.php?rest_route=%2Fwp%2Fv2%2Fcomments&post=78321"}],"version-history":[{"count":1,"href":"https:\/\/folhadosudeste.com\/site\/index.php?rest_route=\/wp\/v2\/posts\/78321\/revisions"}],"predecessor-version":[{"id":78324,"href":"https:\/\/folhadosudeste.com\/site\/index.php?rest_route=\/wp\/v2\/posts\/78321\/revisions\/78324"}],"wp:attachment":[{"href":"https:\/\/folhadosudeste.com\/site\/index.php?rest_route=%2Fwp%2Fv2%2Fmedia&parent=78321"}],"wp:term":[{"taxonomy":"category","embeddable":true,"href":"https:\/\/folhadosudeste.com\/site\/index.php?rest_route=%2Fwp%2Fv2%2Fcategories&post=78321"},{"taxonomy":"post_tag","embeddable":true,"href":"https:\/\/folhadosudeste.com\/site\/index.php?rest_route=%2Fwp%2Fv2%2Ftags&post=78321"}],"curies":[{"name":"wp","href":"https:\/\/api.w.org\/{rel}","templated":true}]}}