{"id":78325,"date":"2021-10-26T20:00:13","date_gmt":"2021-10-26T20:00:13","guid":{"rendered":"http:\/\/folhadosudeste.com\/site\/?p=78325"},"modified":"2021-10-26T20:00:13","modified_gmt":"2021-10-26T20:00:13","slug":"com-dois-novos-casos-de-covid-registrados-na-ultimas-24-horas-muriae-esta-no-momento-com-10-pessoas-em-recuperacao-da-doenca","status":"publish","type":"post","link":"https:\/\/folhadosudeste.com\/site\/?p=78325","title":{"rendered":"Com dois novos casos de covid registrados na \u00faltimas 24 horas, Muria\u00e9 est\u00e1 no momento com 10 pessoas em recupera\u00e7\u00e3o da doen\u00e7a."},"content":{"rendered":"<div style=\"text-align: justify;\"><a href=\"http:\/\/folhadosudeste.com\/site\/wp-content\/uploads\/2021\/10\/26102021.jpeg\"><img loading=\"lazy\" decoding=\"async\" class=\"alignnone size-full wp-image-78326\" src=\"http:\/\/folhadosudeste.com\/site\/wp-content\/uploads\/2021\/10\/26102021.jpeg\" alt=\"\" width=\"1080\" height=\"1080\" srcset=\"https:\/\/folhadosudeste.com\/site\/wp-content\/uploads\/2021\/10\/26102021.jpeg 1080w, https:\/\/folhadosudeste.com\/site\/wp-content\/uploads\/2021\/10\/26102021-150x150.jpeg 150w, https:\/\/folhadosudeste.com\/site\/wp-content\/uploads\/2021\/10\/26102021-300x300.jpeg 300w, https:\/\/folhadosudeste.com\/site\/wp-content\/uploads\/2021\/10\/26102021-768x768.jpeg 768w, https:\/\/folhadosudeste.com\/site\/wp-content\/uploads\/2021\/10\/26102021-1024x1024.jpeg 1024w\" sizes=\"auto, (max-width: 1080px) 100vw, 1080px\" \/><\/a><\/div>\n<div style=\"text-align: justify;\">&nbsp;<\/div>\n<div style=\"text-align: justify;\">Do total de pacientes ativos, tr\u00eas est\u00e3o internados &#8211; um em enfermaria e dois em UTI, sendo um sob intuba\u00e7\u00e3o.<\/div>\n<div style=\"text-align: justify;\">&nbsp;<\/div>\n<div style=\"text-align: justify;\">A m\u00e9dia m\u00f3vel atual, que considera apenas os n\u00fameros das \u00faltimas duas semanas, \u00e9 de 1,36 casos di\u00e1rios. O \u00edndice \u00e9 53% mais baixo que o do per\u00edodo anterior.<\/div>\n<div style=\"text-align: justify;\">&nbsp;<\/div>\n<div style=\"text-align: justify;\">A cidade segue sem registrar \u00f3bitos provocados pela covid-19, totalizando 25 dias seguidos sem mortes.<\/div>\n<div style=\"text-align: justify;\">&nbsp;<\/div>\n<div style=\"text-align: justify;\">Veja os n\u00fameros completos de hoje (26\/10\/2021):<\/div>\n<div style=\"text-align: justify;\">&nbsp;<\/div>\n<div style=\"text-align: justify;\">VACINA\u00c7\u00c3O (at\u00e9 25\/10)<\/div>\n<div style=\"text-align: justify;\">Parcialmente vacinados: 84.208 pessoas (76,98%)<\/div>\n<div style=\"text-align: justify;\">Totalmente vacinados: 58.324 pessoas (53,32%)<\/div>\n<div style=\"text-align: justify;\">Dose de refor\u00e7o \/ adicional: 5.010 pessoas (4,58%)<\/div>\n<div style=\"text-align: justify;\">&nbsp;<\/div>\n<div style=\"text-align: justify;\">CASOS<\/div>\n<div style=\"text-align: justify;\">Total de casos confirmados: 11.869 (+02)<\/div>\n<div style=\"text-align: justify;\">Pacientes ativos: 10<\/div>\n<div style=\"text-align: justify;\">Pacientes curados: 11.543<\/div>\n<div style=\"text-align: justify;\">\u00d3bitos: 316<\/div>\n<div style=\"text-align: justify;\">Investigados \/ Monitorados: 30<\/div>\n<div style=\"text-align: justify;\">Negativos: 14.949<\/div>\n","protected":false},"excerpt":{"rendered":"<p>&nbsp; Do total de pacientes ativos, tr\u00eas est\u00e3o internados &#8211; um em enfermaria e dois em UTI, sendo um sob intuba\u00e7\u00e3o. &nbsp; A m\u00e9dia m\u00f3vel atual, que considera apenas os n\u00fameros das \u00faltimas duas semanas, \u00e9 de 1,36 casos di\u00e1rios. O \u00edndice \u00e9 53% mais baixo que o do per\u00edodo anterior. &nbsp; A cidade segue [&hellip;]<\/p>\n","protected":false},"author":6,"featured_media":0,"comment_status":"open","ping_status":"closed","sticky":false,"template":"","format":"standard","meta":{"_joinchat":[],"footnotes":""},"categories":[1],"tags":[],"class_list":["post-78325","post","type-post","status-publish","format-standard","hentry","category-sem-categoria"],"_links":{"self":[{"href":"https:\/\/folhadosudeste.com\/site\/index.php?rest_route=\/wp\/v2\/posts\/78325","targetHints":{"allow":["GET"]}}],"collection":[{"href":"https:\/\/folhadosudeste.com\/site\/index.php?rest_route=\/wp\/v2\/posts"}],"about":[{"href":"https:\/\/folhadosudeste.com\/site\/index.php?rest_route=\/wp\/v2\/types\/post"}],"author":[{"embeddable":true,"href":"https:\/\/folhadosudeste.com\/site\/index.php?rest_route=\/wp\/v2\/users\/6"}],"replies":[{"embeddable":true,"href":"https:\/\/folhadosudeste.com\/site\/index.php?rest_route=%2Fwp%2Fv2%2Fcomments&post=78325"}],"version-history":[{"count":1,"href":"https:\/\/folhadosudeste.com\/site\/index.php?rest_route=\/wp\/v2\/posts\/78325\/revisions"}],"predecessor-version":[{"id":78327,"href":"https:\/\/folhadosudeste.com\/site\/index.php?rest_route=\/wp\/v2\/posts\/78325\/revisions\/78327"}],"wp:attachment":[{"href":"https:\/\/folhadosudeste.com\/site\/index.php?rest_route=%2Fwp%2Fv2%2Fmedia&parent=78325"}],"wp:term":[{"taxonomy":"category","embeddable":true,"href":"https:\/\/folhadosudeste.com\/site\/index.php?rest_route=%2Fwp%2Fv2%2Fcategories&post=78325"},{"taxonomy":"post_tag","embeddable":true,"href":"https:\/\/folhadosudeste.com\/site\/index.php?rest_route=%2Fwp%2Fv2%2Ftags&post=78325"}],"curies":[{"name":"wp","href":"https:\/\/api.w.org\/{rel}","templated":true}]}}