{"id":78390,"date":"2021-10-28T12:35:25","date_gmt":"2021-10-28T12:35:25","guid":{"rendered":"http:\/\/folhadosudeste.com\/site\/?p=78390"},"modified":"2021-10-28T12:35:25","modified_gmt":"2021-10-28T12:35:25","slug":"prefeitura-prepara-cemiterio-para-dia-de-finados","status":"publish","type":"post","link":"https:\/\/folhadosudeste.com\/site\/?p=78390","title":{"rendered":"Prefeitura prepara cemit\u00e9rio para \u2018Dia de Finados\u2019"},"content":{"rendered":"<div id=\":pe\" class=\"ii gt\">\n<div id=\":pd\" class=\"a3s aiL \">\n<div>\n<div>\n<div>\n<p align=\"justify\"><a href=\"http:\/\/folhadosudeste.com\/site\/wp-content\/uploads\/2021\/10\/camiterio.capela-3.jpg\"><img loading=\"lazy\" decoding=\"async\" class=\"alignnone size-full wp-image-78391\" src=\"http:\/\/folhadosudeste.com\/site\/wp-content\/uploads\/2021\/10\/camiterio.capela-3.jpg\" alt=\"\" width=\"1280\" height=\"960\" srcset=\"https:\/\/folhadosudeste.com\/site\/wp-content\/uploads\/2021\/10\/camiterio.capela-3.jpg 1280w, https:\/\/folhadosudeste.com\/site\/wp-content\/uploads\/2021\/10\/camiterio.capela-3-300x225.jpg 300w, https:\/\/folhadosudeste.com\/site\/wp-content\/uploads\/2021\/10\/camiterio.capela-3-768x576.jpg 768w, https:\/\/folhadosudeste.com\/site\/wp-content\/uploads\/2021\/10\/camiterio.capela-3-1024x768.jpg 1024w\" sizes=\"auto, (max-width: 1280px) 100vw, 1280px\" \/><\/a><\/p>\n<p align=\"justify\">A Prefeitura de Muria\u00e9 e Demsur realizaram uma limpeza intensa do Cemit\u00e9rio Senhor do Bom Fim para deixar o ambiente preparado para visita\u00e7\u00e3o no \u2018Dia de Finados\u2019 que acontecer\u00e1 na pr\u00f3xima ter\u00e7a-feira (2). O recinto recebe grande volume de pessoas nestas datas, desde familiares que residem em outras cidades a moradores do munic\u00edpio.<\/p>\n<p align=\"justify\">Nas \u00faltimas semanas, o local passou por capina, limpeza dos corredores, recolhimento do lixo e entulho, bem como pintura da capela e fachada do cemit\u00e9rio. \u201cEstamos restabelecendo o espa\u00e7o. J\u00e1 retiramos o mato que germinou excessivamente por causa das constantes chuvas e estamos dando uma nova pintura na capelinha onde ser\u00e3o realizadas as celebra\u00e7\u00f5es. Quer\u00edamos pintar os jazigos, por\u00e9m o per\u00edodo chuvoso impediu\u201d, informou o diretor, Elias Santos.<\/p>\n<p align=\"justify\">Os cemit\u00e9rios ficar\u00e3o abertos, na ter\u00e7a-feira, de 7h \u00e0s 17h. Estima-se que uma m\u00e9dia de oito a 10 mil pessoas circular\u00e3o pelo local.<\/p>\n<p align=\"justify\">Haver\u00e3o celebra\u00e7\u00f5es no Cemit\u00e9rio Nosso Senhor do Bonfim 7h, 9h30 e 10h30. As duas primeiras ser\u00e3o das igrejas cat\u00f3licas do Centro e Barra e, no terceiro momento, ser\u00e1 um culto evang\u00e9lico.<\/p>\n<\/div>\n<\/div>\n<\/div>\n<\/div>\n<\/div>\n<p><!--more--><\/p>\n<div id=\":rk\" class=\"hq gt\">\n<div id=\":pd\" class=\"a3s aiL \">\n<div>\n<div>\n<div>\n<p align=\"justify\">Simultaneamente no hor\u00e1rio de 9 horas acontecer\u00e1 a missa no cemit\u00e9rio municipal II (antigo Jardim da Paz), proximidades do bairro Gaspar e BR-116.<\/p>\n<p align=\"justify\">No \u2018Dia de Finados\u2019, os funcion\u00e1rios dos cemit\u00e9rios locais estar\u00e3o trabalhando para dar as devidas informa\u00e7\u00f5es sobre a localiza\u00e7\u00e3o de cada jazigo. O caminh\u00e3o do Demsur, Pipinha, tamb\u00e9m estar\u00e1 de prontid\u00e3o, distribuindo \u00e1gua pot\u00e1vel para os visitantes. \u201cQuem desejar pode levar a garrafinha na bolsa e ench\u00ea-la para beber durante a visita\u00e7\u00e3o, mas tamb\u00e9m teremos copos descart\u00e1veis\u201d, concluiu a coordenadora do recinto, Rejane Pinheiro.<\/p>\n<p align=\"justify\"><a href=\"http:\/\/folhadosudeste.com\/site\/wp-content\/uploads\/2021\/10\/IMG_0010.jpg\"><img loading=\"lazy\" decoding=\"async\" class=\"alignnone size-full wp-image-78392\" src=\"http:\/\/folhadosudeste.com\/site\/wp-content\/uploads\/2021\/10\/IMG_0010.jpg\" alt=\"\" width=\"2048\" height=\"1365\" srcset=\"https:\/\/folhadosudeste.com\/site\/wp-content\/uploads\/2021\/10\/IMG_0010.jpg 2048w, https:\/\/folhadosudeste.com\/site\/wp-content\/uploads\/2021\/10\/IMG_0010-300x200.jpg 300w, https:\/\/folhadosudeste.com\/site\/wp-content\/uploads\/2021\/10\/IMG_0010-768x512.jpg 768w, https:\/\/folhadosudeste.com\/site\/wp-content\/uploads\/2021\/10\/IMG_0010-1024x683.jpg 1024w, https:\/\/folhadosudeste.com\/site\/wp-content\/uploads\/2021\/10\/IMG_0010-120x80.jpg 120w, https:\/\/folhadosudeste.com\/site\/wp-content\/uploads\/2021\/10\/IMG_0010-345x230.jpg 345w\" sizes=\"auto, (max-width: 2048px) 100vw, 2048px\" \/><\/a> <a href=\"http:\/\/folhadosudeste.com\/site\/wp-content\/uploads\/2021\/10\/cemi.1.jpg\"><img loading=\"lazy\" decoding=\"async\" class=\"alignnone size-full wp-image-78393\" src=\"http:\/\/folhadosudeste.com\/site\/wp-content\/uploads\/2021\/10\/cemi.1.jpg\" alt=\"\" width=\"1600\" height=\"1200\" srcset=\"https:\/\/folhadosudeste.com\/site\/wp-content\/uploads\/2021\/10\/cemi.1.jpg 1600w, https:\/\/folhadosudeste.com\/site\/wp-content\/uploads\/2021\/10\/cemi.1-300x225.jpg 300w, https:\/\/folhadosudeste.com\/site\/wp-content\/uploads\/2021\/10\/cemi.1-768x576.jpg 768w, https:\/\/folhadosudeste.com\/site\/wp-content\/uploads\/2021\/10\/cemi.1-1024x768.jpg 1024w\" sizes=\"auto, (max-width: 1600px) 100vw, 1600px\" \/><\/a> <a href=\"http:\/\/folhadosudeste.com\/site\/wp-content\/uploads\/2021\/10\/IMG_0003.jpg\"><img loading=\"lazy\" decoding=\"async\" class=\"alignnone size-full wp-image-78394\" src=\"http:\/\/folhadosudeste.com\/site\/wp-content\/uploads\/2021\/10\/IMG_0003.jpg\" alt=\"\" width=\"2048\" height=\"1365\" srcset=\"https:\/\/folhadosudeste.com\/site\/wp-content\/uploads\/2021\/10\/IMG_0003.jpg 2048w, https:\/\/folhadosudeste.com\/site\/wp-content\/uploads\/2021\/10\/IMG_0003-300x200.jpg 300w, https:\/\/folhadosudeste.com\/site\/wp-content\/uploads\/2021\/10\/IMG_0003-768x512.jpg 768w, https:\/\/folhadosudeste.com\/site\/wp-content\/uploads\/2021\/10\/IMG_0003-1024x683.jpg 1024w, https:\/\/folhadosudeste.com\/site\/wp-content\/uploads\/2021\/10\/IMG_0003-120x80.jpg 120w, https:\/\/folhadosudeste.com\/site\/wp-content\/uploads\/2021\/10\/IMG_0003-345x230.jpg 345w\" sizes=\"auto, (max-width: 2048px) 100vw, 2048px\" \/><\/a><\/p>\n<\/div>\n<\/div>\n<\/div>\n<\/div>\n<div class=\"yj6qo\">&nbsp;<\/div>\n<\/div>\n","protected":false},"excerpt":{"rendered":"<p>A Prefeitura de Muria\u00e9 e Demsur realizaram uma limpeza intensa do Cemit\u00e9rio Senhor do Bom Fim para deixar o ambiente preparado para visita\u00e7\u00e3o no \u2018Dia de Finados\u2019 que acontecer\u00e1 na pr\u00f3xima ter\u00e7a-feira (2). O recinto recebe grande volume de pessoas nestas datas, desde familiares que residem em outras cidades a moradores do munic\u00edpio. Nas \u00faltimas [&hellip;]<\/p>\n","protected":false},"author":6,"featured_media":0,"comment_status":"open","ping_status":"closed","sticky":false,"template":"","format":"standard","meta":{"_joinchat":[],"footnotes":""},"categories":[1],"tags":[],"class_list":["post-78390","post","type-post","status-publish","format-standard","hentry","category-sem-categoria"],"_links":{"self":[{"href":"https:\/\/folhadosudeste.com\/site\/index.php?rest_route=\/wp\/v2\/posts\/78390","targetHints":{"allow":["GET"]}}],"collection":[{"href":"https:\/\/folhadosudeste.com\/site\/index.php?rest_route=\/wp\/v2\/posts"}],"about":[{"href":"https:\/\/folhadosudeste.com\/site\/index.php?rest_route=\/wp\/v2\/types\/post"}],"author":[{"embeddable":true,"href":"https:\/\/folhadosudeste.com\/site\/index.php?rest_route=\/wp\/v2\/users\/6"}],"replies":[{"embeddable":true,"href":"https:\/\/folhadosudeste.com\/site\/index.php?rest_route=%2Fwp%2Fv2%2Fcomments&post=78390"}],"version-history":[{"count":1,"href":"https:\/\/folhadosudeste.com\/site\/index.php?rest_route=\/wp\/v2\/posts\/78390\/revisions"}],"predecessor-version":[{"id":78395,"href":"https:\/\/folhadosudeste.com\/site\/index.php?rest_route=\/wp\/v2\/posts\/78390\/revisions\/78395"}],"wp:attachment":[{"href":"https:\/\/folhadosudeste.com\/site\/index.php?rest_route=%2Fwp%2Fv2%2Fmedia&parent=78390"}],"wp:term":[{"taxonomy":"category","embeddable":true,"href":"https:\/\/folhadosudeste.com\/site\/index.php?rest_route=%2Fwp%2Fv2%2Fcategories&post=78390"},{"taxonomy":"post_tag","embeddable":true,"href":"https:\/\/folhadosudeste.com\/site\/index.php?rest_route=%2Fwp%2Fv2%2Ftags&post=78390"}],"curies":[{"name":"wp","href":"https:\/\/api.w.org\/{rel}","templated":true}]}}