{"id":78476,"date":"2021-10-29T15:57:57","date_gmt":"2021-10-29T15:57:57","guid":{"rendered":"http:\/\/folhadosudeste.com\/site\/?p=78476"},"modified":"2021-10-29T15:57:57","modified_gmt":"2021-10-29T15:57:57","slug":"casa-de-saude-realiza-nesta-sexta-evento-em-comemoracao-ao-dia-de-combate-ao-avc","status":"publish","type":"post","link":"https:\/\/folhadosudeste.com\/site\/?p=78476","title":{"rendered":"Casa de Sa\u00fade realiza nesta sexta evento em comemora\u00e7\u00e3o ao Dia de Combate ao AVC"},"content":{"rendered":"<p><a href=\"http:\/\/folhadosudeste.com\/site\/wp-content\/uploads\/2021\/10\/DSC03436_707x530-1.jpg\"><img loading=\"lazy\" decoding=\"async\" class=\"alignnone size-full wp-image-78477\" src=\"http:\/\/folhadosudeste.com\/site\/wp-content\/uploads\/2021\/10\/DSC03436_707x530-1.jpg\" alt=\"\" width=\"707\" height=\"530\" srcset=\"https:\/\/folhadosudeste.com\/site\/wp-content\/uploads\/2021\/10\/DSC03436_707x530-1.jpg 707w, https:\/\/folhadosudeste.com\/site\/wp-content\/uploads\/2021\/10\/DSC03436_707x530-1-300x225.jpg 300w\" sizes=\"auto, (max-width: 707px) 100vw, 707px\" \/><\/a><\/p>\n<p>A Casa de Sa\u00fade Santa L\u00facia estar\u00e1 realizando no Cristo Redentor de Muria\u00e9, nesta sexta feira (29), a partir das 16 horas, um evento em comemora\u00e7\u00e3o ao Dia de Combate ao AVC e com v\u00e1rios setores da sa\u00fade participando: m\u00e9dicos em tendas para falar da preven\u00e7\u00e3o e tratamento do AVC; tenda da equipe da Obesidade; equipe de enfermagem fazendo aferi\u00e7\u00e3o de press\u00e3o arterial e glicemia; fisioterapeutas incentivando as atividade f\u00edsicas, nutricionista e muita brincadeira para a crian\u00e7ada, al\u00e9m de algod\u00e3o doce, pipoca e DJ. A ambul\u00e2ncia da CSSL estar\u00e1 exposta no evento. O Cristo Redentor de Muria\u00e9 estar\u00e1 iluminado em azul, representando a cor de combate ao AVC.<\/p>\n","protected":false},"excerpt":{"rendered":"<p>A Casa de Sa\u00fade Santa L\u00facia estar\u00e1 realizando no Cristo Redentor de Muria\u00e9, nesta sexta feira (29), a partir das 16 horas, um evento em comemora\u00e7\u00e3o ao Dia de Combate ao AVC e com v\u00e1rios setores da sa\u00fade participando: m\u00e9dicos em tendas para falar da preven\u00e7\u00e3o e tratamento do AVC; tenda da equipe da Obesidade; [&hellip;]<\/p>\n","protected":false},"author":6,"featured_media":0,"comment_status":"open","ping_status":"closed","sticky":false,"template":"","format":"standard","meta":{"_joinchat":[],"footnotes":""},"categories":[1],"tags":[],"class_list":["post-78476","post","type-post","status-publish","format-standard","hentry","category-sem-categoria"],"_links":{"self":[{"href":"https:\/\/folhadosudeste.com\/site\/index.php?rest_route=\/wp\/v2\/posts\/78476","targetHints":{"allow":["GET"]}}],"collection":[{"href":"https:\/\/folhadosudeste.com\/site\/index.php?rest_route=\/wp\/v2\/posts"}],"about":[{"href":"https:\/\/folhadosudeste.com\/site\/index.php?rest_route=\/wp\/v2\/types\/post"}],"author":[{"embeddable":true,"href":"https:\/\/folhadosudeste.com\/site\/index.php?rest_route=\/wp\/v2\/users\/6"}],"replies":[{"embeddable":true,"href":"https:\/\/folhadosudeste.com\/site\/index.php?rest_route=%2Fwp%2Fv2%2Fcomments&post=78476"}],"version-history":[{"count":1,"href":"https:\/\/folhadosudeste.com\/site\/index.php?rest_route=\/wp\/v2\/posts\/78476\/revisions"}],"predecessor-version":[{"id":78478,"href":"https:\/\/folhadosudeste.com\/site\/index.php?rest_route=\/wp\/v2\/posts\/78476\/revisions\/78478"}],"wp:attachment":[{"href":"https:\/\/folhadosudeste.com\/site\/index.php?rest_route=%2Fwp%2Fv2%2Fmedia&parent=78476"}],"wp:term":[{"taxonomy":"category","embeddable":true,"href":"https:\/\/folhadosudeste.com\/site\/index.php?rest_route=%2Fwp%2Fv2%2Fcategories&post=78476"},{"taxonomy":"post_tag","embeddable":true,"href":"https:\/\/folhadosudeste.com\/site\/index.php?rest_route=%2Fwp%2Fv2%2Ftags&post=78476"}],"curies":[{"name":"wp","href":"https:\/\/api.w.org\/{rel}","templated":true}]}}