{"id":78540,"date":"2021-11-02T03:42:44","date_gmt":"2021-11-02T03:42:44","guid":{"rendered":"http:\/\/folhadosudeste.com\/site\/?p=78540"},"modified":"2021-11-02T03:56:38","modified_gmt":"2021-11-02T03:56:38","slug":"alerta-a-populacao-ribeirinha","status":"publish","type":"post","link":"https:\/\/folhadosudeste.com\/site\/?p=78540","title":{"rendered":"ALERTA \u00c0 POPULA\u00c7\u00c3O RIBEIRINHA"},"content":{"rendered":"<p style=\"text-align: justify;\"><a href=\"http:\/\/folhadosudeste.com\/site\/wp-content\/uploads\/2021\/11\/WhatsApp-Image-2021-11-02-at-00.41.04.jpeg\"><img loading=\"lazy\" decoding=\"async\" class=\"alignnone size-full wp-image-78541\" src=\"http:\/\/folhadosudeste.com\/site\/wp-content\/uploads\/2021\/11\/WhatsApp-Image-2021-11-02-at-00.41.04.jpeg\" alt=\"\" width=\"1242\" height=\"1472\" srcset=\"https:\/\/folhadosudeste.com\/site\/wp-content\/uploads\/2021\/11\/WhatsApp-Image-2021-11-02-at-00.41.04.jpeg 1242w, https:\/\/folhadosudeste.com\/site\/wp-content\/uploads\/2021\/11\/WhatsApp-Image-2021-11-02-at-00.41.04-253x300.jpeg 253w, https:\/\/folhadosudeste.com\/site\/wp-content\/uploads\/2021\/11\/WhatsApp-Image-2021-11-02-at-00.41.04-768x910.jpeg 768w, https:\/\/folhadosudeste.com\/site\/wp-content\/uploads\/2021\/11\/WhatsApp-Image-2021-11-02-at-00.41.04-864x1024.jpeg 864w\" sizes=\"auto, (max-width: 1242px) 100vw, 1242px\" \/><\/a><\/p>\n<p style=\"text-align: justify;\">Ap\u00f3s novos registros das Esta\u00e7\u00f5es Hidrol\u00f3gicas, como tamb\u00e9m, &#8216;in loco&#8217; dos agentes da Defesa Civil, estamos atualizando o cen\u00e1rio das cabeceiras dos Rios que cortam nossa \u00e1rea urbana:<br \/>\nRIO MURIA\u00c9: ap\u00f3s o Alerta, houve uma estabiliza\u00e7\u00e3o do seu n\u00edvel pr\u00f3ximo a cabeceira. Com isso, devido ao acumulado de chuvas nas \u00faltimas 24 horas, somado ao n\u00edvel que o mesmo encontra-se nesse momento e a possibilidade da continuidade das chuvas ( mesmo que de pequena intensidade ao longo da noite) faz com que o Alerta para POSSIBILIDADE de cheia continue mantido, por\u00e9m com probabilidade mais reduzida de ocorrer. Com isso, o monitoramento dos moradores pr\u00f3ximo a calha do Rio ao longo dessa noite se faz necess\u00e1rio por precau\u00e7\u00e3o.<br \/>\nRIO PRETO: Ap\u00f3s primeiro Alerta, houve uma pequena eleva\u00e7\u00e3o no seu n\u00edvel na cabeceira, por\u00e9m com possibilidades remotas para extrapolamento de sua calha no bairro S\u00e3o Jos\u00e9.<br \/>\nA partir desta ter\u00e7a feira (2\/11), a chuva deve continuar pela regi\u00e3o de forma mais espa\u00e7ada e em menor volume, possibilitando a vaz\u00e3o e escoamento dos rios que cortam nossa \u00e1rea urbana.<br \/>\nImportante ressaltar que o Alerta emitido pela Defesa Civil tem fun\u00e7\u00e3o importante de informar a popula\u00e7\u00e3o sobre o cen\u00e1rio de momento, como tamb\u00e9m, informar a POSSIBILIDADE de ocorr\u00eancia ap\u00f3s observados v\u00e1rios fatores moment\u00e2neos.<br \/>\nA Defesa Civil encontra-se nesse momento, ap\u00f3s atualiza\u00e7\u00e3o, em Estado de Aten\u00e7\u00e3o, mantendo o monitoramento, via esta\u00e7\u00f5es, do n\u00edvel dos Rios.<br \/>\nQuaisquer d\u00favidas, entrar em contato com a Defesa Civil atrav\u00e9s do Celular de Plant\u00e3o no (32) 99926-9846.<br \/>\nDEFESA CIVIL SOMOS TODOS N\u00d3S!<\/p>\n","protected":false},"excerpt":{"rendered":"<p>Ap\u00f3s novos registros das Esta\u00e7\u00f5es Hidrol\u00f3gicas, como tamb\u00e9m, &#8216;in loco&#8217; dos agentes da Defesa Civil, estamos atualizando o cen\u00e1rio das cabeceiras dos Rios que cortam nossa \u00e1rea urbana: RIO MURIA\u00c9: ap\u00f3s o Alerta, houve uma estabiliza\u00e7\u00e3o do seu n\u00edvel pr\u00f3ximo a cabeceira. Com isso, devido ao acumulado de chuvas nas \u00faltimas 24 horas, somado ao [&hellip;]<\/p>\n","protected":false},"author":6,"featured_media":0,"comment_status":"open","ping_status":"closed","sticky":false,"template":"","format":"standard","meta":{"_joinchat":[],"footnotes":""},"categories":[1],"tags":[],"class_list":["post-78540","post","type-post","status-publish","format-standard","hentry","category-sem-categoria"],"_links":{"self":[{"href":"https:\/\/folhadosudeste.com\/site\/index.php?rest_route=\/wp\/v2\/posts\/78540","targetHints":{"allow":["GET"]}}],"collection":[{"href":"https:\/\/folhadosudeste.com\/site\/index.php?rest_route=\/wp\/v2\/posts"}],"about":[{"href":"https:\/\/folhadosudeste.com\/site\/index.php?rest_route=\/wp\/v2\/types\/post"}],"author":[{"embeddable":true,"href":"https:\/\/folhadosudeste.com\/site\/index.php?rest_route=\/wp\/v2\/users\/6"}],"replies":[{"embeddable":true,"href":"https:\/\/folhadosudeste.com\/site\/index.php?rest_route=%2Fwp%2Fv2%2Fcomments&post=78540"}],"version-history":[{"count":3,"href":"https:\/\/folhadosudeste.com\/site\/index.php?rest_route=\/wp\/v2\/posts\/78540\/revisions"}],"predecessor-version":[{"id":78544,"href":"https:\/\/folhadosudeste.com\/site\/index.php?rest_route=\/wp\/v2\/posts\/78540\/revisions\/78544"}],"wp:attachment":[{"href":"https:\/\/folhadosudeste.com\/site\/index.php?rest_route=%2Fwp%2Fv2%2Fmedia&parent=78540"}],"wp:term":[{"taxonomy":"category","embeddable":true,"href":"https:\/\/folhadosudeste.com\/site\/index.php?rest_route=%2Fwp%2Fv2%2Fcategories&post=78540"},{"taxonomy":"post_tag","embeddable":true,"href":"https:\/\/folhadosudeste.com\/site\/index.php?rest_route=%2Fwp%2Fv2%2Ftags&post=78540"}],"curies":[{"name":"wp","href":"https:\/\/api.w.org\/{rel}","templated":true}]}}