{"id":78545,"date":"2021-11-03T12:20:43","date_gmt":"2021-11-03T12:20:43","guid":{"rendered":"http:\/\/folhadosudeste.com\/site\/?p=78545"},"modified":"2021-11-03T12:20:43","modified_gmt":"2021-11-03T12:20:43","slug":"energisa-leva-programa-de-eficiencia-energetica-para-instituicoes-e-cidades-de-minas","status":"publish","type":"post","link":"https:\/\/folhadosudeste.com\/site\/?p=78545","title":{"rendered":"Energisa Leva Programa De Efici\u00eancia Energ\u00e9tica Para Institui\u00e7\u00f5es E Cidades De Minas"},"content":{"rendered":"<p><a href=\"http:\/\/folhadosudeste.com\/site\/wp-content\/uploads\/2021\/11\/unnamed-2.jpg\">&nbsp; &nbsp; &nbsp; &nbsp; &nbsp; &nbsp; &nbsp; &nbsp; &nbsp; &nbsp; &nbsp; &nbsp;<img loading=\"lazy\" decoding=\"async\" class=\"alignnone size-full wp-image-78546\" src=\"http:\/\/folhadosudeste.com\/site\/wp-content\/uploads\/2021\/11\/unnamed-2.jpg\" alt=\"\" width=\"559\" height=\"423\" srcset=\"https:\/\/folhadosudeste.com\/site\/wp-content\/uploads\/2021\/11\/unnamed-2.jpg 559w, https:\/\/folhadosudeste.com\/site\/wp-content\/uploads\/2021\/11\/unnamed-2-300x227.jpg 300w\" sizes=\"auto, (max-width: 559px) 100vw, 559px\" \/><\/a><\/p>\n<p class=\"m_-5231060433570946572MsoNoSpacing\" align=\"center\"><i>Projeto em Ros\u00e1rio da Limeira foi realizado com parceria com a Prefeitura Municipal da cidade.<u><\/u><u><\/u><\/i><\/p>\n<p><a href=\"http:\/\/folhadosudeste.com\/site\/wp-content\/uploads\/2021\/11\/unnamed-1.jpg\"><img loading=\"lazy\" decoding=\"async\" class=\"alignnone size-full wp-image-78547\" src=\"http:\/\/folhadosudeste.com\/site\/wp-content\/uploads\/2021\/11\/unnamed-1.jpg\" alt=\"\" width=\"790\" height=\"297\" srcset=\"https:\/\/folhadosudeste.com\/site\/wp-content\/uploads\/2021\/11\/unnamed-1.jpg 790w, https:\/\/folhadosudeste.com\/site\/wp-content\/uploads\/2021\/11\/unnamed-1-300x113.jpg 300w, https:\/\/folhadosudeste.com\/site\/wp-content\/uploads\/2021\/11\/unnamed-1-768x289.jpg 768w\" sizes=\"auto, (max-width: 790px) 100vw, 790px\" \/><\/a><\/p>\n<p class=\"m_-5231060433570946572MsoNoSpacing\" style=\"text-align: justify;\">Pira\u00faba tamb\u00e9m est\u00e1 recebendo recursos de efici\u00eancia energ\u00e9tica em ilumina\u00e7\u00e3o p\u00fablica com a substitui\u00e7\u00e3o 194 pontos, um investimento de R$ 250 mil. A redu\u00e7\u00e3o do consumo de energia el\u00e9trica \u00e9 suficiente para abastecer 91 casas em um ano.<u><\/u><u><\/u><\/p>\n<p class=\"m_-5231060433570946572MsoNoSpacing\" style=\"text-align: justify;\"><u><\/u>&nbsp;<u><\/u>Eduardo Mantovani, diretor presidente da Energisa em Minas Gerais, lembra que projetos como esses proporcionam benef\u00edcio para as pessoas, com economia para os \u00f3rg\u00e3os e institui\u00e7\u00f5es beneficiadas. \u201c<i>Projetos de educa\u00e7\u00e3o, sa\u00fade e que visam maior seguran\u00e7a est\u00e3o entre as nossas prioridades no esfor\u00e7o de levar a\u00e7\u00f5es de efici\u00eancia energ\u00e9tica para as cidades. Sabemos que s\u00e3o segmentos que impactam diretamente na qualidade de vida da popula\u00e7\u00e3o\u201d.<\/i><u><\/u><u><\/u><\/p>\n<p class=\"m_-5231060433570946572MsoNoSpacing\" style=\"text-align: justify;\"><u><\/u>&nbsp;<u><\/u>Outros quatro projetos est\u00e3o em andamento e ser\u00e3o conclu\u00eddos at\u00e9 dezembro deste ano. Na \u00e1rea da sa\u00fade, o Hospital Cristiano Varella, em Muria\u00e9, est\u00e1 sendo contemplado com a eficientiza\u00e7\u00e3o energ\u00e9tica do sistema de ilumina\u00e7\u00e3o com a troca de 50 l\u00e2mpadas para LED, moderniza\u00e7\u00e3o de tr\u00eas aparelhos de ar-condicionado e instala\u00e7\u00e3o de um sistema de gera\u00e7\u00e3o solar com 78 placas fotovoltaicas com capacidade para produzir 31,77 MWh\/ano de energia. A perspectiva \u00e9 reduzir a conta de energia em cerca de R$ 40 mil por ano.<u><\/u><u><\/u><\/p>\n<p><!--more--><\/p>\n<p class=\"m_-5231060433570946572MsoNoSpacing\" style=\"text-align: justify;\"><u><\/u>&nbsp;<u><\/u>J\u00e1 na Educa\u00e7\u00e3o, duas escolas estaduais de Cataguases \u2013 Manoel In\u00e1cio Peixoto e Marieta Soares Teixeira \u2013 e as 13 escolas municipais de Erv\u00e1lia ser\u00e3o beneficiadas. Um investimento de mais de R$ 420 mil que abrange a substitui\u00e7\u00e3o de&nbsp;2.834 l\u00e2mpadas pelo modelo LED e a instala\u00e7\u00e3o de sistema de gera\u00e7\u00e3o solar nas tr\u00eas institui\u00e7\u00f5es de ensino, totalizando 158 placas fotovoltaicas com capacidade para produzir 72,9 MWh\/ano de energia. A perspectiva \u00e9 uma redu\u00e7\u00e3o de R$ 150 mil por ano nas contas de energia com redu\u00e7\u00e3o do consumo de energia el\u00e9trica equivalente ao consumo de 104 casas populares anualmente.<u><\/u><u><\/u><\/p>\n<p class=\"m_-5231060433570946572MsoNoSpacing\" style=\"text-align: justify;\"><u><\/u>&nbsp;<u><\/u>Todas as a\u00e7\u00f5es, que s\u00e3o viabilizadas por meio do Programa de Efici\u00eancia Energ\u00e9tica, regulado pela Ag\u00eancia Nacional de Energia El\u00e9trica (ANEEL\u200b), v\u00e3o economizar o equivalente ao consumo de cerca de 423&nbsp;casas populares por ano e evitar a emiss\u00e3o de 40,52 tCO2\/ano.<\/p>\n","protected":false},"excerpt":{"rendered":"<p>&nbsp; &nbsp; &nbsp; &nbsp; &nbsp; &nbsp; &nbsp; &nbsp; &nbsp; &nbsp; &nbsp; &nbsp; Projeto em Ros\u00e1rio da Limeira foi realizado com parceria com a Prefeitura Municipal da cidade. Pira\u00faba tamb\u00e9m est\u00e1 recebendo recursos de efici\u00eancia energ\u00e9tica em ilumina\u00e7\u00e3o p\u00fablica com a substitui\u00e7\u00e3o 194 pontos, um investimento de R$ 250 mil. A redu\u00e7\u00e3o do consumo de energia [&hellip;]<\/p>\n","protected":false},"author":6,"featured_media":0,"comment_status":"open","ping_status":"closed","sticky":false,"template":"","format":"standard","meta":{"_joinchat":[],"footnotes":""},"categories":[1],"tags":[],"class_list":["post-78545","post","type-post","status-publish","format-standard","hentry","category-sem-categoria"],"_links":{"self":[{"href":"https:\/\/folhadosudeste.com\/site\/index.php?rest_route=\/wp\/v2\/posts\/78545","targetHints":{"allow":["GET"]}}],"collection":[{"href":"https:\/\/folhadosudeste.com\/site\/index.php?rest_route=\/wp\/v2\/posts"}],"about":[{"href":"https:\/\/folhadosudeste.com\/site\/index.php?rest_route=\/wp\/v2\/types\/post"}],"author":[{"embeddable":true,"href":"https:\/\/folhadosudeste.com\/site\/index.php?rest_route=\/wp\/v2\/users\/6"}],"replies":[{"embeddable":true,"href":"https:\/\/folhadosudeste.com\/site\/index.php?rest_route=%2Fwp%2Fv2%2Fcomments&post=78545"}],"version-history":[{"count":1,"href":"https:\/\/folhadosudeste.com\/site\/index.php?rest_route=\/wp\/v2\/posts\/78545\/revisions"}],"predecessor-version":[{"id":78548,"href":"https:\/\/folhadosudeste.com\/site\/index.php?rest_route=\/wp\/v2\/posts\/78545\/revisions\/78548"}],"wp:attachment":[{"href":"https:\/\/folhadosudeste.com\/site\/index.php?rest_route=%2Fwp%2Fv2%2Fmedia&parent=78545"}],"wp:term":[{"taxonomy":"category","embeddable":true,"href":"https:\/\/folhadosudeste.com\/site\/index.php?rest_route=%2Fwp%2Fv2%2Fcategories&post=78545"},{"taxonomy":"post_tag","embeddable":true,"href":"https:\/\/folhadosudeste.com\/site\/index.php?rest_route=%2Fwp%2Fv2%2Ftags&post=78545"}],"curies":[{"name":"wp","href":"https:\/\/api.w.org\/{rel}","templated":true}]}}