{"id":78549,"date":"2021-11-03T12:27:09","date_gmt":"2021-11-03T12:27:09","guid":{"rendered":"http:\/\/folhadosudeste.com\/site\/?p=78549"},"modified":"2021-11-03T12:27:09","modified_gmt":"2021-11-03T12:27:09","slug":"dois-jovens-morrem-e-outro-fica-ferido-apos-carro-bater-em-arvore-em-juiz-de-fora","status":"publish","type":"post","link":"https:\/\/folhadosudeste.com\/site\/?p=78549","title":{"rendered":"Dois jovens morrem e outro fica ferido ap\u00f3s carro bater em \u00e1rvore em Juiz de Fora"},"content":{"rendered":"<h4 class=\"content-head__subtitle\" style=\"text-align: justify;\"><em>Acidente ocorreu por volta das 23h50 de ter\u00e7a-feira (2) na Avenida Brasil, no trecho pr\u00f3ximo ao Bairro Ladeira.<\/em><\/h4>\n<p style=\"text-align: justify;\"><a href=\"http:\/\/folhadosudeste.com\/site\/wp-content\/uploads\/2021\/11\/whatsapp-image-2021-11-03-at-07.00.23.jpeg\"><img loading=\"lazy\" decoding=\"async\" class=\"alignnone size-full wp-image-78550\" src=\"http:\/\/folhadosudeste.com\/site\/wp-content\/uploads\/2021\/11\/whatsapp-image-2021-11-03-at-07.00.23.jpeg\" alt=\"\" width=\"984\" height=\"554\" srcset=\"https:\/\/folhadosudeste.com\/site\/wp-content\/uploads\/2021\/11\/whatsapp-image-2021-11-03-at-07.00.23.jpeg 984w, https:\/\/folhadosudeste.com\/site\/wp-content\/uploads\/2021\/11\/whatsapp-image-2021-11-03-at-07.00.23-300x169.jpeg 300w, https:\/\/folhadosudeste.com\/site\/wp-content\/uploads\/2021\/11\/whatsapp-image-2021-11-03-at-07.00.23-768x432.jpeg 768w\" sizes=\"auto, (max-width: 984px) 100vw, 984px\" \/><\/a><\/p>\n<p style=\"text-align: justify;\">Carro bate em \u00e1rvore na Avenida Brasil em Juiz de Fora \u2014 Foto: Corpo de Bombeiros\/Divulga\u00e7\u00e3o<\/p>\n<div class=\"mc-column content-text active-extra-styles \" style=\"text-align: justify;\" data-block-type=\"unstyled\" data-block-weight=\"48\" data-block-id=\"2\">\n<p class=\"content-text__container \" data-track-category=\"Link no Texto\" data-track-links=\"\">Uma jovem de 21 anos e outro, de 22, morreram ap\u00f3s o carro em que estavam bater em uma \u00e1rvore no fim da noite de ter\u00e7a-feira (2) em Juiz de Fora. Tamb\u00e9m estavam no carro 2 jovens, de 18 e 21 anos, e um adolescente, de 17.<\/p>\n<\/div>\n<div class=\"wall protected-content\">\n<div class=\"mc-column content-text active-extra-styles \" style=\"text-align: justify;\" data-block-type=\"unstyled\" data-block-weight=\"54\" data-block-id=\"3\">\n<p class=\"content-text__container \" data-track-category=\"Link no Texto\" data-track-links=\"\">Segundo o Corpo de Bombeiros, o acidente ocorreu por volta das 23h50 de ter\u00e7a. O motorista do ve\u00edculo, de 21 anos, relatou que seguia pela Avenida Brasil quando, ao passar pelo desn\u00edvel do cruzamento na Ponte do Ladeira, perdeu o controle da dire\u00e7\u00e3o e rodou na pista, atingindo a cal\u00e7ada e uma \u00e1rvore.<\/p>\n<\/div>\n<div class=\"mc-column content-text active-extra-styles \" style=\"text-align: justify;\" data-block-type=\"unstyled\" data-block-weight=\"35\" data-block-id=\"4\">\n<p class=\"content-text__container \" data-track-category=\"Link no Texto\" data-track-links=\"\">Os militares informaram ainda que o motorista estava fora do ve\u00edculo quando a equipe chegou e n\u00e3o apresentava les\u00f5es aparentes. Ele dispensou o atendimento m\u00e9dico. O adolescente de 17 anos tamb\u00e9m recusou atendimento pr\u00e9-hospitalar.<\/p>\n<\/div>\n<div class=\"mc-column content-text active-extra-styles \" style=\"text-align: justify;\" data-block-type=\"unstyled\" data-block-weight=\"24\" data-block-id=\"5\">\n<p class=\"content-text__container \" data-track-category=\"Link no Texto\" data-track-links=\"\">J\u00e1 o outro ocupante do ve\u00edculo, de 18 anos, foi socorrido pelo Servi\u00e7o de Atendimento M\u00f3vel de Urg\u00eancia (Samu) em estado grave, politraumatizado.<\/p>\n<\/div>\n<\/div>\n<p><!--more--><\/p>\n<div class=\"mc-column content-text active-extra-styles \" style=\"text-align: justify;\" data-block-type=\"unstyled\" data-block-weight=\"30\" data-block-id=\"6\">\n<p class=\"content-text__container \" data-track-category=\"Link no Texto\" data-track-links=\"\">O hospital para o qual o jovem foi levado, assim como o nome dele n\u00e3o foram informados, portanto, n\u00e3o foi poss\u00edvel saber o estado de sa\u00fade atual do ferido.<\/p>\n<\/div>\n<div class=\"mc-column content-text active-extra-styles \" style=\"text-align: justify;\" data-block-type=\"unstyled\" data-block-weight=\"47\" data-block-id=\"7\">\n<p class=\"content-text__container \" data-track-category=\"Link no Texto\" data-track-links=\"\">A Pol\u00edcia Militar (PM) foi acionada e um perito da Pol\u00edcia Civil tamb\u00e9m esteve no local. O&nbsp;<a href=\"https:\/\/g1.globo.com\/mg\/zona-da-mata\/\">g1<\/a>&nbsp;entrou em contato com a PM para saber se o motorista era habilitado, ou se apresentava sinais de embriaguez, mas at\u00e9 a publica\u00e7\u00e3o desta mat\u00e9ria n\u00e3o obteve retorno.<\/p>\n<\/div>\n<div class=\"content-ads content-ads--reveal\" data-block-type=\"ads\" data-block-id=\"8\">\n<div id=\"banner_materia2\" class=\"tag-manager-publicidade-container mc-has-reveal mc-has-ad-lazyload tag-manager-publicidade-banner_materia2 tag-manager-publicidade-container--carregado tag-manager-publicidade-container--visivel\" style=\"text-align: justify;\" data-id=\"banner_materia2\" data-req=\"true\" data-google-query-id=\"CLmE5viX_PMCFbO7lQIdFDQK-g\" data-cid=\"138369461501\" data-lid=\"5806780524\">Fonte: G1\/Zona Da Mata<\/div>\n<\/div>\n","protected":false},"excerpt":{"rendered":"<p>Acidente ocorreu por volta das 23h50 de ter\u00e7a-feira (2) na Avenida Brasil, no trecho pr\u00f3ximo ao Bairro Ladeira. Carro bate em \u00e1rvore na Avenida Brasil em Juiz de Fora \u2014 Foto: Corpo de Bombeiros\/Divulga\u00e7\u00e3o Uma jovem de 21 anos e outro, de 22, morreram ap\u00f3s o carro em que estavam bater em uma \u00e1rvore no [&hellip;]<\/p>\n","protected":false},"author":6,"featured_media":0,"comment_status":"open","ping_status":"closed","sticky":false,"template":"","format":"standard","meta":{"_joinchat":[],"footnotes":""},"categories":[1],"tags":[],"class_list":["post-78549","post","type-post","status-publish","format-standard","hentry","category-sem-categoria"],"_links":{"self":[{"href":"https:\/\/folhadosudeste.com\/site\/index.php?rest_route=\/wp\/v2\/posts\/78549","targetHints":{"allow":["GET"]}}],"collection":[{"href":"https:\/\/folhadosudeste.com\/site\/index.php?rest_route=\/wp\/v2\/posts"}],"about":[{"href":"https:\/\/folhadosudeste.com\/site\/index.php?rest_route=\/wp\/v2\/types\/post"}],"author":[{"embeddable":true,"href":"https:\/\/folhadosudeste.com\/site\/index.php?rest_route=\/wp\/v2\/users\/6"}],"replies":[{"embeddable":true,"href":"https:\/\/folhadosudeste.com\/site\/index.php?rest_route=%2Fwp%2Fv2%2Fcomments&post=78549"}],"version-history":[{"count":1,"href":"https:\/\/folhadosudeste.com\/site\/index.php?rest_route=\/wp\/v2\/posts\/78549\/revisions"}],"predecessor-version":[{"id":78551,"href":"https:\/\/folhadosudeste.com\/site\/index.php?rest_route=\/wp\/v2\/posts\/78549\/revisions\/78551"}],"wp:attachment":[{"href":"https:\/\/folhadosudeste.com\/site\/index.php?rest_route=%2Fwp%2Fv2%2Fmedia&parent=78549"}],"wp:term":[{"taxonomy":"category","embeddable":true,"href":"https:\/\/folhadosudeste.com\/site\/index.php?rest_route=%2Fwp%2Fv2%2Fcategories&post=78549"},{"taxonomy":"post_tag","embeddable":true,"href":"https:\/\/folhadosudeste.com\/site\/index.php?rest_route=%2Fwp%2Fv2%2Ftags&post=78549"}],"curies":[{"name":"wp","href":"https:\/\/api.w.org\/{rel}","templated":true}]}}